{"id":451794,"date":"2025-10-10T05:51:12","date_gmt":"2025-10-10T05:51:12","guid":{"rendered":"https:\/\/www.europesays.com\/fr\/451794\/"},"modified":"2025-10-10T05:51:12","modified_gmt":"2025-10-10T05:51:12","slug":"jai-meme-eu-des-poussees-deczema-quand-larrivee-des-etudiants-a-paris-se-fait-dans-la-douleur","status":"publish","type":"post","link":"https:\/\/www.europesays.com\/fr\/451794\/","title":{"rendered":"\u00ab\u00a0J\u2019ai m\u00eame eu des pouss\u00e9es d\u2019ecz\u00e9ma\u00a0\u00bb\u00a0: quand l\u2019arriv\u00e9e des \u00e9tudiants \u00e0 Paris se fait dans la douleur"},"content":{"rendered":"<p class=\"paragraph text_align_left lp-f-body-02\">Une mention Bien plus tard, l\u2019adolescent regarde, f\u00e9brile, les r\u00e9sultats d\u2019admission sur la plate-forme <a href=\"https:\/\/www.leparisien.fr\/societe\/parcoursup-pres-de-10-des-lyceens-toujours-en-attente-dune-reponse-10-07-2025-GGS5D4HGKJC7THLKFY4EEDYEAY.php\" target=\"_self\" rel=\"noopener\">Parcoursup<\/a> : il est pris, il pourra int\u00e9grer la Sorbonne. \u00ab Au d\u00e9but, j\u2019\u00e9tais super content, puis j\u2019ai r\u00e9alis\u00e9 que c\u2019\u00e9tait r\u00e9el, j\u2019allais vivre \u00e0 Paris. \u00bb En septembre, le jeune homme a alors quitt\u00e9 sa famille, ses amis d\u2019enfance, sa copine, les montagnes et la Haute-Savoie pour rejoindre la capitale, un sac sur l\u2019\u00e9paule.<\/p>\n","protected":false},"excerpt":{"rendered":"Une mention Bien plus tard, l\u2019adolescent regarde, f\u00e9brile, les r\u00e9sultats d\u2019admission sur la plate-forme Parcoursup : il est&hellip;\n","protected":false},"author":2,"featured_media":451795,"comment_status":"","ping_status":"","sticky":false,"template":"","format":"standard","meta":{"footnotes":""},"categories":[1888],"tags":[11,1777,674,1011,27,2684,1944,12,626,25],"class_list":{"0":"post-451794","1":"post","2":"type-post","3":"status-publish","4":"format-standard","5":"has-post-thumbnail","7":"category-paris","8":"tag-actualites","9":"tag-eu","10":"tag-europe","11":"tag-fr","12":"tag-france","13":"tag-le-parisien-etudiant","14":"tag-ma-ville","15":"tag-news","16":"tag-paris","17":"tag-republique-francaise"},"share_on_mastodon":{"url":"https:\/\/pubeurope.com\/@fr\/115348313466990171","error":""},"_links":{"self":[{"href":"https:\/\/www.europesays.com\/fr\/wp-json\/wp\/v2\/posts\/451794","targetHints":{"allow":["GET"]}}],"collection":[{"href":"https:\/\/www.europesays.com\/fr\/wp-json\/wp\/v2\/posts"}],"about":[{"href":"https:\/\/www.europesays.com\/fr\/wp-json\/wp\/v2\/types\/post"}],"author":[{"embeddable":true,"href":"https:\/\/www.europesays.com\/fr\/wp-json\/wp\/v2\/users\/2"}],"replies":[{"embeddable":true,"href":"https:\/\/www.europesays.com\/fr\/wp-json\/wp\/v2\/comments?post=451794"}],"version-history":[{"count":0,"href":"https:\/\/www.europesays.com\/fr\/wp-json\/wp\/v2\/posts\/451794\/revisions"}],"wp:featuredmedia":[{"embeddable":true,"href":"https:\/\/www.europesays.com\/fr\/wp-json\/wp\/v2\/media\/451795"}],"wp:attachment":[{"href":"https:\/\/www.europesays.com\/fr\/wp-json\/wp\/v2\/media?parent=451794"}],"wp:term":[{"taxonomy":"category","embeddable":true,"href":"https:\/\/www.europesays.com\/fr\/wp-json\/wp\/v2\/categories?post=451794"},{"taxonomy":"post_tag","embeddable":true,"href":"https:\/\/www.europesays.com\/fr\/wp-json\/wp\/v2\/tags?post=451794"}],"curies":[{"name":"wp","href":"https:\/\/api.w.org\/{rel}","templated":true}]}}