{"id":451796,"date":"2025-10-10T05:52:12","date_gmt":"2025-10-10T05:52:12","guid":{"rendered":"https:\/\/www.europesays.com\/fr\/451796\/"},"modified":"2025-10-10T05:52:12","modified_gmt":"2025-10-10T05:52:12","slug":"a-paris-ca-chauffe-entre-le-roi-du-poulet-et-les-riverains-de-la-porte-doree-deja-envahis-par-les-odeurs-de-friture","status":"publish","type":"post","link":"https:\/\/www.europesays.com\/fr\/451796\/","title":{"rendered":"\u00c0 Paris, \u00e7a chauffe entre le roi du poulet et les riverains de la Porte dor\u00e9e \u00ab\u00a0d\u00e9j\u00e0 envahis par les odeurs de friture\u00a0\u00bb"},"content":{"rendered":"<p class=\"paragraph text_align_left lp-f-body-02\">Le conflit est mont\u00e9 d\u2019un cran et se joue d\u00e9sormais par courriers d\u2019avocats interpos\u00e9s. Les riverains de la Porte dor\u00e9e (<a href=\"https:\/\/www.leparisien.fr\/paris-75\/paris-75012\/\" target=\"_blank\" rel=\"noreferrer nofollow noopener\">XIIe<\/a>), mobilis\u00e9s depuis la fin ao\u00fbt pour emp\u00eacher l\u2019installation d\u2019un Master poulet, continuent d\u2019engranger des signatures contre ce cinqui\u00e8me fast-food qui semble prendre possession des lieux en catimini. Et surtout, selon eux, sans respecter le code de l\u2019urbanisme.<\/p>\n","protected":false},"excerpt":{"rendered":"Le conflit est mont\u00e9 d\u2019un cran et se joue d\u00e9sormais par courriers d\u2019avocats interpos\u00e9s. Les riverains de la&hellip;\n","protected":false},"author":2,"featured_media":451797,"comment_status":"","ping_status":"","sticky":false,"template":"","format":"standard","meta":{"footnotes":""},"categories":[1888],"tags":[11,1777,674,1011,27,1944,12,626,25],"class_list":{"0":"post-451796","1":"post","2":"type-post","3":"status-publish","4":"format-standard","5":"has-post-thumbnail","7":"category-paris","8":"tag-actualites","9":"tag-eu","10":"tag-europe","11":"tag-fr","12":"tag-france","13":"tag-ma-ville","14":"tag-news","15":"tag-paris","16":"tag-republique-francaise"},"share_on_mastodon":{"url":"https:\/\/pubeurope.com\/@fr\/115348317390147399","error":""},"_links":{"self":[{"href":"https:\/\/www.europesays.com\/fr\/wp-json\/wp\/v2\/posts\/451796","targetHints":{"allow":["GET"]}}],"collection":[{"href":"https:\/\/www.europesays.com\/fr\/wp-json\/wp\/v2\/posts"}],"about":[{"href":"https:\/\/www.europesays.com\/fr\/wp-json\/wp\/v2\/types\/post"}],"author":[{"embeddable":true,"href":"https:\/\/www.europesays.com\/fr\/wp-json\/wp\/v2\/users\/2"}],"replies":[{"embeddable":true,"href":"https:\/\/www.europesays.com\/fr\/wp-json\/wp\/v2\/comments?post=451796"}],"version-history":[{"count":0,"href":"https:\/\/www.europesays.com\/fr\/wp-json\/wp\/v2\/posts\/451796\/revisions"}],"wp:featuredmedia":[{"embeddable":true,"href":"https:\/\/www.europesays.com\/fr\/wp-json\/wp\/v2\/media\/451797"}],"wp:attachment":[{"href":"https:\/\/www.europesays.com\/fr\/wp-json\/wp\/v2\/media?parent=451796"}],"wp:term":[{"taxonomy":"category","embeddable":true,"href":"https:\/\/www.europesays.com\/fr\/wp-json\/wp\/v2\/categories?post=451796"},{"taxonomy":"post_tag","embeddable":true,"href":"https:\/\/www.europesays.com\/fr\/wp-json\/wp\/v2\/tags?post=451796"}],"curies":[{"name":"wp","href":"https:\/\/api.w.org\/{rel}","templated":true}]}}