{"id":451798,"date":"2025-10-10T05:53:13","date_gmt":"2025-10-10T05:53:13","guid":{"rendered":"https:\/\/www.europesays.com\/fr\/451798\/"},"modified":"2025-10-10T05:53:13","modified_gmt":"2025-10-10T05:53:13","slug":"direct-guerre-en-ukraine-pour-volodymyr-zelensky-donald-trump-meritera-le-nobel-de-la-paix-sil-obtient-un-cessez-le-feu-avec-la-russie","status":"publish","type":"post","link":"https:\/\/www.europesays.com\/fr\/451798\/","title":{"rendered":"DIRECT. Guerre en Ukraine\u00a0: pour Volodymyr Zelensky, Donald Trump m\u00e9ritera le Nobel de la Paix\u2026 s\u2019il obtient un cessez-le-feu avec la Russie"},"content":{"rendered":"<p>Des explosions, des \u00e9vacuations dans certaines r\u00e9gions ukrainiennes, et une fois encore, des attaques de drones russes qui causent de s\u00e9rieux d\u00e9g\u00e2ts sur les infrastructures \u00e9nerg\u00e9tiques.\u00a0L\u2019arm\u00e9e de l\u2019air a fait \u00e9tat sur Telegram d\u2019une \u00ab\u00a0attaque ennemie aux missiles balistiques et d\u2019une attaque massive de drones d\u2019attaque\u00a0\u00bb, appelant la population \u00e0 rester dans des abris. La D\u00e9p\u00eache du Midi vous propose de suivre toute l\u2019actualit\u00e9 autour de la guerre en Ukraine dans ce direct.<\/p>\n<p>07h39.La Russie accuse l&rsquo;Ukraine d&rsquo;avoir provoqu\u00e9 un rejet d&rsquo;ammoniac sur le front est<\/p>\n<p class=\"live-post__amorce\">La Russie a accus\u00e9 jeudi l&rsquo;arm\u00e9e ukrainienne d&rsquo;avoir d\u00e9truit une conduite transportant de l&rsquo;ammoniac et ainsi provoqu\u00e9 des rejets de ce gaz toxique utilis\u00e9 dans l&rsquo;industrie et l&rsquo;agriculture, dans le but de freiner la progression des troupes russes dans la partie orientale de l&rsquo;Ukraine. Selon le minist\u00e8re russe de la D\u00e9fense, cet incident s&rsquo;est produit jeudi \u00e0 2,5 kilom\u00e8tres \u00e0 l&rsquo;est de la localit\u00e9 de Roussin Iar, dans la r\u00e9gion de Donetsk, que traverse une telle canalisation reliant la ville russe de Togliatti \u00e0 celle ukrainienne d&rsquo;Odessa.<\/p>\n<p>07h39.Donald Trump affirme qu&rsquo;il \u00ab\u00a0augmente la pression\u00a0\u00bb pour mettre fin au conflit en Ukraine<\/p>\n<p class=\"live-post__amorce\">Donald Trump a affirm\u00e9 jeudi qu&rsquo;il \u00ab\u00a0augmentait la pression\u00a0\u00bb pour mettre fin au conflit en Ukraine, o\u00f9 la guerre d\u00e9clench\u00e9e par l&rsquo;invasion russe continue malgr\u00e9 ses gestes envers le pr\u00e9sident russe Vladimir Poutine. \u00ab\u00a0Oui on augmente la pression. On l&rsquo;augmente ensemble\u00a0\u00bb, a r\u00e9pondu le pr\u00e9sident am\u00e9ricain \u00e0 la presse dans le Bureau Ovale en recevant le pr\u00e9sident finlandais Alexander Stubb. \u00ab\u00a0On augmente tous la pression. L&rsquo;OTAN a \u00e9t\u00e9 g\u00e9niale\u00a0\u00bb.<\/p>\n<p>07h38.Un enfant de 7 ans tu\u00e9 dans une frappe russe sur Zaporijjia<\/p>\n<p class=\"live-post__amorce\">Un enfant de 7 ans est mort \u00e0 la suite de frappes russes durant la nuit de jeudi \u00e0 vendredi sur la r\u00e9gion de Zaporijjia, dans le centre de l&rsquo;Ukraine, a annonc\u00e9 le gouverneur local, Ivan Fedorov. \u00ab\u00a0Nouvelle tragique, un gar\u00e7on de 7 ans bless\u00e9 dans une attaque nocturne russe est mort \u00e0 l&rsquo;h\u00f4pital\u00a0\u00bb sans avoir pu \u00eatre r\u00e9anim\u00e9, a indiqu\u00e9 sur  Telegram  ce responsable, qui a par ailleurs fait \u00e9tat de trois bless\u00e9s.<\/p>\n<p>07h31.Pour Zelensky, Donald Trump m\u00e9ritera le prix Nobel de la Paix lorsqu&rsquo;il aura obtenu un cessez-le-feu de la part de la Russie<\/p>\n<p class=\"live-post__amorce\">\u00ab\u00a0Si Trump donne au monde \u2013 et surtout au peuple ukrainien \u2013 la chance d\u2019un tel cessez-le-feu, alors oui, il devrait \u00eatre nomin\u00e9 pour le prix Nobel de la paix. Nous le nommerons au nom de l\u2019Ukraine\u00a0\u00bb, a comment\u00e9 le pr\u00e9sident ukrainien ce jeudi, deux jours avant l&rsquo;annonce du laur\u00e9at de cette ann\u00e9e, qui aurait d\u00fb \u00eatre s\u00e9lectionn\u00e9 plus t\u00f4t cet automne, rapporte Reuters.<\/p>\n<p>07h31.Une d\u00e9l\u00e9gation ukrainienne attendue aux \u00c9tats-Unis<\/p>\n<p class=\"live-post__amorce\">Une d\u00e9l\u00e9gation ukrainienne conduite par la Premi\u00e8re ministre Ioulia Svyrydenko doit se rendre \u00ab\u00a0en d\u00e9but de semaine\u00a0\u00bb aux Etats-Unis pour \u00e9voquer notamment la question de l&rsquo;\u00e9nergie et de la d\u00e9fense anti-a\u00e9rienne face l&rsquo;intensification des frappes russes, selon Volodymyr Zelensky.<\/p>\n<p>07h27.D&rsquo;intenses bombardements russes dans la r\u00e9gion de Kiev, une coupure d&rsquo;\u00e9lectricit\u00e9 partielle dans la capitale<\/p>\n<p class=\"live-post__amorce\">La capitale ukrainienne a une nouvelle fois \u00e9t\u00e9 la cible d&rsquo;une attaque russe d&rsquo;ampleur dans la nuit de jeudi \u00e0 vendredi, qui a provoqu\u00e9 une coupure de courant dans le secteur est de la ville, ont annonc\u00e9 les autorit\u00e9s locales. Des journalistes \u00e0 Kiev ont entendu de nombreuses explosions ainsi que le vrombissement de drones d&rsquo;attaque. L&rsquo;arm\u00e9e de l&rsquo;air a fait \u00e9tat sur  Telegram  d&rsquo;une \u00ab\u00a0attaque ennemie aux missiles balistiques et d&rsquo;une attaque massive de drones d&rsquo;attaque\u00a0\u00bb, appelant la population \u00e0 rester dans des abris. \u00c0 l&rsquo;\u00e9chelle du pays, \u00ab\u00a0les Russes infligent des frappes massives \u00e0 l&rsquo;infrastructure \u00e9nerg\u00e9tique ukrainienne\u00a0\u00bb, a par ailleurs indiqu\u00e9 le minist\u00e8re de l&rsquo;Energie sur Facebook.<\/p>\n<p>07h27.Bonjour et bienvenue dans ce direct<\/p>\n<p class=\"live-post__amorce\"> La D\u00e9p\u00eache du Midi  vous propose de suivre toute l&rsquo;actualit\u00e9 autour de la guerre en Ukraine dans ce direct.<\/p>\n","protected":false},"excerpt":{"rendered":"Des explosions, des \u00e9vacuations dans certaines r\u00e9gions ukrainiennes, et une fois encore, des attaques de drones russes qui&hellip;\n","protected":false},"author":2,"featured_media":451799,"comment_status":"","ping_status":"","sticky":false,"template":"","format":"standard","meta":{"footnotes":""},"categories":[1591],"tags":[11,1887,12,1885,1886,132],"class_list":{"0":"post-451798","1":"post","2":"type-post","3":"status-publish","4":"format-standard","5":"has-post-thumbnail","7":"category-russie","8":"tag-actualites","9":"tag-federation-de-russie","10":"tag-news","11":"tag-russia","12":"tag-russian-federation","13":"tag-russie"},"share_on_mastodon":{"url":"https:\/\/pubeurope.com\/@fr\/115348321393957486","error":""},"_links":{"self":[{"href":"https:\/\/www.europesays.com\/fr\/wp-json\/wp\/v2\/posts\/451798","targetHints":{"allow":["GET"]}}],"collection":[{"href":"https:\/\/www.europesays.com\/fr\/wp-json\/wp\/v2\/posts"}],"about":[{"href":"https:\/\/www.europesays.com\/fr\/wp-json\/wp\/v2\/types\/post"}],"author":[{"embeddable":true,"href":"https:\/\/www.europesays.com\/fr\/wp-json\/wp\/v2\/users\/2"}],"replies":[{"embeddable":true,"href":"https:\/\/www.europesays.com\/fr\/wp-json\/wp\/v2\/comments?post=451798"}],"version-history":[{"count":0,"href":"https:\/\/www.europesays.com\/fr\/wp-json\/wp\/v2\/posts\/451798\/revisions"}],"wp:featuredmedia":[{"embeddable":true,"href":"https:\/\/www.europesays.com\/fr\/wp-json\/wp\/v2\/media\/451799"}],"wp:attachment":[{"href":"https:\/\/www.europesays.com\/fr\/wp-json\/wp\/v2\/media?parent=451798"}],"wp:term":[{"taxonomy":"category","embeddable":true,"href":"https:\/\/www.europesays.com\/fr\/wp-json\/wp\/v2\/categories?post=451798"},{"taxonomy":"post_tag","embeddable":true,"href":"https:\/\/www.europesays.com\/fr\/wp-json\/wp\/v2\/tags?post=451798"}],"curies":[{"name":"wp","href":"https:\/\/api.w.org\/{rel}","templated":true}]}}