{"id":451810,"date":"2025-10-10T05:59:15","date_gmt":"2025-10-10T05:59:15","guid":{"rendered":"https:\/\/www.europesays.com\/fr\/451810\/"},"modified":"2025-10-10T05:59:15","modified_gmt":"2025-10-10T05:59:15","slug":"vanessa-paradis-son-fils-jack-a-eu-une-histoire-avec-un-mannequin-aussi-musicienne-amie-de-sa-soeur-lily-rose-depp","status":"publish","type":"post","link":"https:\/\/www.europesays.com\/fr\/451810\/","title":{"rendered":"Vanessa Paradis : Son fils Jack a eu une histoire avec un mannequin aussi musicienne, amie de sa s\u0153ur Lily-Rose Depp"},"content":{"rendered":"<p>            <img loading=\"lazy\" decoding=\"async\" src=\"https:\/\/www.europesays.com\/fr\/wp-content\/uploads\/2025\/04\/145-6602e1ce8ddc4-35x35-1.jpg\" class=\"author-article-picture\" width=\"35\" height=\"35\"\/><\/p>\n<p>                Par<br \/>\n                                    <a class=\"author-article-bio-link\" href=\"https:\/\/www.purepeople.com\/auteur\/lucie-gosselin_a145\" rel=\"nofollow noopener\" target=\"_blank\">Lucie Gosselin<\/a><br \/>\n                                                    | R\u00e9dactrice<\/p>\n<p>\n                Journaliste passionn\u00e9e, depuis plus de 10 ans, je r\u00e9alise des enqu\u00eates, des portraits, des reportages ou des interviews.\n            <\/p>\n<p>\n    Vanessa Paradis et Johnny Depp ont form\u00e9 l\u2019un des couples iconiques d\u2019Hollywood avant de se s\u00e9parer en 2012, apr\u00e8s 14 ans de vie commune. Ensemble, les stars franco-am\u00e9ricaines ont eu deux enfants : Lily-Rose Depp et Jack Depp. Si la fille de l\u2019ex-couple a choisi de s\u2019exposer en devenant mannequin et actrice, le fils a toujours pr\u00e9f\u00e9r\u00e9 rester dans l\u2019ombre. Aujourd\u2019hui, le jeune homme de 23 ans attire pourtant l\u2019attention avec sa participation surprise au tout nouvel album de sa m\u00e8re. Retour sur son histoire d&rsquo;amour avec une artiste frenchie !\n<\/p>\n<p>                            <img loading=\"lazy\" decoding=\"async\" class=\"player-thumbnail\" src=\"https:\/\/www.europesays.com\/fr\/wp-content\/uploads\/2025\/10\/b10d7e273593d610-580x326-2.jpg\" width=\"580\" height=\"326\"\/><\/p>\n<p>                    Vanessa Paradis : Son fils Jack a eu une histoire avec un mannequin aussi musicienne, amie de sa s\u0153ur Lily-Rose Depp<\/p>\n<p>La suite apr\u00e8s la publicit\u00e9<\/p>\n<p>La c\u00e9l\u00e9brit\u00e9 ne fait pas r\u00eaver tout le monde. Preuve en est avec <a href=\"https:\/\/www.purepeople.com\/article\/apres-23-ans-de-discretion-jack-depp-le-fils-de-vanessa-paradis-et-johnny-depp-va-sortir-de-lombre_a539323\/1\" rel=\"nofollow noopener\" target=\"_blank\">Jack Depp, le fils cadet<\/a> des c\u00e9l\u00e8bres artistes <a href=\"https:\/\/www.purepeople.com\/people\/johnny-depp_p46\" rel=\"nofollow noopener\" target=\"_blank\">Johnny Depp<\/a> et <a href=\"https:\/\/www.purepeople.com\/people\/vanessa-paradis_p221\" rel=\"nofollow noopener\" target=\"_blank\">Vanessa Paradis<\/a>, qui m\u00e8ne une vie \u00e0 contre-courant de celles de ses parents. Aujourd\u2019hui \u00e2g\u00e9 de 23 ans, le petit fr\u00e8re de Lily-Rose Depp, fait toutefois un minuscule pas vers le milieu artistique o\u00f9 baigne sa famille. En effet, ce 10 octobre 2025, le grand public d\u00e9couvrira Jack Depp sous une facette diff\u00e9rente avec <a href=\"https:\/\/www.purepeople.com\/article\/lily-rose-et-jack-sur-le-nouvel-album-de-leur-maman-vanessa-paradis-la-chanteuse-se-justifie-je-ne-lai-pas-fait-expres-ce-netait-pas-un-but_a541982\/1\" rel=\"nofollow noopener\" target=\"_blank\">la sortie du huiti\u00e8me album de Vanessa Paradis<\/a>, intitul\u00e9 Le retour des beaux jours.<\/p>\n<p>Le temps d\u2019une chanson, <strong>Jack Depp, <\/strong><a href=\"https:\/\/www.purepeople.com\/article\/ca-minspire-vanessa-paradis-evoque-lun-des-talents-de-son-fils-quon-voit-si-peu-jack-depp_a542152\/1\" rel=\"nofollow noopener\" target=\"_blank\">compositeur et guitariste \u00e0 ses heures<\/a><strong>, sort de l\u2019ombre et co-signe le titre <\/strong><strong>Elements<\/strong>. Une joie pour <a href=\"https:\/\/www.purepeople.com\/article\/quest-ce-quelle-a-pris-cher-a-plus-de-50-ans-vanessa-paradis-sait-quune-de-ses-habitudes-passe-moins-facilement-quavant_a541567\/1\" rel=\"nofollow noopener\" target=\"_blank\">la chanteuse de 52 ans<\/a> qui appr\u00e9cie travailler entour\u00e9e de ceux qu&rsquo;elle aime. Sa fille <strong>Lily-Rose Depp a \u00e9galement \u00e9crit le texte de la chanson <\/strong><strong>I Am Alive<\/strong> et son ami de longue date <a href=\"https:\/\/www.purepeople.com\/people\/etienne-daho_p1018\" rel=\"nofollow noopener\" target=\"_blank\">Etienne Daho<\/a> a r\u00e9alis\u00e9 l\u2019album. \u00a0<\/p>\n<p>Tr\u00e8s proche de sa maman, il l&rsquo;avait accompagn\u00e9e \u00e0 la mairie <a href=\"https:\/\/www.purepeople.com\/article\/vanessa-paradis-mariee-retro-et-samuel-benchetrit-rayonnants-a-leur-mariage_a293602\/1\" rel=\"nofollow noopener\" target=\"_blank\">lors de son mariage avec Samuel Benchetrit <\/a>en 2018, <strong>Jack Depp<\/strong> <strong>ne peut nier avoir h\u00e9rit\u00e9 du go\u00fbt de sa m\u00e8re pour la musique<\/strong>. C\u2019est d\u2019ailleurs pour une jeune et jolie musicienne qu&rsquo;il aurait craqu\u00e9 durant la crise Covid de 2020\u2026\u00a0<br \/>\u00a0<\/p>\n<p>Jack Depp et son histoire avec Camille Jansen<br \/>\u00a0<\/p>\n<p>\u201cHappy birthday my love\u201d : soit <strong>\u201cJoyeux anniversaire mon amour\u201d<\/strong> en fran\u00e7ais. <strong>Avec cette simple l\u00e9gende agr\u00e9mentant une photo personnelle post\u00e9e sur Instagram par Camille Jansen, tout \u00e9tait dit<\/strong>. Sur le clich\u00e9 dat\u00e9 du 9 avril 2020, jour o\u00f9 <a href=\"https:\/\/www.purepeople.com\/article\/jack-depp-a-18-ans-lily-rose-devoile-une-rare-photo-de-son-frere-canon_a383636\/1\" rel=\"nofollow noopener\" target=\"_blank\">Jack Depp f\u00eatait ses 18 ans<\/a>, le jeune homme apparait enlac\u00e9 dans les bras de la jeune femme, bob noir viss\u00e9 sur le cr\u00e2ne et le sourire satisfait. Un souvenir de soir\u00e9e, \u00e0 priori, que Jack Depp avait repost\u00e9 sur son propre compte Instagram en le commentant \u00e0 son tour de trois \u00e9mojis c\u0153ur.\u00a0Des symboles qui laissent peu de doute quant \u00e0 la nature de leur relation&#8230;<br \/>\u00a0<\/p>\n<p>Amie de <a href=\"https:\/\/www.purepeople.com\/people\/lily-rose-melody-depp_p541713\" rel=\"nofollow noopener\" target=\"_blank\">Lily-Rose Depp<\/a>, <strong>Camille Jansen a deux ans de plus que Jack Depp et vit entre Los Angeles et Paris<\/strong>. Un point commun avec le fils de stars qui a pass\u00e9 son enfance dans le Var, au Plan-de-la-Tour, a fait son lyc\u00e9e \u00e0 Los Angeles et habite d\u00e9sormais \u00e0 Paris. <strong>Fan de Bob Dylan et de Leonard Cohen, Camille Jansen compose principalement au piano et \u00e0 la guitare et chante d\u2019une voix tr\u00e8s sixties<\/strong>, parfaite pour son style de musique plut\u00f4t folk. La jeune artiste qui \u00e9crit en fran\u00e7ais et en anglais a sorti un album, The Loose Screws en 2024, et \u00e9tait en concert en septembre 2025 sur la sc\u00e8ne parisienne du Trabendo avec l\u2019artiste Maria Benz.<\/p>\n<p>Talentueuse, la blonde aux yeux verts, mesurant 1 m\u00e8tre 65, est \u00e9galement une mannequin de l&rsquo;agence Next Management. Aper\u00e7ue au d\u00e9fil\u00e9 Chlo\u00e9 Printemps-\u00c9t\u00e9 2026, \u00e0 <a href=\"https:\/\/www.purepeople.com\/article\/apparition-surprise-de-meghan-markle-a-paris-entre-defile-pour-la-fashion-week-et-diner-dans-un-tres-chic-quartier_a543256\/1\" rel=\"nofollow noopener\" target=\"_blank\">la fashion week de Paris<\/a> le 5 octobre dernier, elle a r\u00e9cemment pris la pose pour la campagne de la marque The Kooples, a fait la couverture du magazine L\u2019Officiel et a \u00e9t\u00e9 photographi\u00e9e portant du Vaillant, <a href=\"https:\/\/www.purepeople.com\/article\/anne-roumanoff-sa-fille-alice-vaillant-a-choisi-une-autre-voie-que-sa-maman-et-connait-elle-aussi-un-tres-grand-succes-les-stars-se-larrachent_a542782\/1\" rel=\"nofollow noopener\" target=\"_blank\">la griffe de la fille d\u2019Anne Roumanoff que les stars s\u2019arrachent<\/a>. \u00a0 \u00a0\u00a0<br \/>\u00a0<\/p>\n<p>Sur plusieurs clich\u00e9s partag\u00e9s sur les r\u00e9seaux sociaux, <strong>Camille Jansen et Jack Depp sont apparus tr\u00e8s complices<\/strong>. Que ce soit partageant un repas au restaurant, ou prenant la pose allong\u00e9s en pleine nuit dans une rue d\u00e9serte.<\/p>\n<p>L&rsquo;idylle de son fils Jack Depp avec Camille Jansen aurait pris fin<br \/>\u00a0<\/p>\n<p>Mais, l\u2019histoire n\u2019aurait semble-t-il pas dur\u00e9 longtemps. \u00c0 en croire l\u2019absence de clich\u00e9s r\u00e9cents et les commentaires des internautes, <strong>Camille Jansen et Jack Depp ne seraient plus ensemble<\/strong>. Chacun fait chemin \u00e0 part&#8230;. Jack Depp a notamment \u00e9t\u00e9 un simple employ\u00e9 \u00e0 L\u2019Area, un restaurant libanais situ\u00e9 dans le quartier de la Bastille \u00e0 Paris. Loin des caprices d\u2019enfants de stars, <strong>le jeune homme aurait travaill\u00e9 deux ans derri\u00e8re le bar et dans les cuisines <\/strong>de l\u2019\u00e9tablissement. <a href=\"https:\/\/www.purepeople.com\/article\/cetait-un-bon-employe-jack-depp-le-fils-de-vanessa-paradis-et-johnny-depp-mene-une-vie-ordinaire-loin-des-projecteurs_a539481\/1\" rel=\"nofollow noopener\" target=\"_blank\">\u00ab\u00a0Jack est un type formidable ; il se tient \u00e0 l\u2019\u00e9cart des feux de la rampe\u00a0\u00bb<\/a>, avait expliqu\u00e9 le propri\u00e9taire de l\u2019\u00e9tablissement, Edouard Chueke, au Daily Mail. Jack Depp aurait quitt\u00e9 son poste en d\u00e9cembre 2024, mais pourrait bien revenir \u00e0 la restauration prochainement.<br \/>\u00a0<\/p>\n<p><strong>\u201cC\u2019est la personne la plus cool qui soit\u201d<\/strong><strong>, lan\u00e7ait Lily-Rose Depp au sujet de son fr\u00e8re<\/strong> dans le magazine Interview en 2024.\u00a0\u00ab\u00a0Jack n&rsquo;a montr\u00e9 aucun d\u00e9sir de devenir acteur\u00a0\u00bb, pr\u00e9cisait Johnny Depp \u00e0 Insider en 2014.\u00a0Et \u00e0 cela s&rsquo;ajoute aujourd&rsquo;hui sa collaboration musicale avec sa maman. Que demander de plus ?\u00a0<\/p>\n<p>\u00a0<\/p>\n","protected":false},"excerpt":{"rendered":"Par Lucie Gosselin | R\u00e9dactrice Journaliste passionn\u00e9e, depuis plus de 10 ans, je r\u00e9alise des enqu\u00eates, des portraits,&hellip;\n","protected":false},"author":2,"featured_media":451811,"comment_status":"","ping_status":"","sticky":false,"template":"","format":"standard","meta":{"footnotes":""},"categories":[1586],"tags":[11,1777,674,1779,1011,27,12,25,1778,364],"class_list":{"0":"post-451810","1":"post","2":"type-post","3":"status-publish","4":"format-standard","5":"has-post-thumbnail","7":"category-europe","8":"tag-actualites","9":"tag-eu","10":"tag-europe","11":"tag-european-union","12":"tag-fr","13":"tag-france","14":"tag-news","15":"tag-republique-francaise","16":"tag-ue","17":"tag-union-europeenne"},"share_on_mastodon":{"url":"https:\/\/pubeurope.com\/@fr\/115348345196066676","error":""},"_links":{"self":[{"href":"https:\/\/www.europesays.com\/fr\/wp-json\/wp\/v2\/posts\/451810","targetHints":{"allow":["GET"]}}],"collection":[{"href":"https:\/\/www.europesays.com\/fr\/wp-json\/wp\/v2\/posts"}],"about":[{"href":"https:\/\/www.europesays.com\/fr\/wp-json\/wp\/v2\/types\/post"}],"author":[{"embeddable":true,"href":"https:\/\/www.europesays.com\/fr\/wp-json\/wp\/v2\/users\/2"}],"replies":[{"embeddable":true,"href":"https:\/\/www.europesays.com\/fr\/wp-json\/wp\/v2\/comments?post=451810"}],"version-history":[{"count":0,"href":"https:\/\/www.europesays.com\/fr\/wp-json\/wp\/v2\/posts\/451810\/revisions"}],"wp:featuredmedia":[{"embeddable":true,"href":"https:\/\/www.europesays.com\/fr\/wp-json\/wp\/v2\/media\/451811"}],"wp:attachment":[{"href":"https:\/\/www.europesays.com\/fr\/wp-json\/wp\/v2\/media?parent=451810"}],"wp:term":[{"taxonomy":"category","embeddable":true,"href":"https:\/\/www.europesays.com\/fr\/wp-json\/wp\/v2\/categories?post=451810"},{"taxonomy":"post_tag","embeddable":true,"href":"https:\/\/www.europesays.com\/fr\/wp-json\/wp\/v2\/tags?post=451810"}],"curies":[{"name":"wp","href":"https:\/\/api.w.org\/{rel}","templated":true}]}}