{"id":451820,"date":"2025-10-10T06:05:15","date_gmt":"2025-10-10T06:05:15","guid":{"rendered":"https:\/\/www.europesays.com\/fr\/451820\/"},"modified":"2025-10-10T06:05:15","modified_gmt":"2025-10-10T06:05:15","slug":"les-5-infos-rugby-quil-ne-fallait-pas-louper-ce-jeudi","status":"publish","type":"post","link":"https:\/\/www.europesays.com\/fr\/451820\/","title":{"rendered":"Les 5 infos rugby qu&rsquo;il ne fallait pas louper ce jeudi"},"content":{"rendered":"<p>            Par<br \/>\n        <strong><br \/>\n            <a href=\"https:\/\/actu.fr\/auteur\/emilie-dudonfournier\" title=\"Consulter tous les articles de Emilie Dudon-Fournier\" target=\"_blank\" rel=\"noopener\">Emilie Dudon-Fournier<\/a><br \/>\n        <\/strong><\/p>\n<p>        Publi\u00e9 le<\/p>\n<p>            9 oct. 2025 \u00e0 17h27        <\/p>\n<p>Il se passe toujours quelque chose, quelque part, sur la plan\u00e8te rugby.\u00a0<a href=\"https:\/\/actu.fr\/rugby\/\" target=\"_blank\" rel=\"noopener\">Actu Rugby\u00a0<\/a>vous \u00e9vite de passer des heures \u00e0 scroller sur tous les sites pour \u00eatre au parfum de toutes les infos \u00e0 retenir de ce jeudi 9 octobre. C\u2019est parti\u2009!<\/p>\n<p>LNR : Marty et Dupuy convoqu\u00e9s, Bru averti<\/p>\n<p class=\" wall-content\">La commission de discipline de la LNR a cit\u00e9 <strong>David Marty <\/strong>\u00e0 compara\u00eetre le 15 octobre pour son comportement lors du match contre le Stade fran\u00e7ais. L\u2019entra\u00eeneur des arri\u00e8res de l\u2019Usap a \u00e9t\u00e9 d\u00e9mis de ses fonctions par le club catalan depuis le match mais il devra quand m\u00eame s\u2019y rendre.<\/p>\n<p class=\" wall-content\">Un autre entra\u00eeneur, celui de Provence Rugby <strong>Julien Dupuy<\/strong>, a \u00e9t\u00e9 cit\u00e9 \u00e0 compara\u00eetre \u00e0 la m\u00eame date apr\u00e8s le match \u00e0 Grenoble. Seront aussi entendus le pilier de Colomiers <strong>Phil Kite<\/strong>, le 2e ligne de Provence <strong>Andres Zafra<\/strong> et le 3e ligne de Grenoble <strong>Richard Hardwick<\/strong>, qui ont tous \u00e9t\u00e9 exclus sur carton orange, ainsi que l\u2019ailier de Castres <strong>Christian Ambadiang<\/strong>.<\/p>\n<p class=\" wall-content\">Enfin, le manager de Bordeaux <strong>Yannick Bru<\/strong> a re\u00e7u un avertissement apr\u00e8s avoir \u00e9t\u00e9 reconnu responsable d\u2019 \u00ab\u00a0indiscipline\u00a0\u00bb et notamment de \u00ab\u00a0contestation des d\u00e9cisions<br \/>des officiels de match\u00a0\u00bb.<\/p>\n<p>Affaire Narjissi : la famille entendue par la nouvelle juge<\/p>\n<p class=\" wall-content\">Le magistrat en charge du dossier ayant pris sa retraite, une nouvelle juge a \u00e9t\u00e9 saisie du dossier traitant le d\u00e9c\u00e8s en mer de <strong>Medhi Narjissi<\/strong> lors d\u2019un stage avec l\u2019\u00e9quipe de France U18 en Afrique du Sud \u00e0 l\u2019\u00e9t\u00e9 2024. Dans ce cadre, ses parents, Jalil et Val\u00e9rie, ainsi que sa grande soeur In\u00e8s, ont \u00e9t\u00e9 \u00e0 nouveau entendus, ce mercredi matin \u00e0 Agen.<\/p>\n<p class=\" wall-content\">Alors que deux hommes ont d\u00e9j\u00e0 \u00e9t\u00e9 mis en examen (le pr\u00e9parateur physique Robin Ladauge, \u00e0 l\u2019origine de la baignade, et le manager des U18 St\u00e9phane Cambos), la famille souhaite aussi que la responsabilit\u00e9 de la FFR et de son pr\u00e9sident Florian Grill soit reconnue.<\/p>\n<p>Votre r\u00e9gion, votre actu !<\/p>\n<p>Recevez chaque jour les infos qui comptent pour vous.<\/p>\n<p>\t<a href=\"https:\/\/actu.fr\/newsletter\" class=\"ac-btn ac-btn--corner ac-btn--medium ac-btn--blue800\" target=\"_blank\" rel=\"noopener\">S&rsquo;incrire<\/a><br \/>\nMontauban : Quercy titulaire et capitaine<\/p>\n<p class=\" wall-content\">Alors qu\u2019on ne l\u2019avait pas vu sur les terrains depuis trois semaines, et le blocage (finalement d\u00e9bloqu\u00e9) de sa licence avant le match contre Montpellier suivi de sa mise au repos \u00e0 Clermont, <strong>Fred Quercy<\/strong> retrouvera le XV de d\u00e9part montalbanais samedi.<\/p>\n<p class=\" wall-content\">Selon Rugbyrama, le troisi\u00e8me ligne sera m\u00eame <strong>capitaine<\/strong> des siens pour la r\u00e9ception du CO, alors qu\u2019il est dans l\u2019attente de sa comparution devant la commission de discipline de la LNR pour \u00ab\u00a0atteinte \u00e0 l\u2019int\u00e9r\u00eat sup\u00e9rieur du rugby\u00a0\u00bb apr\u00e8s ses propos sur Fabien Galthi\u00e9. Son audition, initialement pr\u00e9vue cette semaine, a \u00e9t\u00e9 repouss\u00e9e au 15 octobre.<\/p>\n<p>Toulon : Fin de carri\u00e8re Micka\u00ebl Ivaldi ?<\/p>\n<p class=\" wall-content\">Alors qu\u2019il avait accept\u00e9 de prolonger sa carri\u00e8re de quelques mois pour \u00eatre joker m\u00e9dical de l\u2019international italien Gianmarco Lucchesi, le talonneur de Toulon Micka\u00ebl Ivaldi (35 ans) pourrait \u00eatre contrait d\u2019arr\u00eater sa carri\u00e8re. \u00ab\u00a0Il a un souci au niveau des cervicales, a d\u00e9clar\u00e9 le manager Pierre Mignoni sur Rugbyrama. On ne prendra pas le moindre risque sur sa fin de carri\u00e8re. Il y a un risque qu\u2019il ne joue plus.\u00a0\u00bb\u00a0<\/p>\n<p class=\" wall-content\">Par ailleurs, le troisi\u00e8me ligne international Charles Ollivon qui tenait son genou droit op\u00e9r\u00e9 9 mois plus t\u00f4t \u00e0 l\u2019issue du match contre Pau, souffre d\u2019une contusion au tibia et est incertain pour le d\u00e9placement \u00e0 Clermont samedi.<\/p>\n<p class=\" wall-content\"><strong>Les Samoa annulent leur match contre l\u2019Italie<\/strong><\/p>\n<p class=\" wall-content\">La F\u00e9d\u00e9ration italienne a annonc\u00e9 ce jeudi qu\u2019elle n\u2019affrontera pas les Samoa, comme initialement pr\u00e9vu, le 22 novembre prochain pour le dernier match des tests de novembre. En effet, son homologue samoane a demand\u00e9 \u00e0 ne pas disputer la rencontre pour se concentrer sur le tournoi qualificatif \u00e0 la Coupe du monde 2027, du 8 au 18 novembre.<\/p>\n<p class=\" wall-content\"><strong>La Squadra Azzurra jouera finalement contre le Chili,<\/strong> apr\u00e8s avoir crois\u00e9 le fer avec l\u2019Australie puis l\u2019Afrique du Sud.<\/p>\n<p class=\" wall-content\">\n<p class=\" wall-content\">Personnalisez votre actualit\u00e9 en ajoutant vos villes et m\u00e9dias en favori avec <a href=\"https:\/\/moncompte.actu.fr\" title=\"D\u00e9couvez Mon Actu\" rel=\"nofollow noopener\" data-trk=\"{&quot;cta&quot;:{&quot;action&quot;:&quot;https:\\\/\\\/moncompte.actu.fr&quot;,&quot;category&quot;:&quot;mon compte&quot;,&quot;from&quot;:&quot;article footer&quot;,&quot;name&quot;:&quot;Mon actu&quot;,&quot;type&quot;:&quot;cta&quot;}}\" target=\"_blank\">Mon Actu<\/a>.<\/p>\n","protected":false},"excerpt":{"rendered":"Par Emilie Dudon-Fournier Publi\u00e9 le 9 oct. 2025 \u00e0 17h27 Il se passe toujours quelque chose, quelque part,&hellip;\n","protected":false},"author":2,"featured_media":451821,"comment_status":"","ping_status":"","sticky":false,"template":"","format":"standard","meta":{"footnotes":""},"categories":[1416],"tags":[1011,27,6717,479,1468,60,478,57744],"class_list":{"0":"post-451820","1":"post","2":"type-post","3":"status-publish","4":"format-standard","5":"has-post-thumbnail","7":"category-rugby","8":"tag-fr","9":"tag-france","10":"tag-rct-rugby-club-toulonnais","11":"tag-rugby","12":"tag-rugby-football","13":"tag-sports","14":"tag-top-14","15":"tag-us-montauban-rugby"},"share_on_mastodon":{"url":"https:\/\/pubeurope.com\/@fr\/115348368474188019","error":""},"_links":{"self":[{"href":"https:\/\/www.europesays.com\/fr\/wp-json\/wp\/v2\/posts\/451820","targetHints":{"allow":["GET"]}}],"collection":[{"href":"https:\/\/www.europesays.com\/fr\/wp-json\/wp\/v2\/posts"}],"about":[{"href":"https:\/\/www.europesays.com\/fr\/wp-json\/wp\/v2\/types\/post"}],"author":[{"embeddable":true,"href":"https:\/\/www.europesays.com\/fr\/wp-json\/wp\/v2\/users\/2"}],"replies":[{"embeddable":true,"href":"https:\/\/www.europesays.com\/fr\/wp-json\/wp\/v2\/comments?post=451820"}],"version-history":[{"count":0,"href":"https:\/\/www.europesays.com\/fr\/wp-json\/wp\/v2\/posts\/451820\/revisions"}],"wp:featuredmedia":[{"embeddable":true,"href":"https:\/\/www.europesays.com\/fr\/wp-json\/wp\/v2\/media\/451821"}],"wp:attachment":[{"href":"https:\/\/www.europesays.com\/fr\/wp-json\/wp\/v2\/media?parent=451820"}],"wp:term":[{"taxonomy":"category","embeddable":true,"href":"https:\/\/www.europesays.com\/fr\/wp-json\/wp\/v2\/categories?post=451820"},{"taxonomy":"post_tag","embeddable":true,"href":"https:\/\/www.europesays.com\/fr\/wp-json\/wp\/v2\/tags?post=451820"}],"curies":[{"name":"wp","href":"https:\/\/api.w.org\/{rel}","templated":true}]}}