{"id":451822,"date":"2025-10-10T06:06:14","date_gmt":"2025-10-10T06:06:14","guid":{"rendered":"https:\/\/www.europesays.com\/fr\/451822\/"},"modified":"2025-10-10T06:06:14","modified_gmt":"2025-10-10T06:06:14","slug":"kim-clijsters-se-blesse-lors-dun-tournoi-dexhibition-elle-a-tout-de-suite-dit-que-cetait-le-tendon-dachille","status":"publish","type":"post","link":"https:\/\/www.europesays.com\/fr\/451822\/","title":{"rendered":"Kim Clijsters se blesse lors d&rsquo;un tournoi d&rsquo;exhibition\u00a0: \u00ab\u00a0Elle a tout de suite dit que c&rsquo;\u00e9tait le tendon d&rsquo;Achille\u00a0\u00bb"},"content":{"rendered":"<p class=\"ap-StoryElement ap-StoryElement--mb ap-StoryText\">La soir\u00e9e devait \u00eatre plac\u00e9e sous le signe de la nostalgie et du plaisir. Elle s&rsquo;est transform\u00e9e en cauchemar pour Kim Clijsters. L&rsquo;ancienne num\u00e9ro un mondiale, aujourd&rsquo;hui \u00e2g\u00e9e de 42 ans, a \u00e9t\u00e9 contrainte \u00e0 l&rsquo;abandon lors d&rsquo;un tournoi d&rsquo;exhibition r\u00e9serv\u00e9 aux anciennes championnes, organis\u00e9 au Luxembourg.<\/p>\n<p class=\"text-left ap-StoryElement ap-StoryElement--mb ap-StoryText\">Oppos\u00e9e \u00e0 la Fran\u00e7aise Aliz\u00e9 Cornet, la Belge s&rsquo;est bless\u00e9e en plein \u00e9change. Apr\u00e8s une mauvaise r\u00e9ception, elle s&rsquo;est imm\u00e9diatement agripp\u00e9e le pied. \u00ab\u00a0Kim a tout de suite dit que c&rsquo;\u00e9tait le tendon d&rsquo;Achille. Je ne suis pas m\u00e9decin, mais cela ressemblait \u00e0 une blessure s\u00e9rieuse\u00a0\u00bb, a confi\u00e9 la joueuse fran\u00e7aise apr\u00e8s la rencontre.<\/p>\n","protected":false},"excerpt":{"rendered":"La soir\u00e9e devait \u00eatre plac\u00e9e sous le signe de la nostalgie et du plaisir. Elle s&rsquo;est transform\u00e9e en&hellip;\n","protected":false},"author":2,"featured_media":451823,"comment_status":"","ping_status":"","sticky":false,"template":"","format":"standard","meta":{"footnotes":""},"categories":[1415],"tags":[1011,27,57745,60,1467],"class_list":{"0":"post-451822","1":"post","2":"type-post","3":"status-publish","4":"format-standard","5":"has-post-thumbnail","7":"category-tennis","8":"tag-fr","9":"tag-france","10":"tag-province-du-luxembourg","11":"tag-sports","12":"tag-tennis"},"share_on_mastodon":{"url":"https:\/\/pubeurope.com\/@fr\/115348372375171422","error":""},"_links":{"self":[{"href":"https:\/\/www.europesays.com\/fr\/wp-json\/wp\/v2\/posts\/451822","targetHints":{"allow":["GET"]}}],"collection":[{"href":"https:\/\/www.europesays.com\/fr\/wp-json\/wp\/v2\/posts"}],"about":[{"href":"https:\/\/www.europesays.com\/fr\/wp-json\/wp\/v2\/types\/post"}],"author":[{"embeddable":true,"href":"https:\/\/www.europesays.com\/fr\/wp-json\/wp\/v2\/users\/2"}],"replies":[{"embeddable":true,"href":"https:\/\/www.europesays.com\/fr\/wp-json\/wp\/v2\/comments?post=451822"}],"version-history":[{"count":0,"href":"https:\/\/www.europesays.com\/fr\/wp-json\/wp\/v2\/posts\/451822\/revisions"}],"wp:featuredmedia":[{"embeddable":true,"href":"https:\/\/www.europesays.com\/fr\/wp-json\/wp\/v2\/media\/451823"}],"wp:attachment":[{"href":"https:\/\/www.europesays.com\/fr\/wp-json\/wp\/v2\/media?parent=451822"}],"wp:term":[{"taxonomy":"category","embeddable":true,"href":"https:\/\/www.europesays.com\/fr\/wp-json\/wp\/v2\/categories?post=451822"},{"taxonomy":"post_tag","embeddable":true,"href":"https:\/\/www.europesays.com\/fr\/wp-json\/wp\/v2\/tags?post=451822"}],"curies":[{"name":"wp","href":"https:\/\/api.w.org\/{rel}","templated":true}]}}