{"id":451830,"date":"2025-10-10T06:12:14","date_gmt":"2025-10-10T06:12:14","guid":{"rendered":"https:\/\/www.europesays.com\/fr\/451830\/"},"modified":"2025-10-10T06:12:14","modified_gmt":"2025-10-10T06:12:14","slug":"victoria-beckham-explique-pourquoi-elle-parait-malheureuse-sur-les-photos","status":"publish","type":"post","link":"https:\/\/www.europesays.com\/fr\/451830\/","title":{"rendered":"Victoria Beckham explique pourquoi elle para\u00eet \u00ab\u00a0malheureuse\u00a0\u00bb sur les photos"},"content":{"rendered":"<p>Victoria Beckham a enfin une r\u00e9ponse claire \u00e0 apporter \u00e0 ceux qui se demandent pourquoi elle adopte souvent <a href=\"https:\/\/www.20minutes.fr\/people\/1338269-20140331-chris-martin-toujours-amoureux-gwyneth-paltrow-victoria-beckham-sourit-photo\" target=\"_blank\" class=\"c-link c-link--is-underlined\" rel=\"noopener\">des expressions graves ou s\u00e9rieuses<\/a> devant les photographes. Une tendance qui a contribu\u00e9 \u00e0 renforcer certaines id\u00e9es n\u00e9gatives sur celle que l\u2019on surnommait \u00ab\u00a0Posh Spice\u00a0\u00bb \u00e0 l\u2019\u00e9poque o\u00f9 elle faisait encore partie du groupe <a href=\"https:\/\/www.20minutes.fr\/dossier\/spice_girls\" class=\"c-link c-link--is-underlined\" target=\"_blank\" rel=\"noopener\">Spice Girls<\/a>.<\/p>\n<p>Mais dans son nouveau documentaire Netflix intitul\u00e9 Victoria Beckham, la styliste de 51 ans, qui se laisse aller aux confidences sur sa carri\u00e8re et <a href=\"https:\/\/www.20minutes.fr\/arts-stars\/people\/4178178-20251009-victoria-beckham-revele-avoir-souffert-troubles-alimentaires-depuis-adolescence\" target=\"_blank\" class=\"c-link c-link--is-underlined\" rel=\"noopener\">son estime de soi<\/a>, a assur\u00e9 que ces sourires modestes ou absents ne refl\u00e9taient pas toujours ce qu\u2019elle ressentait dans son for int\u00e9rieur. Dans un extrait du show, repris par <a href=\"https:\/\/people.com\/victoria-beckham-reveals-reason-she-never-smiles-photos-11826514\" rel=\"nofollow noopener\" target=\"_blank\" class=\"c-link c-link--is-underlined\">People<\/a>, o\u00f9 on la voit se pr\u00e9parer pour un \u00e9v\u00e8nement avec son mari David Beckham, la m\u00e8re de famille glisse une explication rapide.<\/p>\n<p>Le souci du style<\/p>\n<p>\u00ab\u00a0J\u2019ai eu l\u2019air malheureuse pendant toutes ces ann\u00e9es parce que lorsque nous posions sur le tapis rouge, ce type (David Beckham) se pla\u00e7ait toujours \u00e0 ma gauche\u00a0\u00bb, lance-t-elle. \u00ab\u00a0Je ne m\u2019\u00e9tais pas rendu compte que lorsque je souris, ce que je fais souvent, je souris du c\u00f4t\u00e9 gauche, car si je souris du c\u00f4t\u00e9 droit, je n\u2019ai pas l\u2019air bien. Par cons\u00e9quent, je souris int\u00e9rieurement, mais personne ne le voit, c\u2019est pourquoi j\u2019ai l\u2019air si morose.\u00a0\u00bb<\/p>\n<p>Au-del\u00e0 de ces id\u00e9es sur son apparence, <a href=\"https:\/\/www.20minutes.fr\/arts-stars\/people\/4177498-20251006-victoria-beckham-aimait-beckham-taylor-swift-dement-faire-pause-apres-mariage\" target=\"_blank\" class=\"c-link c-link--is-underlined\" rel=\"noopener\">Victoria Beckham<\/a> laisse aussi entendre dans le premier \u00e9pisode de la s\u00e9rie que cette attitude a pu \u00eatre influenc\u00e9e par une p\u00e9riode de \u00ab\u00a0transition difficile\u00a0\u00bb apr\u00e8s la s\u00e9paration des Spice Girls au d\u00e9but des ann\u00e9es\u00a02000. L\u2019artiste, qui \u00e9tait d\u00e9j\u00e0 mari\u00e9e et m\u00e8re de famille \u00e0 l\u2019\u00e9poque, a tent\u00e9 de se lancer dans une carri\u00e8re solo, sans succ\u00e8s.<\/p>\n<p>\u00ab\u00a0C\u2019\u00e9tait tellement extr\u00eame. D\u2019une minute \u00e0 l\u2019autre, je pr\u00f4nais le pouvoir des femmes puis j\u2019\u00e9tais une \u00e9pouse vivant dans un appartement \u00e0 Manchester, sans vraiment d\u2019amis, loin de ma famille\u00a0\u00bb, explique-t-elle, ajoutant plus tard au sujet de son expression sur les photos\u00a0: \u00ab\u00a0D\u00e8s que je vois une cam\u00e9ra, je change. La barri\u00e8re se l\u00e8ve, je mets mon armure et c\u2019est l\u00e0 que la peste mis\u00e9rable qui ne sourit jamais appara\u00eet\u00a0\u00bb.<\/p>\n","protected":false},"excerpt":{"rendered":"Victoria Beckham a enfin une r\u00e9ponse claire \u00e0 apporter \u00e0 ceux qui se demandent pourquoi elle adopte souvent&hellip;\n","protected":false},"author":2,"featured_media":451831,"comment_status":"","ping_status":"","sticky":false,"template":"","format":"standard","meta":{"footnotes":""},"categories":[1359],"tags":[11193,58,59,1011,27,127,973,18514,6482,133],"class_list":{"0":"post-451830","1":"post","2":"type-post","3":"status-publish","4":"format-standard","5":"has-post-thumbnail","7":"category-people","8":"tag-david-beckham","9":"tag-divertissement","10":"tag-entertainment","11":"tag-fr","12":"tag-france","13":"tag-netflix","14":"tag-people","15":"tag-spice-girls","16":"tag-victoria-beckham","17":"tag-video"},"share_on_mastodon":{"url":"https:\/\/pubeurope.com\/@fr\/115348396206824459","error":""},"_links":{"self":[{"href":"https:\/\/www.europesays.com\/fr\/wp-json\/wp\/v2\/posts\/451830","targetHints":{"allow":["GET"]}}],"collection":[{"href":"https:\/\/www.europesays.com\/fr\/wp-json\/wp\/v2\/posts"}],"about":[{"href":"https:\/\/www.europesays.com\/fr\/wp-json\/wp\/v2\/types\/post"}],"author":[{"embeddable":true,"href":"https:\/\/www.europesays.com\/fr\/wp-json\/wp\/v2\/users\/2"}],"replies":[{"embeddable":true,"href":"https:\/\/www.europesays.com\/fr\/wp-json\/wp\/v2\/comments?post=451830"}],"version-history":[{"count":0,"href":"https:\/\/www.europesays.com\/fr\/wp-json\/wp\/v2\/posts\/451830\/revisions"}],"wp:featuredmedia":[{"embeddable":true,"href":"https:\/\/www.europesays.com\/fr\/wp-json\/wp\/v2\/media\/451831"}],"wp:attachment":[{"href":"https:\/\/www.europesays.com\/fr\/wp-json\/wp\/v2\/media?parent=451830"}],"wp:term":[{"taxonomy":"category","embeddable":true,"href":"https:\/\/www.europesays.com\/fr\/wp-json\/wp\/v2\/categories?post=451830"},{"taxonomy":"post_tag","embeddable":true,"href":"https:\/\/www.europesays.com\/fr\/wp-json\/wp\/v2\/tags?post=451830"}],"curies":[{"name":"wp","href":"https:\/\/api.w.org\/{rel}","templated":true}]}}