{"id":451836,"date":"2025-10-10T06:15:32","date_gmt":"2025-10-10T06:15:32","guid":{"rendered":"https:\/\/www.europesays.com\/fr\/451836\/"},"modified":"2025-10-10T06:15:32","modified_gmt":"2025-10-10T06:15:32","slug":"bart-frappe-et-sequestre-le-piege-diabolique-daugustin-le-frere-de-laurie-demain-nous-appartient-10-octobre-2025-episode-2051-resume-complet-dna","status":"publish","type":"post","link":"https:\/\/www.europesays.com\/fr\/451836\/","title":{"rendered":"Bart frapp\u00e9 et s\u00e9questr\u00e9 : le pi\u00e8ge diabolique d&rsquo;Augustin le fr\u00e8re de Laurie &#8211; Demain nous appartient 10 octobre 2025 (\u00e9pisode 2051 &#8211; r\u00e9sum\u00e9 complet DNA)"},"content":{"rendered":"<p><img fetchpriority=\"high\" decoding=\"async\" aria-describedby=\"caption-attachment-320515\" src=\"https:\/\/www.europesays.com\/fr\/wp-content\/uploads\/2025\/10\/bart-augustin.jpg\" alt=\"Bart inconscient et ligot\u00e9 dans un champ apr\u00e8s avoir \u00e9t\u00e9 frapp\u00e9 par Augustin, le fr\u00e8re de Laurie, dans Demain nous appartient \u00e9pisode 2051 du 10 octobre 2025.\" width=\"1280\" height=\"720\" class=\"size-full wp-image-320515\"  \/><\/p>\n<p id=\"caption-attachment-320515\" class=\"wp-caption-text\">Bart se retrouve ligot\u00e9 et inconscient en plein champ apr\u00e8s une violente agression. Augustin, le fr\u00e8re de Laurie, r\u00e9v\u00e8le un visage bien plus sombre que pr\u00e9vu dans Demain nous appartient.<\/p>\n<p>Tout ce qu\u2019il faut savoir sur l\u2019\u00e9pisode 2051 de Demain nous appartient du 14 octobre 2025, tous les <strong>spoilers complets <\/strong>par rapport aux intrigues du jour \u00e0 S\u00e8te.<\/p>\n<p>Demain nous appartient en avance : Violette accuse le coup<\/p>\n<p>Gloria dit \u00e0 Bart qu\u2019elle s\u2019est renseign\u00e9e pour Laurie et <strong>elle n\u2019a jamais fait de s\u00e9jour en h\u00f4pital psychiatrique<\/strong>. Bart est rassur\u00e9.<\/p>\n<p><img loading=\"lazy\" decoding=\"async\" aria-describedby=\"caption-attachment-320539\" src=\"data:image\/svg+xml,%3Csvg%20xmlns=\" http:=\"\" alt=\"Samuel et Ellie  dna \" width=\"1200\" height=\"644\" class=\"size-full wp-image-320539\" data-lazy- data-lazy- data-lazy-src=\"https:\/\/www.europesays.com\/fr\/wp-content\/uploads\/2025\/10\/dna2051vve.jpg\"\/><\/p>\n<p id=\"caption-attachment-320539\" class=\"wp-caption-text\">Belle complicit\u00e9 de Samuel et Ellie<\/p>\n<p>Sara rejoint Bart au Spoon et lui confie que <strong>s\u2019il sait quelque chose, il ne doit pas h\u00e9siter \u00e0 lui en parler<\/strong>. Bart lui r\u00e9pond qu\u2019il est un peu \u00e0 l\u2019ouest avec Erica, mais que cela <strong>n\u2019a rien \u00e0 voir avec l\u2019affaire du pyromane<\/strong>.<\/p>\n<p>Judith et Jordan se r\u00e9veillent ensemble, ils ont dormi chez Marianne qui leur a pr\u00eat\u00e9 sa maison. <strong>Au petit matin, Marianne leur apporte des croissants<\/strong>. <\/p>\n<p>Samuel retrouve Nordine et William au petit d\u00e9jeuner pour partager un caf\u00e9. William demande \u00e0 Samuel o\u00f9 en est son projet d\u2019installation avec Marine. Samuel avoue : <strong>\u00ab Nulle part \u00bb<\/strong>.<\/p>\n<p>Jordan envoie un SMS \u00e0 Violette pour prendre un caf\u00e9. Elle confie \u00e0 Charles qu\u2019elle <strong>n\u2019a pas envie de le voir<\/strong>. Charles pense pourtant que <strong>Violette devrait affronter Jordan pour \u00e9vacuer toute sa col\u00e8re<\/strong>.<\/p>\n<p><img loading=\"lazy\" decoding=\"async\" aria-describedby=\"caption-attachment-320523\" src=\"data:image\/svg+xml,%3Csvg%20xmlns=\" http:=\"\" alt=\"samuel dna \" width=\"1200\" height=\"659\" class=\"size-full wp-image-320523\" data-lazy- data-lazy- data-lazy-src=\"https:\/\/www.europesays.com\/fr\/wp-content\/uploads\/2025\/10\/dna2051db.jpg\"\/><\/p>\n<p id=\"caption-attachment-320523\" class=\"wp-caption-text\">Samuel pr\u00eat \u00e0 habiter avec Marine ? il tente sa chance<\/p>\n<p>Violette se demande si Jordan a encore des sentiments pour elle. Finalement, elle accepte de le voir au Spoon. Jordan s\u2019excuse de ne pas avoir \u00e9t\u00e9 honn\u00eate et <strong>lui r\u00e9v\u00e8le qu\u2019il s\u2019est remis avec Judith<\/strong>. Violette lui r\u00e9pond qu\u2019elle n\u2019est pas \u00e9tonn\u00e9e et le traite de <strong>\u00ab c***rd et l\u00e2che \u00bb<\/strong> avant de lui dire : <strong>\u00ab Quand elle sera partie aux USA, ne m\u2019appelle pas, supprime mon num\u00e9ro \u00bb<\/strong>.<\/p>\n<p>Pendant ce temps, Bart vient sonner chez Laurie. Personne ne r\u00e9pond, mais <strong>le portail est ouvert<\/strong>. Il d\u00e9cide d\u2019entrer. Soudain, <strong>un homme crie \u00e0 l\u2019aide : \u201cLaurie m\u2019a enferm\u00e9 !\u201d<\/strong>. Bart tente de le lib\u00e9rer et casse une vitre.<br \/>L\u2019homme, <strong>Augustin, fait un d\u00e9but de crise d\u2019asthme<\/strong> : il dit \u00e0 Bart qu\u2019il est <strong>le fr\u00e8re de Laurie<\/strong>.<\/p>\n<p>Augustin explique que <strong>Laurie ne va pas bien<\/strong>, qu\u2019elle fait des crises d\u2019angoisse et de parano\u00efa. Il affirme qu\u2019il essaie de l\u2019aider, qu\u2019elle est \u00ab une fille super \u00bb.<br \/>Bart demande si Laurie est responsable des incendies \u00e0 S\u00e8te. Augustin finit par <strong>avouer que c\u2019est lui qui a \u00e9teint le feu mardi dernier<\/strong>.<\/p>\n<p><img loading=\"lazy\" decoding=\"async\" aria-describedby=\"caption-attachment-320541\" src=\"data:image\/svg+xml,%3Csvg%20xmlns=\" http:=\"\" alt=\"Marceau et Erica  \" width=\"1200\" height=\"677\" class=\"size-full wp-image-320541\" data-lazy- data-lazy- data-lazy-src=\"https:\/\/www.europesays.com\/fr\/wp-content\/uploads\/2025\/10\/dna2051vveef.jpg\"\/><\/p>\n<p id=\"caption-attachment-320541\" class=\"wp-caption-text\">Petit c\u00e2lin m\u00e8re fils entre Marceau et Erica<\/p>\n<p>Il raconte que <strong>Laurie souffre de crises depuis son adolescence<\/strong> et que ses parents ont tent\u00e9 de l\u2019aider en la faisant hospitaliser, mais sans succ\u00e8s.<br \/>Bart, troubl\u00e9, se souvient que <strong>Gloria lui a affirm\u00e9 que Laurie n\u2019a jamais \u00e9t\u00e9 hospitalis\u00e9e<\/strong>.<br \/>Augustin comprend alors <strong>qu\u2019il est d\u00e9masqu\u00e9<\/strong> et s\u2019enfuit. Bart le rattrape, et contre toute attente, <strong>lui dit qu\u2019il le croit<\/strong>.<br \/>Augustin affirme qu\u2019il a <strong>peut-\u00eatre une id\u00e9e de l\u2019endroit o\u00f9 se cache Laurie<\/strong>\u2026<br \/>\nDemain nous appartient 14 octobre 2025 : Samuel (Axel Kiener) en plein doute avec Marine<br \/>\n<br \/>Samuel confie \u00e0 Marine qu\u2019il voulait lui faire une surprise \u00e0 Barcelone : <strong>lui proposer d\u2019habiter ensemble<\/strong>. Marine ne dit pas oui et lui balance : \u00ab \u00c7a se r\u00e9fl\u00e9chit \u00bb. Elle admet qu\u2019elle aimerait vivre avec lui, mais <strong>cela pose la question de la suite<\/strong>. Marine demande \u00e0 Samuel s\u2019il veut des enfants : <strong>elle en voudrait trois<\/strong>. Samuel reste sans voix, visiblement refroidi.<br \/><img loading=\"lazy\" decoding=\"async\" aria-describedby=\"caption-attachment-320543\" src=\"data:image\/svg+xml,%3Csvg%20xmlns=\" http:=\"\" alt=\"Marine dna \" width=\"1200\" height=\"702\" class=\"size-full wp-image-320543\" data-lazy- data-lazy- data-lazy-src=\"https:\/\/www.europesays.com\/fr\/wp-content\/uploads\/2025\/10\/dna2051vvf.jpg\"\/><\/p>\n<p id=\"caption-attachment-320543\" class=\"wp-caption-text\">Marine veut 3 enfants \u00e7a refroidit Samuel<\/p>\n<p>Samuel propose \u00e0 Ellie de manger une glace, se poser sur un banc et se fou*re des patients. Ils se rendent aux Halles. Samuel lui demande : \u00ab Tu penses que je ferais un bon p\u00e8re ? \u00bb, en \u00e9voquant les envies de b\u00e9b\u00e9s de Marine.<br \/><img loading=\"lazy\" decoding=\"async\" aria-describedby=\"caption-attachment-320531\" src=\"data:image\/svg+xml,%3Csvg%20xmlns=\" http:=\"\" alt=\"Violette DNA \" width=\"1200\" height=\"782\" class=\"size-full wp-image-320531\" data-lazy- data-lazy- data-lazy-src=\"https:\/\/www.europesays.com\/fr\/wp-content\/uploads\/2025\/10\/dna2051vb.jpg\"\/><\/p>\n<p id=\"caption-attachment-320531\" class=\"wp-caption-text\">Violette accuse le coup<\/p>\n<p>De son c\u00f4t\u00e9, <strong>Marceau d\u00e9barque dans le bureau d\u2019Erica<\/strong> pour s\u2019excuser de son attitude, d\u2019\u00eatre aussi ch***. Il avoue que <strong>leur complicit\u00e9 d\u2019avant lui manque<\/strong>. Erica l\u2019enlace, et Marceau lui dit : \u00ab En vrai j\u2019aime bien, mais tu le dis \u00e0 personne \u00bb.<br \/><img loading=\"lazy\" decoding=\"async\" aria-describedby=\"caption-attachment-320533\" src=\"data:image\/svg+xml,%3Csvg%20xmlns=\" http:=\"\" alt=\"Samuel et Eliie  dna \" width=\"1200\" height=\"614\" class=\"size-full wp-image-320533\" data-lazy- data-lazy- data-lazy-src=\"https:\/\/www.europesays.com\/fr\/wp-content\/uploads\/2025\/10\/dna2051vef.jpg\"\/><\/p>\n<p id=\"caption-attachment-320533\" class=\"wp-caption-text\">Samuel et Eliie aux halles : il a besoin de se confier<\/p>\n<p>Pendant ce temps, <strong>Violette pleure \u00e0 la maison<\/strong>. Philippine et Charles tentent de la r\u00e9conforter du mieux qu\u2019ils peuvent.<br \/>Charles plaisante avec sa m\u00e8re : \u00ab \u00c7a va \u00eatre tr\u00e8s sympa les d\u00eeners avec les Roussel au complet \u00bb. Philippine r\u00e9pond, malicieuse : <strong>\u00ab D\u2019ici l\u00e0, il peut s\u2019en passer des choses. Les divorces, \u00e7a arrive \u00bb<\/strong>.<\/p>\n<p>Enfin, <strong>Sara fait \u00e9couter \u00e0 Karim le message audio<\/strong> de la personne qui a appel\u00e9 les secours apr\u00e8s l\u2019accident d\u2019Audrey. Karim a un flash : <strong>c\u2019est la voix de Laurie, la prof de pilates<\/strong>. Sara est persuad\u00e9e qu\u2019il a raison.<\/p>\n<p><img loading=\"lazy\" decoding=\"async\" aria-describedby=\"caption-attachment-320535\" src=\"data:image\/svg+xml,%3Csvg%20xmlns=\" http:=\"\" alt=\"laurie dna \" width=\"1200\" height=\"684\" class=\"size-full wp-image-320535\" data-lazy- data-lazy- data-lazy-src=\"https:\/\/www.europesays.com\/fr\/wp-content\/uploads\/2025\/10\/dna2051vevf.jpg\"\/><\/p>\n<p id=\"caption-attachment-320535\" class=\"wp-caption-text\">Laurie est arr\u00eat\u00e9e par Karim et Sara<\/p>\n<p>Sara et Karim <strong>d\u00e9barquent chez Laurie et l\u2019emm\u00e8nent au commissariat<\/strong> : ils ont des questions urgentes \u00e0 lui poser.<br \/>Mais au m\u00eame moment, <strong>Bart s\u2019est fait pi\u00e9ger<\/strong> : il est inconscient, frapp\u00e9, et <strong>attach\u00e9 en plein champ<\/strong>\u2026<br \/>\n<img loading=\"lazy\" decoding=\"async\" aria-describedby=\"caption-attachment-320529\" src=\"data:image\/svg+xml,%3Csvg%20xmlns=\" http:=\"\" alt=\"charles dna \" width=\"1200\" height=\"668\" class=\"size-full wp-image-320529\" data-lazy- data-lazy- data-lazy-src=\"https:\/\/www.europesays.com\/fr\/wp-content\/uploads\/2025\/10\/dna2051ob.jpg\"\/><\/p>\n<p id=\"caption-attachment-320529\" class=\"wp-caption-text\">Charles a donn\u00e9 un mauvais conseil \u00e0 Violette<\/p>\n<p style=\"margin:0; font-size:18px;\">\ud83d\udce8 <strong>Ne manquez plus rien de vos s\u00e9ries pr\u00e9f\u00e9r\u00e9es !<\/strong><\/p>\n<p style=\"margin:8px 0 16px 0;\">Abonnez-vous \u00e0 notre \ud83d\udea8 <strong>newsletter \u00ab\u00a0Alerte S\u00e9ries\u00a0\u00bb<\/strong> d\u00e8s la publication d\u2019un nouvel article.<br \/>&#13;<br \/>\n  Ou rejoignez \ud83d\udfe2 <strong>notre cha\u00eene WhatsApp<\/strong> \ud83d\udcde\ud83d\udcac pour recevoir les actus <strong>Nouveaut\u00e9s-T\u00e9l\u00e9<\/strong> en direct !<\/p>\n<p>  <a href=\"https:\/\/www.nouveautes-tele.com\/alerte-nouvel-article-notification-mail\" target=\"_blank\" style=\"background-color:#00b4d8; color:#ffffff; padding:10px 18px; border-radius:6px; text-decoration:none; margin:5px; display:inline-block; font-weight:bold;\" rel=\"nofollow noopener\">&#13;<br \/>\n     \u2709\ufe0f Je m\u2019abonne \u00e0 la newsletter&#13;<br \/>\n  <\/a><\/p>\n<p>  <a href=\"https:\/\/whatsapp.com\/channel\/0029Vaff4LEFcowCVHrXqx17\" target=\"_blank\" style=\"background-color:#25D366; color:#ffffff; padding:10px 18px; border-radius:6px; text-decoration:none; margin:5px; display:inline-block; font-weight:bold;\" rel=\"nofollow noopener\">&#13;<br \/>\n     \ud83d\udcac Rejoindre sur WhatsApp&#13;<br \/>\n  <\/a><br \/>\n&#13;<br \/>\n<br \/>&#13;<\/p>\n<p>  &#13;<br \/>\n&#13;<\/p>\n<p> \u00a0 \u00a0\ud83d\udcfa Demain nous appartient &#8211; Intrigue \u00ab\u00a0Contre feux\u00a0\u00bb<br \/>\n    &#13;<\/p>\n<tr>&#13;<br \/>\n            \ud83d\udcc5 Date&#13;<br \/>\n            \ud83c\udfac \u00c9pisode&#13;<br \/>\n            \ud83d\udd25 Point Cl\u00e9&#13;<br \/>\n        <\/tr>\n<p>&#13;<br \/>\n      &#13;<br \/>\n     &#13;<\/p>\n<tr>&#13;<br \/>\n \u00a0 \u00a0 \u00a0 \u00a0 \u00a0 \u00a0<\/p>\n<td>1er octobre 2025<\/td>\n<p>&#13;<\/p>\n<td><a href=\"https:\/\/www.nouveautes-tele.com\/317805-soizic-suppliemais-francois-brise-tout-cest-trop-tard-cest-fini-demain-nous-appartient-1er-octobre-2025-episode-2043-resume-complet-dna.html\" target=\"_blank\" rel=\"nofollow noopener\"><strong>2043<\/strong><\/a><\/td>\n<p>&#13;<\/p>\n<td>Fran\u00e7ois brise le coeur de Soizic c&rsquo;est fini<\/td>\n<p>&#13;<br \/>\n        <\/tr>\n<p>&#13;<br \/>\n&#13;<\/p>\n<tr>&#13;<br \/>\n \u00a0 \u00a0 \u00a0 \u00a0 \u00a0 \u00a0<\/p>\n<td>2 octobre 2025<\/td>\n<p>&#13;<\/p>\n<td><a href=\"https:\/\/www.nouveautes-tele.com\/317939-bart-balance-marceau-pyromane-erica-en-furie-demain-nous-appartient-2-octobre-2025-episode-2044-resume-complet-dna.html\" target=\"_blank\" rel=\"nofollow noopener\"><strong>2044<\/strong><\/a><\/td>\n<p>&#13;<\/p>\n<td>Arthur et Marceau soup\u00e7onn\u00e9s d&rsquo;incendie<\/td>\n<p>&#13;<br \/>\n        <\/tr>\n<p>&#13;<br \/>\n\t\t&#13;<\/p>\n<tr>&#13;<br \/>\n \u00a0 \u00a0 \u00a0 \u00a0 \u00a0 \u00a0<\/p>\n<td>3 octobre 2025<\/td>\n<p>&#13;<\/p>\n<td><a href=\"https:\/\/www.nouveautes-tele.com\/318185-marceau-en-garde-a-vue-erica-doute-de-son-fils-et-bart-seloigne-demain-nous-appartient-4-octobre-2025-episode-2045-resume-complet-dna.html\" target=\"_blank\" rel=\"nofollow noopener\"><strong>2045<\/strong><\/a><\/td>\n<p>&#13;<\/p>\n<td>Marceau en garde \u00e0 vue, Bart c\u00e9libataire ?<\/td>\n<p>&#13;<br \/>\n        <\/tr>\n<p>&#13;<br \/>\n\t\t&#13;<\/p>\n<tr>&#13;<br \/>\n \u00a0 \u00a0 \u00a0 \u00a0 \u00a0 \u00a0<\/p>\n<td>6 octobre 2025<\/td>\n<p>&#13;<\/p>\n<td><a href=\"https:\/\/www.nouveautes-tele.com\/319109-francois-prend-la-fuite-spirituelle-soizic-ne-sen-remet-pas-demain-nous-appartient-6-octobre-2025-episode-2046-resume-complet-dna.html\" target=\"_blank\" rel=\"nofollow noopener\"><strong>2046<\/strong><\/a><\/td>\n<p>&#13;<\/p>\n<td>Fran\u00e7ois part \u00e0 Saint Jacques de Compostelle<\/td>\n<p>&#13;<br \/>\n        <\/tr>\n<p>&#13;<br \/>\n\t\t&#13;<\/p>\n<tr>&#13;<br \/>\n \u00a0 \u00a0 \u00a0 \u00a0 \u00a0 \u00a0<\/p>\n<td>7 octobre 2025<\/td>\n<p>&#13;<\/p>\n<td><a href=\"https:\/\/www.nouveautes-tele.com\/319383-audrey-victime-dun-violent-accident-laurie-responsable-du-drame-demain-nous-appartient-7-octobre-2025-episode-2047-resume-complet-dna.html\" target=\"_blank\" rel=\"nofollow noopener\"><strong>2047<\/strong><\/a><\/td>\n<p>&#13;<\/p>\n<td>Audrey a un accident de voiture face \u00e0 Laurie<\/td>\n<p>&#13;<br \/>\n        <\/tr>\n<p>&#13;<\/p>\n<tr>&#13;<br \/>\n \u00a0 \u00a0 \u00a0 \u00a0 \u00a0 \u00a0<\/p>\n<td>8 octobre 2025<\/td>\n<p>&#13;<\/p>\n<td><a href=\"https:\/\/www.nouveautes-tele.com\/319535-francois-laisse-tout-derriere-lui-adam-et-alain-bouleverses-par-son-depart-demain-nous-appartient-8-octobre-2025-episode-2048-resume-complet-dna.html\" target=\"_blank\" rel=\"nofollow noopener\"><strong>2048<\/strong><\/a><\/td>\n<p>&#13;<\/p>\n<td>Fran\u00e7ois part de S\u00e8te et Bastien se d\u00e9nonce <\/td>\n<p>&#13;<br \/>\n        <\/tr>\n<p>&#13;<\/p>\n<tr>&#13;<br \/>\n \u00a0 \u00a0 \u00a0 \u00a0 \u00a0 \u00a0<\/p>\n<td>10 octobre 2025<\/td>\n<p>&#13;<\/p>\n<td><a href=\"https:\/\/www.nouveautes-tele.com\/319725-bart-demasque-laurie-va-t-il-denoncer-son-amie-avant-quil-ne-soit-trop-tard-demain-nous-appartient-10-octobre-2025-episode-2049-resume-complet-dna.html\" target=\"_blank\" rel=\"nofollow noopener\"><strong>2049<\/strong><\/a><\/td>\n<p>&#13;<\/p>\n<td>Bart largu\u00e9 par Erica et r\u00e9confort\u00e9 par Laurie <\/td>\n<p>&#13;<br \/>\n        <\/tr>\n<p>&#13;<br \/>\n\t\t&#13;<\/p>\n<tr>&#13;<br \/>\n \u00a0 \u00a0 \u00a0 \u00a0 \u00a0 \u00a0<\/p>\n<td>13 octobre 2025<\/td>\n<p>&#13;<\/p>\n<td><a href=\"https:\/\/www.nouveautes-tele.com\/319939-bart-pris-au-piege-sara-inquiete-redoute-le-pire-demain-nous-appartient-13-octobre-2025-episode-2050-resume-complet-dna.html\" target=\"_blank\" rel=\"nofollow noopener\"><strong>2050<\/strong><\/a><\/td>\n<p>&#13;<\/p>\n<td>Sara sent que Bart lui cache quelque chose d&rsquo;important <\/td>\n<p>&#13;<br \/>\n        <\/tr>\n<p>&#13;<\/p>\n<tr>&#13;<br \/>\n \u00a0 \u00a0 \u00a0 \u00a0 \u00a0 \u00a0<\/p>\n<td>14 octobre 2025<\/td>\n<p>&#13;<\/p>\n<td><a href=\"https:\/\/www.nouveautes-tele.com\/320513-bart-frappe-et-sequestre-le-piege-diabolique-daugustin-le-frere-de-laurie-demain-nous-appartient-10-octobre-2025-episode-2051-resume-complet-dna.html\" target=\"_blank\" rel=\"nofollow noopener\"><strong>2051<\/strong><\/a><\/td>\n<p>&#13;<\/p>\n<td>Bart est pi\u00e9g\u00e9 par Augustin le fr\u00e8re de Laurie<\/td>\n<p>&#13;<br \/>\n        <\/tr>\n<p>&#13;<br \/>\n\t\t&#13;<br \/>\n\t\t&#13;<\/p>\n<p>Que pensez-vous du nouvel \u00e9pisode de Demain nous appartient ? R\u00e9agissez en commentaire ! \ud83d\udcac Commentez les \u00e9pisodes sur <strong><a href=\"https:\/\/www.nouveautes-tele.com\/51124-forum-demain-nous-appartient-tf1.html\" rel=\"nofollow noopener\" target=\"_blank\"> le forum de Demain nous appartient<\/a><\/strong> chaque jour.<\/p>\n<p> \ud83d\udd1c Restez connect\u00e9s ! Le <strong>r\u00e9sum\u00e9 Demain nous appartient du 15 octobre 2025<\/strong> avec l\u2019\u00e9pisode 2052 arrive tr\u00e8s vite sur Nouveaut\u00e9s T\u00e9l\u00e9.<\/p>\n<p>Suivez  les <a href=\"https:\/\/www.nouveautes-tele.com\/61084-audience-demain-nous-appartient-tf1-du-lundi-au-vendredi.html\" rel=\"nofollow noopener\" target=\"_blank\"><strong>audiences DNA<\/strong><\/a> du lundi au vendredi. <\/p>\n<p>Fan de Demain nous appartient ? les s\u00e9ries \u00e0 ne pas manquer <\/p>\n<p>Si vous \u00eates accro \u00e0 Demain nous appartient, voici les s\u00e9ries qui vont s\u00fbrement devenir vos prochains coups de c\u0153ur !<\/p>\n<p><a href=\"https:\/\/www.nouveautes-tele.com\/118986-nouveau-feuilleton-sur-tf1.html\" rel=\"nofollow noopener\" target=\"_blank\"><strong>Ici tout commence<\/strong><\/a> \u00e0 18h30, l\u2019univers culinaire de TF1 avec Benjamin Baroche. <a href=\"https:\/\/www.nouveautes-tele.com\/86457-grand-soleil-le-guide-complet-du-feuilleton-france-2-rentree-2018.html\" rel=\"nofollow noopener\" target=\"_blank\"><strong>Un si grand soleil<\/strong><\/a> \u00e0 20h45 juste avant le prime-time sur France 3. <a href=\"https:\/\/www.nouveautes-tele.com\/38439-plus-belle-la-vie-le-guide-des-resumes-et-spoilers.html\" rel=\"nofollow noopener\" target=\"_blank\"><strong>Plus belle la vie sur TF1<\/strong><\/a> \u00e0 13h50\u2026 et la vie est encore plus belle !La s\u00e9rie musicale <a href=\"https:\/\/www.nouveautes-tele.com\/283724-tout-pour-la-lumiere-tf1-decouvrez-ce-casting-complet-inattendu-liste-des-acteurs.html\" rel=\"nofollow noopener\" target=\"_blank\"><strong>Tout pour la lumi\u00e8re<\/strong><\/a> sur TF1 chaque jour \u00e0 18h.<\/p>\n<p>                          <img loading=\"lazy\" decoding=\"async\" width=\"512\" height=\"512\" src=\"data:image\/svg+xml,%3Csvg%20xmlns=\" http:=\"\" alt=\"Logo de Nouveaut\u00e9 t\u00e9l\u00e9\" data-lazy-src=\"https:\/\/www.europesays.com\/fr\/wp-content\/uploads\/2025\/06\/nt-logo.png\"\/><\/p>\n<p>\t\t\t  Isabelle Corteilles<\/p>\n<p>Titou, fondatrice de Nouveaut\u00e9s T\u00e9l\u00e9 en 2014, passionn\u00e9e de m\u00e9dias et incollable sur l\u2019actualit\u00e9 des s\u00e9ries t\u00e9l\u00e9. De la g\u00e9n\u00e9ration Dawson\u2019s Creek et Sous le Soleil, je navigue aujourd\u2019hui entre le Spoon de DNA, les marais salants d\u2019ITC, le Mistral de PBLV et les Sauvages d\u2019Un Si Grand Soleil, pour ne rien rater des derni\u00e8res intrigues et des indiscr\u00e9tions.<\/p>\n","protected":false},"excerpt":{"rendered":"Bart se retrouve ligot\u00e9 et inconscient en plein champ apr\u00e8s une violente agression. Augustin, le fr\u00e8re de Laurie,&hellip;\n","protected":false},"author":2,"featured_media":451837,"comment_status":"","ping_status":"","sticky":false,"template":"","format":"standard","meta":{"footnotes":""},"categories":[1356],"tags":[58,59,1011,27,252,1364],"class_list":{"0":"post-451836","1":"post","2":"type-post","3":"status-publish","4":"format-standard","5":"has-post-thumbnail","7":"category-television","8":"tag-divertissement","9":"tag-entertainment","10":"tag-fr","11":"tag-france","12":"tag-television","13":"tag-tv"},"share_on_mastodon":{"url":"https:\/\/pubeurope.com\/@fr\/115348407936119282","error":""},"_links":{"self":[{"href":"https:\/\/www.europesays.com\/fr\/wp-json\/wp\/v2\/posts\/451836","targetHints":{"allow":["GET"]}}],"collection":[{"href":"https:\/\/www.europesays.com\/fr\/wp-json\/wp\/v2\/posts"}],"about":[{"href":"https:\/\/www.europesays.com\/fr\/wp-json\/wp\/v2\/types\/post"}],"author":[{"embeddable":true,"href":"https:\/\/www.europesays.com\/fr\/wp-json\/wp\/v2\/users\/2"}],"replies":[{"embeddable":true,"href":"https:\/\/www.europesays.com\/fr\/wp-json\/wp\/v2\/comments?post=451836"}],"version-history":[{"count":0,"href":"https:\/\/www.europesays.com\/fr\/wp-json\/wp\/v2\/posts\/451836\/revisions"}],"wp:featuredmedia":[{"embeddable":true,"href":"https:\/\/www.europesays.com\/fr\/wp-json\/wp\/v2\/media\/451837"}],"wp:attachment":[{"href":"https:\/\/www.europesays.com\/fr\/wp-json\/wp\/v2\/media?parent=451836"}],"wp:term":[{"taxonomy":"category","embeddable":true,"href":"https:\/\/www.europesays.com\/fr\/wp-json\/wp\/v2\/categories?post=451836"},{"taxonomy":"post_tag","embeddable":true,"href":"https:\/\/www.europesays.com\/fr\/wp-json\/wp\/v2\/tags?post=451836"}],"curies":[{"name":"wp","href":"https:\/\/api.w.org\/{rel}","templated":true}]}}