{"id":451838,"date":"2025-10-10T06:16:12","date_gmt":"2025-10-10T06:16:12","guid":{"rendered":"https:\/\/www.europesays.com\/fr\/451838\/"},"modified":"2025-10-10T06:16:12","modified_gmt":"2025-10-10T06:16:12","slug":"fave-devoile-son-opus-pleins-phares-et-assume-sa-responsabilite","status":"publish","type":"post","link":"https:\/\/www.europesays.com\/fr\/451838\/","title":{"rendered":"Fav\u00e9 d\u00e9voile son opus \u00abPleins phares\u00bb et assume sa responsabilit\u00e9"},"content":{"rendered":"<p><img loading=\"lazy\" decoding=\"async\" src=\"https:\/\/www.europesays.com\/fr\/wp-content\/uploads\/2025\/10\/39ff9fa0-665b-4761-b52a-b14ec782bede.jpg\" alt=\"Le rappeur fran\u00e7ais Fav\u00e9 sort son deuxi\u00e8me album, \u00abPleins phares\u00bb, le 10 octobre.\" title=\"Le rappeur fran\u00e7ais Fav\u00e9 sort son deuxi\u00e8me album, \u00abPleins phares\u00bb, le 10 octobre.\"  width=\"1080\" height=\"1080\"\/>Le rappeur fran\u00e7ais Fav\u00e9 sort son deuxi\u00e8me album, \u00abPleins phares\u00bb, le 10 octobre.Fifou<\/p>\n<p type=\"textBlockArray\" class=\"sc-8d5aa35e-2 jwssUY\">Du haut de ses 20 ans, Fav\u00e9 conna\u00eet un succ\u00e8s fulgurant. Avec 3,87 millions d\u2019\u00e9coutes sur Spotify, un premier album et des singles qui ont cartonn\u00e9, le jeune rappeur fran\u00e7ais d\u2019origine colombienne revient avec un nouvel opus, \u00abPleins phares\u00bb, pr\u00e9vu dans les bacs le 10 octobre 2025. Dans le cadre de sa tourn\u00e9e, il se produira le 20 novembre \u00e0 Th\u00f4nex (GE).<\/p>\n<p type=\"textBlockArray\" class=\"sc-8d5aa35e-2 jwssUY\"><strong>Comment d\u00e9crivez-vous votre nouvel album?<\/strong><\/p>\n<p type=\"textBlockArray\" class=\"sc-8d5aa35e-2 jwssUY\">C&rsquo;est le deuxi\u00e8me. Il raconte donc un peu tout ce qui s&rsquo;est pass\u00e9 ces deux derni\u00e8res ann\u00e9es durant lesquelles je n&rsquo;avais rien sorti. Il parle des difficult\u00e9s que j&rsquo;ai pu avoir, comme des bonnes choses aussi. Je me livre un peu plus sur ma vie personnelle. Je rentre plus en d\u00e9tails que dans l&rsquo;album pr\u00e9c\u00e9dent. On peut comprendre qu&rsquo;il y a une prise de maturit\u00e9.<\/p>\n<p type=\"textBlockArray\" class=\"sc-8d5aa35e-2 jwssUY\"><strong>Vous n&rsquo;avez que 20 ans et vous connaissez d\u00e9j\u00e0 un immense succ\u00e8s dans votre carri\u00e8re. Comment le vivez-vous?<\/strong><\/p>\n<p type=\"textBlockArray\" class=\"sc-8d5aa35e-2 jwssUY\">On ne peut que bien le vivre, mais la difficult\u00e9, c&rsquo;est de maintenir ce buzz que j&rsquo;ai pu acqu\u00e9rir durant les pr\u00e9c\u00e9dentes ann\u00e9es. C&rsquo;est juste \u00e7a le challenge maintenant.<\/p>\n<p type=\"textBlockArray\" class=\"sc-8d5aa35e-2 jwssUY\"><strong>Vous arrivez donc \u00e0 garder la t\u00eate froide?<\/strong><\/p>\n<p type=\"textBlockArray\" class=\"sc-8d5aa35e-2 jwssUY\">Oui. Il faut juste \u00eatre concentr\u00e9 et ne pas se laisser d\u00e9border par tout \u00e7a. Le plus important, c&rsquo;est de rester et de continuer \u00e0 atteindre ses objectifs.<\/p>\n<p type=\"textBlockArray\" class=\"sc-8d5aa35e-2 jwssUY\"><strong>Vous \u00e9crivez les paroles de vos chansons. Pensez-vous avoir une responsabilit\u00e9 dans les messages v\u00e9hicul\u00e9s \u00e0 travers votre musique?<\/strong><\/p>\n<p type=\"textBlockArray\" class=\"sc-8d5aa35e-2 jwssUY\">Oui, je me sens un peu plus responsable qu&rsquo;avant, maintenant que je prends de l&rsquo;\u00e2ge. Je me rends compte que c&rsquo;est vraiment les plus jeunes qui m&rsquo;\u00e9coutent. Je prends donc plus en compte ce facteur de responsabilit\u00e9.<\/p>\n<p type=\"textBlockArray\" class=\"sc-8d5aa35e-2 jwssUY\"><strong>Que dites-vous \u00e0 ceux qui trouvent que les rappeurs sont des frimeurs qui v\u00e9hiculent des messages souvent sexistes et agressifs?<\/strong><\/p>\n<p type=\"textBlockArray\" class=\"sc-8d5aa35e-2 jwssUY\">C&rsquo;est compr\u00e9hensible que cela ne plaise pas \u00e0 tout le monde. Il est vrai que certains messages, tout le monde ne peut pas les comprendre. Mais c&rsquo;est juste notre mani\u00e8re de nous exprimer. Je pense me d\u00e9tacher de tous ces codes un peu clich\u00e9s. Mais c&rsquo;est quand m\u00eame ce rap qui m&rsquo;a fait \u00e0 la base. J&rsquo;aurai donc toujours un lien avec le rap. Je m&rsquo;y reconnais donc, mais je trouve que je me diversifie.<\/p>\n<p type=\"textBlockArray\" class=\"sc-8d5aa35e-2 jwssUY\"><b><strong>Devenir rappeur a toujours \u00e9t\u00e9 une \u00e9vidence pour vous?<\/strong><\/b><\/p>\n<p type=\"textBlockArray\" class=\"sc-8d5aa35e-2 jwssUY\">Le rap, c&rsquo;est arriv\u00e9 dans ma vie vers mes 16 ans. Avant \u00e7a, j&rsquo;\u00e9tais \u00e9tudiant. Je cherchais \u00e0 travailler, je me d\u00e9brouillais. J&rsquo;\u00e9tais un jeune qui n&rsquo;\u00e9tait pas forc\u00e9ment dans le rap. Aujourd&rsquo;hui, cela repr\u00e9sente toute ma vie. Je ne fais que \u00e7a. C&rsquo;est comme \u00e7a que je m&rsquo;exprime, que j&rsquo;arrive \u00e0 produire mes musiques.<\/p>\n<p type=\"textBlockArray\" class=\"sc-8d5aa35e-2 jwssUY\"><strong>Vos parents vous ont-ils encourag\u00e9 dans ce choix de carri\u00e8re?<\/strong><\/p>\n<p type=\"textBlockArray\" class=\"sc-8d5aa35e-2 jwssUY\">Cela doit inqui\u00e9ter tous les parents quand leur enfant leur annonce qu&rsquo;il veut se lancer dans ce milieu. Les miens m&rsquo;ont quand m\u00eame soutenu. Et ils ont vu que pour moi cela a vite pris et que cela pouvait devenir s\u00e9rieux, une fois que j&rsquo;ai sign\u00e9 mes premiers contrats. Je n&rsquo;avais pas de plan B. Ils sont fiers de moi maintenant.<\/p>\n<p><a href=\"https:\/\/www.20min.ch\/fr\/auteurs\/41319027\/ludovic-jaccard\" class=\"sc-b1f21c84-2 egfiIF\" rel=\"nofollow noopener\" target=\"_blank\"><img decoding=\"async\" alt=\"Ludovic Jaccard\" src=\"https:\/\/www.europesays.com\/fr\/wp-content\/uploads\/2025\/10\/1760076972_167_e16c6c5c-b3be-438b-8b2c-6f5d8f74f8b0.jpeg\" class=\"sc-b1f21c84-1 iTOvpR\"\/><\/a><\/p>\n<p class=\"sc-f19a47c0-1 jKqFcj\">Ludovic Jaccard (lja) est journaliste \u00e0 la rubrique Stars&amp;Co de 20 minutes depuis 2010. Ses sujets: la vie des c\u00e9l\u00e9brit\u00e9s, la musique, le cin\u00e9ma et la t\u00e9l\u00e9vision.<\/p>\n","protected":false},"excerpt":{"rendered":"Le rappeur fran\u00e7ais Fav\u00e9 sort son deuxi\u00e8me album, \u00abPleins phares\u00bb, le 10 octobre.Fifou Du haut de ses 20&hellip;\n","protected":false},"author":2,"featured_media":451839,"comment_status":"","ping_status":"","sticky":false,"template":"","format":"standard","meta":{"footnotes":""},"categories":[1355],"tags":[58,59,1011,27,1361,873],"class_list":{"0":"post-451838","1":"post","2":"type-post","3":"status-publish","4":"format-standard","5":"has-post-thumbnail","7":"category-musique","8":"tag-divertissement","9":"tag-entertainment","10":"tag-fr","11":"tag-france","12":"tag-music","13":"tag-musique"},"share_on_mastodon":{"url":"https:\/\/pubeurope.com\/@fr\/115348411870474758","error":""},"_links":{"self":[{"href":"https:\/\/www.europesays.com\/fr\/wp-json\/wp\/v2\/posts\/451838","targetHints":{"allow":["GET"]}}],"collection":[{"href":"https:\/\/www.europesays.com\/fr\/wp-json\/wp\/v2\/posts"}],"about":[{"href":"https:\/\/www.europesays.com\/fr\/wp-json\/wp\/v2\/types\/post"}],"author":[{"embeddable":true,"href":"https:\/\/www.europesays.com\/fr\/wp-json\/wp\/v2\/users\/2"}],"replies":[{"embeddable":true,"href":"https:\/\/www.europesays.com\/fr\/wp-json\/wp\/v2\/comments?post=451838"}],"version-history":[{"count":0,"href":"https:\/\/www.europesays.com\/fr\/wp-json\/wp\/v2\/posts\/451838\/revisions"}],"wp:featuredmedia":[{"embeddable":true,"href":"https:\/\/www.europesays.com\/fr\/wp-json\/wp\/v2\/media\/451839"}],"wp:attachment":[{"href":"https:\/\/www.europesays.com\/fr\/wp-json\/wp\/v2\/media?parent=451838"}],"wp:term":[{"taxonomy":"category","embeddable":true,"href":"https:\/\/www.europesays.com\/fr\/wp-json\/wp\/v2\/categories?post=451838"},{"taxonomy":"post_tag","embeddable":true,"href":"https:\/\/www.europesays.com\/fr\/wp-json\/wp\/v2\/tags?post=451838"}],"curies":[{"name":"wp","href":"https:\/\/api.w.org\/{rel}","templated":true}]}}