{"id":451840,"date":"2025-10-10T06:17:39","date_gmt":"2025-10-10T06:17:39","guid":{"rendered":"https:\/\/www.europesays.com\/fr\/451840\/"},"modified":"2025-10-10T06:17:39","modified_gmt":"2025-10-10T06:17:39","slug":"un-cine-debat-a-cahors-pour-decouvrir-un-documentaire-ne-dun-impossible-voyage-a-gaza","status":"publish","type":"post","link":"https:\/\/www.europesays.com\/fr\/451840\/","title":{"rendered":"Un cin\u00e9-d\u00e9bat \u00e0 Cahors pour d\u00e9couvrir un documentaire n\u00e9 d\u2019un impossible voyage \u00e0 Gaza"},"content":{"rendered":"<p>\n                                                                    l&rsquo;essentiel<br \/>\n                                                                La r\u00e9alisatrice iranienne Sepideh Farsi devait se rendre \u00e0 Gaza en avril\u00a02024. Refoul\u00e9e \u00e0 la fronti\u00e8re, elle a trouv\u00e9 une solution bouleversante pour mener \u00e0 bien son projet\u00a0: faire d\u2019une jeune photojournaliste de Gaza-Ville ses yeux. Leur film, \u00ab\u00a0Put your soul\u00a0\u00bb, sera projet\u00e9 et d\u00e9battu au Grand Palais de Cahors, jeudi 6\u00a0novembre.\n                            <\/p>\n<p>C\u2019est une histoire de r\u00e9sistance et de solidarit\u00e9 artistique qui sera au c\u0153ur du prochain cin\u00e9-d\u00e9bat organis\u00e9 au cin\u00e9ma le Grand Palais de Cahors. Le jeudi 6\u00a0novembre \u00e0 18\u00a0h\u00a030, le public est invit\u00e9 \u00e0 d\u00e9couvrir \u00ab\u00a0Put your soul\u00a0\u00bb, un documentaire n\u00e9 d\u2019un obstacle et d\u2019une rencontre.<\/p>\n<p>L\u2019histoire commence par un refus. En avril\u00a02024, la r\u00e9alisatrice iranienne Sepideh Farsi tente de se rendre dans la bande de Gaza pour y documenter la vie lors de l\u2019op\u00e9ration isra\u00e9lienne. Emp\u00each\u00e9e d\u2019entrer, elle voit son projet\u00a0s\u2019arr\u00eater net. Mais la d\u00e9termination et les hasards du monde num\u00e9rique ont raison de cet \u00e9chec apparent. Sepideh Farsi entre en contact avec Fatma Fatem Hassona, une jeune photojournaliste talentueuse originaire de Gaza-Ville. C\u2019est ainsi que Fatem devient les yeux et le regard de la cin\u00e9aste sur le terrain. \u00c0 travers son objectif et sa sensibilit\u00e9, elle capture les r\u00e9alit\u00e9s de sa r\u00e9gion d\u00e9vast\u00e9e, donnant corps au film que Sepideh Farsi ne pouvait r\u00e9aliser seule. \u00ab\u00a0Put your soul\u00a0\u00bb est le fruit de cette collaboration unique, un t\u00e9moignage poignant transmis \u00e0 distance.<\/p>\n<p>La projection sera suivie d\u2019un d\u00e9bat anim\u00e9 par un collectif d\u2019associations engag\u00e9es\u00a0: la Ligue des droits de l\u2019Homme (LDH) de Cahors, l\u2019association France Palestine solidarit\u00e9 du Lot (AFPS46), Amnesty International et Ensemble pour un monde meilleur (ETM46). Un \u00e9change qui promet d\u2019\u00e9clairer les enjeux du film, les conditions de sa cr\u00e9ation et la situation dans les territoires palestiniens. Informations pratiques. Une soir\u00e9e forte en \u00e9motions et en enseignements, \u00e0 ne pas manquer pour tous ceux qui souhaitent comprendre les r\u00e9alit\u00e9s de Gaza \u00e0 travers le prisme de l\u2019art et du journalisme.<\/p>\n<p>Cin\u00e9-d\u00e9bat \u00ab\u00a0Put your soul\u00a0\u00bb, cin\u00e9ma le Grand Palais de\u00a0Cahors jeudi 6\u00a0novembre \u00e0 18\u00a0h\u00a030.<\/p>\n","protected":false},"excerpt":{"rendered":"l&rsquo;essentiel La r\u00e9alisatrice iranienne Sepideh Farsi devait se rendre \u00e0 Gaza en avril\u00a02024. Refoul\u00e9e \u00e0 la fronti\u00e8re, elle&hellip;\n","protected":false},"author":2,"featured_media":451841,"comment_status":"","ping_status":"","sticky":false,"template":"","format":"standard","meta":{"footnotes":""},"categories":[1354],"tags":[58,59,1346,1011,27,1360],"class_list":{"0":"post-451840","1":"post","2":"type-post","3":"status-publish","4":"format-standard","5":"has-post-thumbnail","7":"category-films","8":"tag-divertissement","9":"tag-entertainment","10":"tag-films","11":"tag-fr","12":"tag-france","13":"tag-movies"},"share_on_mastodon":{"url":"https:\/\/pubeurope.com\/@fr\/115348415705749732","error":""},"_links":{"self":[{"href":"https:\/\/www.europesays.com\/fr\/wp-json\/wp\/v2\/posts\/451840","targetHints":{"allow":["GET"]}}],"collection":[{"href":"https:\/\/www.europesays.com\/fr\/wp-json\/wp\/v2\/posts"}],"about":[{"href":"https:\/\/www.europesays.com\/fr\/wp-json\/wp\/v2\/types\/post"}],"author":[{"embeddable":true,"href":"https:\/\/www.europesays.com\/fr\/wp-json\/wp\/v2\/users\/2"}],"replies":[{"embeddable":true,"href":"https:\/\/www.europesays.com\/fr\/wp-json\/wp\/v2\/comments?post=451840"}],"version-history":[{"count":0,"href":"https:\/\/www.europesays.com\/fr\/wp-json\/wp\/v2\/posts\/451840\/revisions"}],"wp:featuredmedia":[{"embeddable":true,"href":"https:\/\/www.europesays.com\/fr\/wp-json\/wp\/v2\/media\/451841"}],"wp:attachment":[{"href":"https:\/\/www.europesays.com\/fr\/wp-json\/wp\/v2\/media?parent=451840"}],"wp:term":[{"taxonomy":"category","embeddable":true,"href":"https:\/\/www.europesays.com\/fr\/wp-json\/wp\/v2\/categories?post=451840"},{"taxonomy":"post_tag","embeddable":true,"href":"https:\/\/www.europesays.com\/fr\/wp-json\/wp\/v2\/tags?post=451840"}],"curies":[{"name":"wp","href":"https:\/\/api.w.org\/{rel}","templated":true}]}}