{"id":451851,"date":"2025-10-10T06:22:11","date_gmt":"2025-10-10T06:22:11","guid":{"rendered":"https:\/\/www.europesays.com\/fr\/451851\/"},"modified":"2025-10-10T06:22:11","modified_gmt":"2025-10-10T06:22:11","slug":"retraite-complementaire-2025-ce-que-vous-gagnerez-de-plus-grace-a-la-revalorisation-agirc-arrco-du-1er-novembre","status":"publish","type":"post","link":"https:\/\/www.europesays.com\/fr\/451851\/","title":{"rendered":"Retraite compl\u00e9mentaire 2025 : ce que vous gagnerez de plus gr\u00e2ce \u00e0 la revalorisation Agirc-Arrco du 1er novembre"},"content":{"rendered":"<p>Alors que l&rsquo;automne 2025 s&rsquo;installe, une actualit\u00e9 cruciale vient \u00e9gayer le paysage financier des retrait\u00e9s : la revalorisation de la retraite compl\u00e9mentaire Agirc-Arrco qui entre en vigueur au 1er novembre. C&rsquo;est une bonne nouvelle pour des millions de Fran\u00e7ais, qui scrutent chaque ann\u00e9e l&rsquo;\u00e9volution de leur pension, \u00e0 la lumi\u00e8re de l&rsquo;inflation et du co\u00fbt de la vie grandissant. Mais concr\u00e8tement, que faut-il attendre cette ann\u00e9e ? Des annonces officielles aux r\u00e9percussions sur le budget du quotidien, cet article d\u00e9crypte, chiffres \u00e0 l&rsquo;appui, ce qui va vraiment changer en 2025\u2026 et pourquoi cela compte plus que jamais dans le contexte actuel.<\/p>\n<p>Revalorisation Agirc-Arrco 2025 : pourquoi cette hausse va compter dans votre budget<\/p>\n<p>Difficile d&rsquo;ignorer l&rsquo;impact de la moindre hausse sur la pension quand l&rsquo;inflation s&rsquo;invite \u00e0 table, au supermarch\u00e9 ou dans les factures d&rsquo;\u00e9nergie. Chaque euro suppl\u00e9mentaire peut faire la diff\u00e9rence, en particulier pour ceux qui d\u00e9pendent <strong>majoritairement de leur retraite compl\u00e9mentaire<\/strong> pour boucler les fins de mois. En 2025, la revalorisation de l&rsquo;Agirc-Arrco s&rsquo;annonce certes plus mod\u00e9r\u00e9e que l&rsquo;an pass\u00e9, mais elle n&rsquo;en reste pas moins pr\u00e9cieuse au vu du contexte \u00e9conomique et de la hausse continue des prix.<\/p>\n<p>Zoom sur la formule magique : comment est calcul\u00e9e l&rsquo;augmentation de la retraite compl\u00e9mentaire<\/p>\n<p>Pas de myst\u00e8re \u00e0 percer, mais une formule \u00e0 conna\u00eetre : depuis 2023, la r\u00e8gle pr\u00e9voit que la <strong>hausse minimale<\/strong> de la valeur du point Agirc-Arrco \u00e9quivaut \u00e0 l&rsquo;inflation annuelle hors tabac, retranch\u00e9e de 0,4 point, sans jamais pouvoir tomber sous 0 %. Et si la conjoncture le permet, une marge de man\u0153uvre suppl\u00e9mentaire \u2013 jusqu&rsquo;\u00e0 <strong>+0,2 point<\/strong> \u2013 peut \u00eatre d\u00e9cid\u00e9e par le conseil d&rsquo;administration de l&rsquo;Agirc-Arrco.<\/p>\n<p>En clair, le montant vers\u00e9 : nombre de points acquis x valeur du point (cette derni\u00e8re \u00e9tant ajust\u00e9e chaque novembre selon la formule).<\/p>\n<p>De l&rsquo;inflation \u00e0 votre porte-monnaie : ce que r\u00e9v\u00e8lent les premiers indices pour 2025<\/p>\n<p>Les derni\u00e8res estimations de l&rsquo;Insee pour 2025 tablent sur une <strong>inflation moyenne annuelle d&rsquo;environ +1,0 %<\/strong> (hors tabac). Appliqu\u00e9e strictement, la revalorisation m\u00e9canique ressortirait autour de <strong>+0,6 %<\/strong>. Toutefois, la d\u00e9cision d\u00e9finitive \u2013 et son \u00e9ventuelle bonification jusqu&rsquo;\u00e0 +0,8 % \u2013 tombera \u00e0 la mi-octobre, lors du conseil d&rsquo;administration. <\/p>\n<p>\u00c0 retenir :<\/p>\n<p> la hausse se situera, sauf surprise, entre +0,6 % et +0,8 %.<\/p>\n<p>Concr\u00e8tement, combien gagnerez-vous de plus sur votre pension compl\u00e9mentaire ?<\/p>\n<p>Passons du tableau noir \u00e0 la r\u00e9alit\u00e9 du portefeuille. L&rsquo;essentiel, c&rsquo;est ce que vous <strong>percevrez effectivement<\/strong> chaque mois apr\u00e8s revalorisation.<\/p>\n<p>Cas pratiques : chiffre \u00e0 l&rsquo;appui, d\u00e9couvrez l&rsquo;impact de la revalorisation selon votre profil<\/p>\n<p>Pour donner une id\u00e9e concr\u00e8te, voici quelques exemples, bas\u00e9s sur la <strong>valeur actuelle du point (1,4386 \u20ac en vigueur depuis novembre 2024)<\/strong>. Les montants suivants sont en <strong>brut<\/strong>, avant d\u00e9duction de la CSG, CRDS et CASA :<\/p>\n<tr>\nNombre de points<br \/>\nPension mensuelle actuelle<br \/>\nApr\u00e8s +0,6 %<br \/>\nApr\u00e8s +0,8 %<br \/>\nGain mensuel (fourchette)<br \/>\n<\/tr>\n<tr>\n<td>3 000<\/td>\n<td>359,65 \u20ac<\/td>\n<td>361,81 \u20ac<\/td>\n<td>362,53 \u20ac<\/td>\n<td>+2,16 \u20ac \u00e0 +2,88 \u20ac<\/td>\n<\/tr>\n<tr>\n<td>5 000<\/td>\n<td>599,42 \u20ac<\/td>\n<td>603,00 \u20ac<\/td>\n<td>604,21 \u20ac<\/td>\n<td>+3,58 \u20ac \u00e0 +4,79 \u20ac<\/td>\n<\/tr>\n<p>Exemple p\u00e9dagogique : pour conna\u00eetre votre gain, multipliez <strong>votre nombre de points<\/strong> par la nouvelle valeur du point. Les montants nets peuvent varier selon votre situation fiscale et sociale.<\/p>\n<p>Simulation : comment anticiper la hausse sur vos futures mensualit\u00e9s<\/p>\n<p>Un simple calcul s&rsquo;impose pour anticiper le nouveau montant d\u00e8s novembre : <strong>nombre de points<\/strong> x <strong>1,4472 \u20ac<\/strong> (si +0,6 %, valeur arrondie \u00e0 titre d&rsquo;exemple p\u00e9dagogique), ou jusqu&rsquo;\u00e0 1,4501 \u20ac (si +0,8 %). Attention, le montant effectivement per\u00e7u pourra diff\u00e9rer en fonction des retenues sociales. Une rubrique d\u00e9di\u00e9e sur le site Agirc-Arrco permet de <strong>v\u00e9rifier vos points<\/strong> et de calculer le montant estim\u00e9.<\/p>\n<p>Les coulisses de la revalorisation : qui d\u00e9cide, quand et pourquoi ?<\/p>\n<p>Derri\u00e8re chaque hausse, un processus et un calendrier bien huil\u00e9, qui garantissent la <strong>transparence aux b\u00e9n\u00e9ficiaires<\/strong> du r\u00e9gime.<\/p>\n<p> Le calendrier de la revalorisation Agirc-Arrco et les \u00e9tapes cl\u00e9s avant le 1er novembre<\/p>\n<p>La revalorisation annuelle interviendra avec la mensualit\u00e9 de <strong>novembre 2025<\/strong>, vers\u00e9e au tout d\u00e9but du mois par l&rsquo;Agirc-Arrco. Mais avant cela, le taux exact doit \u00eatre <strong>valid\u00e9 mi-octobre<\/strong> lors du conseil d&rsquo;administration, qui \u00e9tudie les chiffres de l&rsquo;inflation et la sant\u00e9 financi\u00e8re du r\u00e9gime. D\u00e8s l&rsquo;annonce officielle, chacun pourra v\u00e9rifier le montant r\u00e9ajust\u00e9 sur son espace personnel ou via les documents envoy\u00e9s par la caisse.<\/p>\n<p>R\u00f4le du conseil d&rsquo;administration : transparence et n\u00e9gociations derri\u00e8re l&rsquo;annonce<\/p>\n<p>Les partenaires sociaux, administrateurs de l&rsquo;Agirc-Arrco, jouent un r\u00f4le central : ils peuvent d\u00e9cider d&rsquo;accorder une <strong>marge suppl\u00e9mentaire de +0,2 %<\/strong> pour adapter la hausse aux r\u00e9alit\u00e9s \u00e9conomiques. Ce m\u00e9canisme de gouvernance offre une certaine souplesse, tout en veillant \u00e0 pr\u00e9server la solidit\u00e9 financi\u00e8re du syst\u00e8me. Transparence et \u00e9quit\u00e9 restent de mise dans les discussions, loin des promesses hasardeuses ou des rumeurs de \u00ab\u00a0prime\u00a0\u00bb qui circulent parfois \u00e0 tort.<\/p>\n<p>Retrait\u00e9s, futurs retrait\u00e9s : comment tirer le meilleur parti de la hausse \u00e0 venir<\/p>\n<p>Au-del\u00e0 de la simple gratification sur le bulletin de pension, cette hausse \u2013 m\u00eame mod\u00e9r\u00e9e \u2013 offre l&rsquo;opportunit\u00e9 de <strong>repenser la gestion de son budget<\/strong> et d&rsquo;optimiser ses droits.<\/p>\n<p>Adapter son budget et ses projets \u00e0 la hausse pr\u00e9vue : strat\u00e9gies gagnantes<\/p>\n<p>S&rsquo;il serait illusoire de bouleverser l&rsquo;\u00e9quilibre financier d&rsquo;un foyer avec une augmentation de quelques euros par mois, il reste avis\u00e9 d&rsquo;int\u00e9grer cette variation dans son tableau de bord. Pourquoi ne pas ajuster une petite d\u00e9pense plaisir ou renforcer une cagnotte d&rsquo;\u00e9pargne ? Pour certains, c&rsquo;est aussi l&rsquo;occasion de <strong>revoir certains abonnements<\/strong>, de pr\u00e9voir des sorties suppl\u00e9mentaires ou de mieux anticiper les d\u00e9penses li\u00e9es \u00e0 la sant\u00e9, dont le poids ne cesse d&rsquo;augmenter avec l&rsquo;\u00e2ge.<\/p>\n<p>Optimiser ses droits compl\u00e9mentaires : les astuces \u00e0 ne pas manquer<\/p>\n<p>La hausse Agirc-Arrco n&rsquo;est qu&rsquo;une pi\u00e8ce du puzzle. Pour \u00ab\u00a0booster\u00a0\u00bb sa pension nette, pensez \u00e0 :<\/p>\n<ul>\n<li>V\u00e9rifier r\u00e9guli\u00e8rement ses relev\u00e9s pour d\u00e9tecter d&rsquo;<strong>\u00e9ventuelles anomalies<\/strong> ou oublis de points<\/li>\n<li>Demander des simulations sur le site de l&rsquo;Agirc-Arrco<\/li>\n<li>S&rsquo;informer sur ses taux de pr\u00e9l\u00e8vements sociaux (CSG, CRDS, CASA), qui peuvent varier selon vos revenus imposables<\/li>\n<li>Anticiper les \u00e9volutions de la retraite de base (revaloris\u00e9e, elle, au 1er janvier) : un bon timing pour faire le point global sur ses droits<\/li>\n<\/ul>\n<p> L&rsquo;essentiel \u00e0 retenir pour anticiper les changements et s\u00e9curiser votre retraite<\/p>\n<p>En cette rentr\u00e9e automnale, la vigilance s&rsquo;impose pour bien comprendre ce qui va \u00e9voluer et \u00e9viter les mauvaises surprises sur son compte bancaire.<\/p>\n<p> Les points cl\u00e9s de la revalorisation 2025 \u00e0 avoir en t\u00eate<\/p>\n<ul>\n<li><strong>Hausse minimale de la retraite compl\u00e9mentaire : ~+0,6 %<\/strong> d\u00e8s novembre 2025, possible revalorisation jusqu&rsquo;\u00e0 +0,8 % apr\u00e8s d\u00e9cision du conseil d&rsquo;administration<\/li>\n<li>Formule : inflation annuelle hors tabac \u2013 0,4 point (avec plancher \u00e0 0 %), plus \u00e9ventuelle majoration de +0,2 point<\/li>\n<li><strong>Pas de \u00ab\u00a0prime\u00a0\u00bb, de 13e mois ni d&rsquo;annonce d\u00e9finitive avant mi-octobre<\/strong><\/li>\n<li>Le montant de la pension est <strong>brut<\/strong> : les retenues sociales viennent toujours s&rsquo;y soustraire<\/li>\n<li><strong>Revalorisation compl\u00e9mentaire au 1er novembre<\/strong>, base au 1er janvier : ne pas confondre les deux<\/li>\n<\/ul>\n<p> Les questions \u00e0 se poser pour pr\u00e9parer l&rsquo;avenir en toute s\u00e9r\u00e9nit\u00e9<\/p>\n<ul>\n<li>Ai-je bien acc\u00e8s \u00e0 mon <strong>relev\u00e9 de points<\/strong> et \u00e0 mes avis de paiement ?<\/li>\n<li>La hausse annonc\u00e9e correspond-elle \u00e0 ce que j&rsquo;ai per\u00e7u, ou des pr\u00e9l\u00e8vements inattendus r\u00e9duisent-ils ma pension nette ?<\/li>\n<li>Mon budget est-il \u00e0 jour, int\u00e9grant la hausse attendue comme levier d&rsquo;ajustement ?<\/li>\n<li>Suis-je au fait de mes droits et d\u00e9marches pour \u00e9viter toute omission ou de mauvaise surprise ?<\/li>\n<\/ul>\n<p>En r\u00e9sum\u00e9, la revalorisation Agirc-Arrco du 1er novembre 2025, m\u00eame discr\u00e8te, offrira un <strong>petit coup de pouce<\/strong> aux pensions compl\u00e9mentaires, selon une r\u00e8gle transparente index\u00e9e sur l&rsquo;inflation. Pour des millions de retrait\u00e9s, c&rsquo;est \u00e0 la fois une garantie de pouvoir d&rsquo;achat et l&rsquo;occasion de revisiter ses projets d&rsquo;automne. Cette augmentation invite chacun \u00e0 s&rsquo;interroger sur la meilleure fa\u00e7on de s\u00e9curiser le confort de sa retraite, aujourd&rsquo;hui comme demain.<\/p>\n","protected":false},"excerpt":{"rendered":"Alors que l&rsquo;automne 2025 s&rsquo;installe, une actualit\u00e9 cruciale vient \u00e9gayer le paysage financier des retrait\u00e9s : la revalorisation&hellip;\n","protected":false},"author":2,"featured_media":451852,"comment_status":"","ping_status":"","sticky":false,"template":"","format":"standard","meta":{"footnotes":""},"categories":[6],"tags":[35,33,34,1011,27,56],"class_list":{"0":"post-451851","1":"post","2":"type-post","3":"status-publish","4":"format-standard","5":"has-post-thumbnail","7":"category-economie","8":"tag-business","9":"tag-economie","10":"tag-economy","11":"tag-fr","12":"tag-france","13":"tag-push"},"share_on_mastodon":{"url":"https:\/\/pubeurope.com\/@fr\/115348435383885634","error":""},"_links":{"self":[{"href":"https:\/\/www.europesays.com\/fr\/wp-json\/wp\/v2\/posts\/451851","targetHints":{"allow":["GET"]}}],"collection":[{"href":"https:\/\/www.europesays.com\/fr\/wp-json\/wp\/v2\/posts"}],"about":[{"href":"https:\/\/www.europesays.com\/fr\/wp-json\/wp\/v2\/types\/post"}],"author":[{"embeddable":true,"href":"https:\/\/www.europesays.com\/fr\/wp-json\/wp\/v2\/users\/2"}],"replies":[{"embeddable":true,"href":"https:\/\/www.europesays.com\/fr\/wp-json\/wp\/v2\/comments?post=451851"}],"version-history":[{"count":0,"href":"https:\/\/www.europesays.com\/fr\/wp-json\/wp\/v2\/posts\/451851\/revisions"}],"wp:featuredmedia":[{"embeddable":true,"href":"https:\/\/www.europesays.com\/fr\/wp-json\/wp\/v2\/media\/451852"}],"wp:attachment":[{"href":"https:\/\/www.europesays.com\/fr\/wp-json\/wp\/v2\/media?parent=451851"}],"wp:term":[{"taxonomy":"category","embeddable":true,"href":"https:\/\/www.europesays.com\/fr\/wp-json\/wp\/v2\/categories?post=451851"},{"taxonomy":"post_tag","embeddable":true,"href":"https:\/\/www.europesays.com\/fr\/wp-json\/wp\/v2\/tags?post=451851"}],"curies":[{"name":"wp","href":"https:\/\/api.w.org\/{rel}","templated":true}]}}