{"id":451866,"date":"2025-10-10T06:31:11","date_gmt":"2025-10-10T06:31:11","guid":{"rendered":"https:\/\/www.europesays.com\/fr\/451866\/"},"modified":"2025-10-10T06:31:11","modified_gmt":"2025-10-10T06:31:11","slug":"pour-ne-pas-qua-la-galere-sajoutent-les-soupcons","status":"publish","type":"post","link":"https:\/\/www.europesays.com\/fr\/451866\/","title":{"rendered":"pour ne pas qu\u2019\u00e0 la gal\u00e8re s\u2019ajoutent les soup\u00e7ons"},"content":{"rendered":"\n<p>Les militants associatifs du Comptoir des id\u00e9es ont repris, ce jeudi, leur b\u00e2ton de p\u00e8lerin, ou plut\u00f4t leur seau de colle, pour interpeller une nouvelle fois les Toulonnais, par affichage interpos\u00e9, sur des sujets qui d\u00e9rangent et sur lesquels les citoyens ne peuvent pourtant fermer les yeux. Cette fois, c\u2019est sur la pauvret\u00e9 que leur r\u00e9flexion est sollicit\u00e9e. Celle que l\u2019on voit dans nos rues et, plus sournoise, celle qui se cache dans des logements insalubres et (ou) qui vient grossir les rangs des b\u00e9n\u00e9ficiaires de l\u2019aide alimentaire, qu\u2019ils soient \u00e9tudiants, ch\u00f4meurs, retrait\u00e9s ou m\u00eame salari\u00e9s.<\/p>\n<p>C\u2019est ce que rappellent, devant le panneau d\u2019expression libre du boulevard Tess\u00e9, les d\u00e9fenseurs des droits humains \u00e0 nouveau mobilis\u00e9s. L\u2019occasion pour Guy Cochennec de rappeler que 15,3% des Varois vivent sous le seuil de pauvret\u00e9 et que 22,8% de m\u00e9nages pauvres sont locataires du parc priv\u00e9 \u00e0 cause de la p\u00e9nurie de logements sociaux.<\/p>\n<p> Un difficile acc\u00e8s aux droits\n              <\/p>\n<p>Face \u00e0 cette situation et \u00e0 l\u2019occasion, la semaine prochaine, de la Journ\u00e9e mondiale du refus de la mis\u00e8re, le Comit\u00e9 du 17\u00a0octobre organise deux rencontres pour donner la parole \u00e0 ceux qui ne l\u2019ont pas, et alerter le plus grand nombre sur l\u2019urgence qu\u2019il y a \u00e0 respecter la dignit\u00e9 de ceux qui vivent la gal\u00e8re au quotidien et qui ont de plus en plus \u00e0 supporter un regard pas toujours bienveillant.<\/p>\n<p>\u00ab\u00a0On part du constat que non seulement \u00eatre pauvre est d\u00e9j\u00e0 un combat en soi, mais qu\u2019en plus, il y a une vraie maltraitance de la part des institutions due \u00e0 un manque de moyens des services publics pour accomplir leur mission, ou \u00e0 des directives qui font peser le soup\u00e7on sur ces personnes que normalement on devrait aider\u00a0\u00bb, commence Mich\u00e8le Monte d\u2019ATD Quart-Monde.<\/p>\n<p>Avec un acc\u00e8s aux droits rendu difficile. Des obstacles, ajoute-t-elle, aggrav\u00e9s \u00ab\u00a0par la d\u00e9mat\u00e9rialisation des services, par l\u2019absence de contact humain, donc qui se r\u00e9v\u00e8le vraiment dramatique\u00a0\u00bb. Et de poursuivre\u00a0: \u00ab\u00a0On a \u00e9galement des gens qui sont \u00e0 la rue et qui n\u2019arrivent pas \u00e0 avoir le 115. \u00c0 6h du matin, c\u2019est d\u00e9j\u00e0 compl\u00e8tement satur\u00e9 pour la nuit \u00e0 venir.\u00a0\u00bb<\/p>\n<p>Plusieurs associations seront pr\u00e9sentes pour t\u00e9moigner, lors de la table ronde organis\u00e9e \u00e0 partir de 18h le 16 octobre \u00e0 l\u2019H\u00e9lice*, de ces situations multiples qui demandent un accompagnement sp\u00e9cifique. Le Mouvement du Nid sera l\u00e0 par exemple pour \u00e9voquer la sortie de la prostitution et le manque de moyens, en termes de logement notamment, pour les soustraire \u00e0 l\u2019emprise des r\u00e9seaux.<\/p>\n<p>Un comptoir des id\u00e9es qui compte bien aussi mettre en avant le r\u00f4le indispensable que joue le monde associatif pour faire vivre la solidarit\u00e9 et pallier les carences de l\u2019\u00c9tat dans l\u2019urgence sociale. Afin de susciter des vocations et recruter des b\u00e9n\u00e9voles.<\/p>\n<p>La deuxi\u00e8me manifestation se d\u00e9roulera le 18 au 55 rue de Dakar, \u00e0 Saint-Jean-du-Var. Une journ\u00e9e conviviale d\u2019\u00e9changes et de rencontres avec un repas partag\u00e9 et l\u2019apr\u00e8s-midi, des jeux et des animations sur les Droits de l\u2019homme et les enjeux de notre temps.<\/p>\n<p>L\u2019association Ka\u00efr\u00e9 offrira une repr\u00e9sentation sur le th\u00e8me de l\u2019avenir et de l\u2019\u00e9cologie : \u00ab\u00a0l\u2019Espoir vert\u00a0\u00bb.<\/p>\n<p>*68 rue Victor-Agostini, \u00e0 Toulon<\/p>\n","protected":false},"excerpt":{"rendered":"Les militants associatifs du Comptoir des id\u00e9es ont repris, ce jeudi, leur b\u00e2ton de p\u00e8lerin, ou plut\u00f4t leur&hellip;\n","protected":false},"author":2,"featured_media":451867,"comment_status":"","ping_status":"","sticky":false,"template":"","format":"standard","meta":{"footnotes":""},"categories":[9619],"tags":[1111,11,1777,674,1011,27,6459,12,882,25,2310],"class_list":{"0":"post-451866","1":"post","2":"type-post","3":"status-publish","4":"format-standard","5":"has-post-thumbnail","7":"category-toulon","8":"tag-actu","9":"tag-actualites","10":"tag-eu","11":"tag-europe","12":"tag-fr","13":"tag-france","14":"tag-logements-sociaux","15":"tag-news","16":"tag-provence-alpes-cote-dazur","17":"tag-republique-francaise","18":"tag-toulon"},"share_on_mastodon":{"url":"https:\/\/pubeurope.com\/@fr\/115348470718569469","error":""},"_links":{"self":[{"href":"https:\/\/www.europesays.com\/fr\/wp-json\/wp\/v2\/posts\/451866","targetHints":{"allow":["GET"]}}],"collection":[{"href":"https:\/\/www.europesays.com\/fr\/wp-json\/wp\/v2\/posts"}],"about":[{"href":"https:\/\/www.europesays.com\/fr\/wp-json\/wp\/v2\/types\/post"}],"author":[{"embeddable":true,"href":"https:\/\/www.europesays.com\/fr\/wp-json\/wp\/v2\/users\/2"}],"replies":[{"embeddable":true,"href":"https:\/\/www.europesays.com\/fr\/wp-json\/wp\/v2\/comments?post=451866"}],"version-history":[{"count":0,"href":"https:\/\/www.europesays.com\/fr\/wp-json\/wp\/v2\/posts\/451866\/revisions"}],"wp:featuredmedia":[{"embeddable":true,"href":"https:\/\/www.europesays.com\/fr\/wp-json\/wp\/v2\/media\/451867"}],"wp:attachment":[{"href":"https:\/\/www.europesays.com\/fr\/wp-json\/wp\/v2\/media?parent=451866"}],"wp:term":[{"taxonomy":"category","embeddable":true,"href":"https:\/\/www.europesays.com\/fr\/wp-json\/wp\/v2\/categories?post=451866"},{"taxonomy":"post_tag","embeddable":true,"href":"https:\/\/www.europesays.com\/fr\/wp-json\/wp\/v2\/tags?post=451866"}],"curies":[{"name":"wp","href":"https:\/\/api.w.org\/{rel}","templated":true}]}}