{"id":451878,"date":"2025-10-10T06:40:20","date_gmt":"2025-10-10T06:40:20","guid":{"rendered":"https:\/\/www.europesays.com\/fr\/451878\/"},"modified":"2025-10-10T06:40:20","modified_gmt":"2025-10-10T06:40:20","slug":"on-va-a-dijon-pour-prendre-des-points-match-piege-en-perspective-pour-le-cesson-rennes-metropole-handball","status":"publish","type":"post","link":"https:\/\/www.europesays.com\/fr\/451878\/","title":{"rendered":"\u00ab\u00a0On va \u00e0 Dijon pour prendre des points\u00a0\u00bb, match pi\u00e8ge en perspective pour le Cesson Rennes M\u00e9tropole Handball"},"content":{"rendered":"<p><img decoding=\"async\" class=\"\" style=\"width:100%;max-width:100%\" src=\"https:\/\/www.europesays.com\/fr\/wp-content\/uploads\/2025\/10\/IMG_1923__1__jpg21760010026985-format16by9.jpg\" alt=\"Les Cessonnais \u00e0 l'entra\u00eenement d\u00e9but septembre. \"\/><\/p>\n<p>Les Cessonnais \u00e0 l&rsquo;entra\u00eenement d\u00e9but septembre. <\/p>\n<p>Cr\u00e9dit : Adrien Michaud<\/p>\n<p style=\"text-align: justify;\">Un match pour retrouver le chemin de la victoire. Ce vendredi 10 octobre, \u00e0 20h30,<strong> le Cesson Rennes M\u00e9tropole Handball se d\u00e9place sur le terrain de Dijon<\/strong>, pour le compte de la 6\u00e8me journ\u00e9e de championnat.<\/p>\n<p style=\"text-align: justify;\"><strong>Les Cessonnais, <a href=\"https:\/\/www.lnh.fr\/liquimoly-starligue\/classement\" rel=\"noopener\" target=\"_blank\">6e au classement<\/a>, sont auteurs d\u2019un bon d\u00e9but de saison<\/strong>, malgr\u00e9 la d\u00e9faite, le week-end dernier, contre un des favoris pour le titre, Montpellier. Afin de renouer avec le succ\u00e8s, ils affrontent des <strong>Dijonnais bon dernier du championnat, toujours avec 0 point. <\/strong>La rencontre, les objectifs de la saison et les prochaines grandes dates, <strong>le coach breton S\u00e9bastien Leriche r\u00e9pond aux questions d\u2019Alouette. <\/strong><\/p>\n<p style=\"text-align: justify;\">\u00a0<\/p>\n<p style=\"text-align: justify;\"><strong>Apr\u00e8s la d\u00e9faite de la semaine derni\u00e8re contre Montpellier, vous pouvez retrouver le chemin de la victoire. Comment vous avez pr\u00e9par\u00e9 vos joueurs ? <\/strong><\/p>\n<p style=\"text-align: justify;\"><strong>S\u00e9bastien Leriche : <\/strong>D\u00e9j\u00e0, <strong>on va \u00e0 Dijon pour prendre des points, \u00e7a c&rsquo;est une certitude. <\/strong>Cependant, il faut faire attention. Dijon va tout faire pour ouvrir son compteur le plus vite possible, donc il faut qu&rsquo;on soit pr\u00eat. Les joueurs, eux, doivent s\u2019investir et s&rsquo;engager pour cette rencontre. Il y a un plan de route qui va \u00eatre fait par moi-m\u00eame et par l&rsquo;ensemble du staff. Nous, on va g\u00e9rer, on va faire les changements, mais les joueurs eux, de leur c\u00f4t\u00e9, quand ils seront sur le terrain, <strong>ils n\u2019auront pas de calcul \u00e0 faire.<\/strong><\/p>\n<p style=\"text-align: justify;\">\u00a0<\/p>\n<p style=\"text-align: justify;\"><strong>Ce soir en cas de victoire, vous pouvez remonter \u00e0 la 5e, voire la 4e place du classement, selon le r\u00e9sultat du match entre Tremblay et Limoges. Vous prenez de l\u2019avance sur l\u2019objectif final qui est de terminer dans les 10 premiers du championnat\u00a0? <\/strong><\/p>\n<p style=\"text-align: justify;\">Forc\u00e9ment, aujourd&rsquo;hui, <strong>les r\u00e9sultats nous font croire que la mayonnaise a pris<\/strong>. \u00c7a nous laisse \u00e0 penser qu&rsquo;on avance bien, et qu&rsquo;on a bien travaill\u00e9 pendant l\u2019\u00e9t\u00e9. Pour autant, ce n&rsquo;est que le d\u00e9but de saison, et encore une fois, il y a encore beaucoup de progr\u00e8s \u00e0 faire. Mais \u00e7a me ravit, car en d\u00e9pit des bons r\u00e9sultats, on voit qu&rsquo;on a encore la possibilit\u00e9 de faire progresser cette \u00e9quipe. Apr\u00e8s, <strong>c\u2019est s\u00fbr que math\u00e9matiquement, le d\u00e9but de saison est plut\u00f4t tr\u00e8s bon<\/strong>. Donc, je me r\u00e9p\u00e8te, mais une saison c\u2019est long, par contre, on est dans les temps de <strong>notre objectif qui est cette neuvi\u00e8me place<\/strong>. Ce n&rsquo;est pas irr\u00e9alisable. Nous avons vraiment cette volont\u00e9 d&rsquo;\u00eatre dans cette zone du tableau avec des \u00e9quipes comme Chartres, ou Aix.<\/p>\n<p style=\"text-align: justify;\"><strong>Vous \u00eates en lice dans une autre comp\u00e9tition encore, la Coupe de France. Cependant, vous n\u2019avez pas \u00e9t\u00e9 g\u00e2t\u00e9 par le tirage, en 8\u00e8me de finale, vous avez tir\u00e9 le PSG, chez eux, \u00e0 Coubertin. Une salle o\u00f9 ils sont invaincus depuis des ann\u00e9es contre les \u00e9quipes fran\u00e7aises. Comment on aborde une rencontre comme celle-ci ?<\/strong><\/p>\n<p style=\"text-align: justify;\">On aurait forc\u00e9ment aim\u00e9 ou pr\u00e9f\u00e9r\u00e9 recevoir Paris plut\u00f4t que d&rsquo;aller l\u00e0-bas, c&rsquo;est une certitude. Qui plus est en plein milieu du mois de d\u00e9cembre, avant d&rsquo;aller \u00e0 Nantes. <strong>C&rsquo;est dommage, parce que \u00e7a aurait \u00e9t\u00e9 une belle f\u00eate de s&rsquo;offrir un tour de Coupe de France ici contre Paris<\/strong>.<\/p>\n<p style=\"text-align: justify;\">Bon, maintenant, le tirage au sort en a d\u00e9cid\u00e9 autrement et il va falloir qu&rsquo;on joue ce match comme des comp\u00e9titeurs. Et <strong>si \u00e7a passe, \u00e7a sera le charme de la Coupe de France <\/strong>et on pourra parler d\u2019un exploit. Apr\u00e8s, <strong>les exploits, ils arrivent parce qu&rsquo;on y croit. <\/strong>Donc on va y aller en essayant d&rsquo;\u00eatre conqu\u00e9rant, tout en ayant conscience que \u00e7a va \u00eatre difficile.<\/p>\n","protected":false},"excerpt":{"rendered":"Les Cessonnais \u00e0 l&rsquo;entra\u00eenement d\u00e9but septembre. Cr\u00e9dit : Adrien Michaud Un match pour retrouver le chemin de la&hellip;\n","protected":false},"author":2,"featured_media":451879,"comment_status":"","ping_status":"","sticky":false,"template":"","format":"standard","meta":{"footnotes":""},"categories":[2821],"tags":[1111,11,829,15329,83,2930,1777,674,1011,27,1792,12,93,584,25,517],"class_list":{"0":"post-451878","1":"post","2":"type-post","3":"status-publish","4":"format-standard","5":"has-post-thumbnail","7":"category-rennes","8":"tag-actu","9":"tag-actualites","10":"tag-bretagne","11":"tag-cesson","12":"tag-coupe-de-france","13":"tag-dijon","14":"tag-eu","15":"tag-europe","16":"tag-fr","17":"tag-france","18":"tag-handball","19":"tag-news","20":"tag-psg","21":"tag-rennes","22":"tag-republique-francaise","23":"tag-sport"},"share_on_mastodon":{"url":"https:\/\/pubeurope.com\/@fr\/115348506590974788","error":""},"_links":{"self":[{"href":"https:\/\/www.europesays.com\/fr\/wp-json\/wp\/v2\/posts\/451878","targetHints":{"allow":["GET"]}}],"collection":[{"href":"https:\/\/www.europesays.com\/fr\/wp-json\/wp\/v2\/posts"}],"about":[{"href":"https:\/\/www.europesays.com\/fr\/wp-json\/wp\/v2\/types\/post"}],"author":[{"embeddable":true,"href":"https:\/\/www.europesays.com\/fr\/wp-json\/wp\/v2\/users\/2"}],"replies":[{"embeddable":true,"href":"https:\/\/www.europesays.com\/fr\/wp-json\/wp\/v2\/comments?post=451878"}],"version-history":[{"count":0,"href":"https:\/\/www.europesays.com\/fr\/wp-json\/wp\/v2\/posts\/451878\/revisions"}],"wp:featuredmedia":[{"embeddable":true,"href":"https:\/\/www.europesays.com\/fr\/wp-json\/wp\/v2\/media\/451879"}],"wp:attachment":[{"href":"https:\/\/www.europesays.com\/fr\/wp-json\/wp\/v2\/media?parent=451878"}],"wp:term":[{"taxonomy":"category","embeddable":true,"href":"https:\/\/www.europesays.com\/fr\/wp-json\/wp\/v2\/categories?post=451878"},{"taxonomy":"post_tag","embeddable":true,"href":"https:\/\/www.europesays.com\/fr\/wp-json\/wp\/v2\/tags?post=451878"}],"curies":[{"name":"wp","href":"https:\/\/api.w.org\/{rel}","templated":true}]}}