{"id":451880,"date":"2025-10-10T06:41:12","date_gmt":"2025-10-10T06:41:12","guid":{"rendered":"https:\/\/www.europesays.com\/fr\/451880\/"},"modified":"2025-10-10T06:41:12","modified_gmt":"2025-10-10T06:41:12","slug":"ostwald-un-air-de-broadway-souffle-sur-le-point-deau-avec-la-comedie-musicale-oliver","status":"publish","type":"post","link":"https:\/\/www.europesays.com\/fr\/451880\/","title":{"rendered":"Ostwald. Un air de Broadway souffle sur le Point d\u2019Eau avec la com\u00e9die musicale \u00ab\u00a0Oliver\u00a0!\u00a0\u00bb"},"content":{"rendered":"<p>Voici Oliver. Orphelin, n\u00e9 quelques minutes avant le dernier souffle de sa m\u00e8re. Mal nourri, apprenti n\u00e9glig\u00e9 d\u2019un croque-mort, moqu\u00e9 et battu. Pour fuir la violence d\u2019une vie d\u2019un condamn\u00e9 \u00e0 subir, il s\u2019enfuit \u00e0 Londres et trouve accueil aupr\u00e8s d\u2019une bande de petits voleurs et\u00a0pickpockets men\u00e9e par le vieux Fagin. Jusqu\u2019au jour o\u00f9 tout change. \u00c0 nouveau.<\/p>\n<p>C\u2019est cette premi\u00e8re d\u00e9nonciation dickensienne du syst\u00e8me \u00e9ducatif victorien et de l\u2019injustice sociale que <a href=\"https:\/\/www.dna.fr\/culture-loisirs\/2021\/10\/18\/young-actors-theater-strasbourg-joue-annie-un-classique-de-broadway\" target=\"_blank\" rel=\"nofollow noopener\">la troupe anglophone Yats<\/a> a choisi de porter sur sc\u00e8ne lors de la saison 2025-2026.<\/p>\n<p>Sur la musique du compositeur et parolier Lionel Bart, cr\u00e9ateur de cette com\u00e9die musicale, la troupe se penche sur l\u2019\u00e9pop\u00e9e d\u2019Oliver \u2013 belle histoire de r\u00e9demption \u2013 avec la m\u00eame ambition\u00a0qui l\u2019anime depuis sa cr\u00e9ation il y a 12 ans\u00a0: r\u00e9v\u00e9ler de jeunes talents, encadr\u00e9s par une \u00e9quipe de professionnels, \u00e0 travers le r\u00e9pertoire am\u00e9ricain des com\u00e9dies musicales.<\/p>\n<p>  45 \u00e9l\u00e8ves s\u00e9lectionn\u00e9s au printemps<\/p>\n<p>Entour\u00e9s du metteur en sc\u00e8ne Victor Benedetti, \u00e9galement directeur artistique de Black Box Opera Theater aux \u00c9tats-Unis, la directrice musicale et soprano Juliana Rambaldi qui a collabor\u00e9 avec le Lyric Opera de Chicago et le New York City Opera, puis la chor\u00e9graphe new-yorkaise Alicia O\u2019Callahan, les 45 \u00e9l\u00e8ves alsaciens, s\u00e9lectionn\u00e9s suite aux auditions du printemps suivent une formation compl\u00e8te &#8211; chant, danse, jeu. Les jeunes com\u00e9diens viennent principalement du lyc\u00e9e des Pontonniers, de l\u2019\u00c9cole europ\u00e9enne de Strasbourg, du lyc\u00e9e Sturm, du coll\u00e8ge de l\u2019Esplanade, du coll\u00e8ge Saint-\u00c9tienne, du coll\u00e8ge Martin Schongauer, du coll\u00e8ge Lucie Berger, de Notre-Dame de Sion, de Sainte-Anne et du lyc\u00e9e Jean Rostand.<\/p>\n<p>Ce contenu est bloqu\u00e9 car vous n&rsquo;avez pas accept\u00e9 les cookies et autres traceurs.<\/p>\n<p>En cliquant sur \u00ab J\u2019accepte \u00bb, les cookies et autres traceurs seront d\u00e9pos\u00e9s et vous pourrez visualiser les contenus  (<a href=\"\" class=\"consentModule_policy\" target=\"_blank\" title=\"Consulter la politique de protection des donn\u00e9es du fournisseur\">plus d&rsquo;informations<\/a>).<\/p>\n<p>En cliquant sur \u00ab J\u2019accepte tous les cookies \u00bb, vous autorisez des d\u00e9p\u00f4ts de cookies et autres traceurs pour le stockage de vos donn\u00e9es sur nos sites et applications \u00e0 des fins de personnalisation et de ciblage publicitaire.<\/p>\n<p class=\"consentModule_secondaryText\">Vous gardez la possibilit\u00e9 de retirer votre consentement \u00e0 tout moment en consultant notre <a href=\"https:\/\/www.dna.fr\/protection-des-donnees\" target=\"_blank\" title=\"Consulter notre politique de protection des donn\u00e9es\" rel=\"nofollow noopener\">politique de protection des donn\u00e9es<\/a>. <br \/>&#13;<br \/>\n            <a href=\"https:\/\/www.dna.fr\/culture-loisirs\/2025\/10\/09\/javascript:Didomi.notice.show()\" class=\"consentModule_cmp\" rel=\"nofollow noopener\" target=\"_blank\">G\u00e9rer mes choix<\/a>&#13;\n        <\/p>\n<p>&#13;<br \/>\n                        J&rsquo;accepte&#13;<br \/>\n            J&rsquo;accepte tous les cookies&#13;\n        <\/p>\n<p>Les r\u00e9p\u00e9titions ont d\u00e9but\u00e9 le 27\u00a0ao\u00fbt, avec une premi\u00e8re phase intensive au Point d\u2019Eau, suivie d\u2019un rythme soutenu de trois r\u00e9p\u00e9titions par semaine \u00e0 l\u2019\u00c9cole europ\u00e9enne. Soit\u00a0plus de 200 heures de travail collectif, dans une ambiance studieuse avec des s\u00e9quences \u00ab\u00a0devoirs\u00a0\u00bb entre deux sc\u00e8nes. Un exploit pour ces jeunes artistes en herbe.<\/p>\n<p class=\"note\">Oliver\u00a0! Au Point d\u2019Eau, 17 all\u00e9e Ren\u00e9 Cassin, Ostwald. Dur\u00e9e\u00a0: 150 minutes, avec un entracte de 30 minutes. Le samedi 11\u00a0octobre \u00e0 20\u00a0h\/dimanche 12\u00a0octobre \u00e0 15\u00a0h, vendredi 17\u00a0octobre \u00e0 20\u00a0h, samedi 18\u00a0octobre \u00e0 20\u00a0h et dimanche 19\u00a0octobre \u00e0 15\u00a0h. Billetterie https:\/\/yatstrasbourg.com<\/p>\n","protected":false},"excerpt":{"rendered":"Voici Oliver. Orphelin, n\u00e9 quelques minutes avant le dernier souffle de sa m\u00e8re. Mal nourri, apprenti n\u00e9glig\u00e9 d\u2019un&hellip;\n","protected":false},"author":2,"featured_media":451881,"comment_status":"","ping_status":"","sticky":false,"template":"","format":"standard","meta":{"footnotes":""},"categories":[2820],"tags":[1111,11,1687,2880,1777,674,107,1011,27,775,12,6611,25,3140,640,3089],"class_list":{"0":"post-451880","1":"post","2":"type-post","3":"status-publish","4":"format-standard","5":"has-post-thumbnail","7":"category-strasbourg","8":"tag-actu","9":"tag-actualites","10":"tag-culture-loisirs","11":"tag-edition-strasbourg","12":"tag-eu","13":"tag-europe","14":"tag-fil-info","15":"tag-fr","16":"tag-france","17":"tag-grand-est","18":"tag-news","19":"tag-ostwald","20":"tag-republique-francaise","21":"tag-spectacle","22":"tag-strasbourg","23":"tag-strasbourg-sud"},"share_on_mastodon":{"url":"https:\/\/pubeurope.com\/@fr\/115348510121698071","error":""},"_links":{"self":[{"href":"https:\/\/www.europesays.com\/fr\/wp-json\/wp\/v2\/posts\/451880","targetHints":{"allow":["GET"]}}],"collection":[{"href":"https:\/\/www.europesays.com\/fr\/wp-json\/wp\/v2\/posts"}],"about":[{"href":"https:\/\/www.europesays.com\/fr\/wp-json\/wp\/v2\/types\/post"}],"author":[{"embeddable":true,"href":"https:\/\/www.europesays.com\/fr\/wp-json\/wp\/v2\/users\/2"}],"replies":[{"embeddable":true,"href":"https:\/\/www.europesays.com\/fr\/wp-json\/wp\/v2\/comments?post=451880"}],"version-history":[{"count":0,"href":"https:\/\/www.europesays.com\/fr\/wp-json\/wp\/v2\/posts\/451880\/revisions"}],"wp:featuredmedia":[{"embeddable":true,"href":"https:\/\/www.europesays.com\/fr\/wp-json\/wp\/v2\/media\/451881"}],"wp:attachment":[{"href":"https:\/\/www.europesays.com\/fr\/wp-json\/wp\/v2\/media?parent=451880"}],"wp:term":[{"taxonomy":"category","embeddable":true,"href":"https:\/\/www.europesays.com\/fr\/wp-json\/wp\/v2\/categories?post=451880"},{"taxonomy":"post_tag","embeddable":true,"href":"https:\/\/www.europesays.com\/fr\/wp-json\/wp\/v2\/tags?post=451880"}],"curies":[{"name":"wp","href":"https:\/\/api.w.org\/{rel}","templated":true}]}}