{"id":451884,"date":"2025-10-10T06:43:10","date_gmt":"2025-10-10T06:43:10","guid":{"rendered":"https:\/\/www.europesays.com\/fr\/451884\/"},"modified":"2025-10-10T06:43:10","modified_gmt":"2025-10-10T06:43:10","slug":"nice-un-nouvel-outil-deploye-pour-mesurer-la-sante-mentale-des-etudiants-azureens-voici-lequel","status":"publish","type":"post","link":"https:\/\/www.europesays.com\/fr\/451884\/","title":{"rendered":"Nice. Un nouvel outil d\u00e9ploy\u00e9 pour mesurer la sant\u00e9 mentale des \u00e9tudiants azur\u00e9ens, voici lequel"},"content":{"rendered":"<p>            Par<br \/>\n        <strong><br \/>\n            <a href=\"https:\/\/actu.fr\/auteur\/arthur-frand\" title=\"Consulter tous les articles de Arthur Frand\" rel=\"nofollow noopener\" target=\"_blank\">Arthur Frand<\/a><br \/>\n        <\/strong><\/p>\n<p>        Publi\u00e9 le<\/p>\n<p>            10 oct. 2025 \u00e0 8h06        <\/p>\n<p>Il est pr\u00e9sent\u00e9 comme <strong>simple, concret et bienveillant. <\/strong>\u00c0 l\u2019occasion de la journ\u00e9e mondiale de la sant\u00e9 mentale ce vendredi 10\u00a0octobre 2025, l\u2019<a href=\"https:\/\/actu.fr\/provence-alpes-cote-d-azur\/nice_06088\/l-universite-de-nice-cote-d-azur-tres-mal-notee-par-ce-classement_62326410.html\" rel=\"nofollow noopener\" target=\"_blank\">Universit\u00e9 C\u00f4te d\u2019Azur<\/a>, en partenariat avec le Centre de Sant\u00e9 Universitaire et les acteurs Conseil Local en Sant\u00e9 Mentale de la Ville de <a href=\"https:\/\/actu.fr\/nice\/\" rel=\"nofollow noopener\" target=\"_blank\">Nice<\/a> (<a href=\"https:\/\/actu.fr\/provence-alpes-cote-d-azur\/alpes-maritimes_06\" rel=\"nofollow noopener\" target=\"_blank\">Alpes-Maritimes<\/a>), d\u00e9ploie un <strong>nouvel outil de pr\u00e9vention<\/strong>.<\/p>\n<p class=\" wall-content\">Il s\u2019agit d\u2019un <strong>barom\u00e8tre de couleurs<\/strong>, disponible en papier et en ligne, qui sert \u00e0 \u00e9valuer l\u2019\u00e9tat psychologique des \u00e9tudiants ni\u00e7ois et azur\u00e9ens.<\/p>\n<p>Comment fonctionne-t-il\u2009?<\/p>\n<p class=\" wall-content\">Chaque \u00e9tudiant d\u2019un campus de l\u2019Universit\u00e9 C\u00f4te d\u2019Azur (implant\u00e9e \u00e0 Nice, Cannes, Grasse, et Menton) est invit\u00e9 \u00e0 \u00e9valuer \u00ab\u2009son \u00e9tat de bien-\u00eatre psychologique\u2009\u00bb. Comment\u2009? En observant une s\u00e9rie d\u2019indicateurs li\u00e9s au sommeil, au stress, \u00e0 la motivation, aux \u00e9motions, \u00e0 l\u2019\u00e9quilibre de vie et aux relations sociales.<\/p>\n<p class=\" wall-content\">Ce barom\u00e8tre est compos\u00e9 de <strong>quatre couleurs<\/strong>. Du vert au rouge. Si vous vous estimez vous situer dans les indicateurs verts ci-dessous \u00ab\u2009Je me sens bien, je dors bien\u00a0etc.\u2009\u00bb, votre \u00e9tat psychologique est consid\u00e9r\u00e9 comme bon. Deux niveaux interm\u00e9diaires sont pr\u00e9sents, en jaune et en orange. Lorsque vous ressentez parfois \u00ab\u2009de la tristesse et de l\u2019angoisse,\u2009\u00bb \u00ab\u2009des probl\u00e8mes de sommeil ou alimentaires\u2009\u00bb ou \u00ab\u2009un sentiment isolement\u2009\u00bb. Dans ces cas-l\u00e0, il est conseill\u00e9 de prendre soin de soi et d\u2019en parler \u00e0 quelqu\u2019un autour de soi.<\/p>\n<p>Indicateurs rouges\u2009: il est recommand\u00e9 de consulter un professionnel<\/p>\n<p class=\" wall-content\">Enfin, lorsque vous vous situez dans les indicateurs en rouge, plus forts comme \u00ab\u2009Je souffre d\u2019\u00eatre seul, je suis submerg\u00e9 mon anxi\u00e9t\u00e9 ou j\u2019ai des pens\u00e9es suicidaires\u2009\u00bb , il est recommand\u00e9 d\u2019en parler <strong>\u00e0 un professionnel de sant\u00e9<\/strong>.<\/p>\n<p>Ou et comment trouver ce barom\u00e8tre\u2009?<\/p>\n<p class=\" wall-content\">Le barom\u00e8tre de la sant\u00e9 mentale des \u00e9tudiants est disponible en <strong>format papier<\/strong> sur les stands de pr\u00e9vention organis\u00e9s sur les campus ni\u00e7ois, aupr\u00e8s des professionnels du Centre de Sant\u00e9 Universitaire de Nice mais aussi <strong>en ligne<\/strong>. En effet, une version num\u00e9rique du Barom\u00e8tre est \u00e9galement disponible sur le site d\u2019Universit\u00e9 C\u00f4te d\u2019Azur. \u00ab\u2009Elle permet une auto-\u00e9valuation rapide, anonyme et confidentielle, avec une orientation directe vers les services d\u2019aide adapt\u00e9s \u00e0 chaque situation\u2009\u00bb, pr\u00e9cise l\u2019Universit\u00e9 C\u00f4te d\u2019Azur.<\/p>\n<p class=\" wall-content\">Chaque ann\u00e9e, le Centre de Sant\u00e9 Universitaire C\u00f4te d\u2019Azur r\u00e9alise plus de <strong>2\u2009200 consultations de soutien psychologique<\/strong> pour les \u00e9tudiants et les personnels. Trois\u00a0\u00e9quipes psychologues interviennent sur une dizaine de campus de la C\u00f4te d\u2019Azur. Pr\u00e8s de 50 ateliers de gestion du stress sont \u00e9galement propos\u00e9s pour <strong>accompagner les \u00e9tudiants<\/strong> dans leurs \u00e9tudes.<\/p>\n<p>Votre r\u00e9gion, votre actu !<\/p>\n<p>Recevez chaque jour les infos qui comptent pour vous.<\/p>\n<p>\t<a href=\"https:\/\/actu.fr\/newsletter\" class=\"ac-btn ac-btn--corner ac-btn--medium ac-btn--blue800\" rel=\"nofollow noopener\" target=\"_blank\">S&rsquo;incrire<\/a><\/p>\n<p class=\" wall-content\">Grande cause nationale en cette 2025, la sant\u00e9 mentale est un enjeu majeur de soci\u00e9t\u00e9, particuli\u00e8rement chez les jeunes. Seulement 45\u2009% des \u00e9tudiants estiment \u00eatre en bonne sant\u00e9 mentale, et 60\u2009% pr\u00e9sentent des signes de souffrance psychologique selon une enqu\u00eate IPSOS\/BVA 2025. Pr\u00e8s de 38\u2009% envisagent d\u2019arr\u00eater leurs \u00e9tudes en raison de difficult\u00e9s psychologiques.<\/p>\n<p class=\" wall-content\">Personnalisez votre actualit\u00e9 en ajoutant vos villes et m\u00e9dias en favori avec <a href=\"https:\/\/moncompte.actu.fr\" title=\"D\u00e9couvez Mon Actu\" rel=\"nofollow noopener\" data-trk=\"{&quot;cta&quot;:{&quot;action&quot;:&quot;https:\\\/\\\/moncompte.actu.fr&quot;,&quot;category&quot;:&quot;mon compte&quot;,&quot;from&quot;:&quot;article footer&quot;,&quot;name&quot;:&quot;Mon actu&quot;,&quot;type&quot;:&quot;cta&quot;}}\" target=\"_blank\">Mon Actu<\/a>.<\/p>\n","protected":false},"excerpt":{"rendered":"Par Arthur Frand Publi\u00e9 le 10 oct. 2025 \u00e0 8h06 Il est pr\u00e9sent\u00e9 comme simple, concret et bienveillant.&hellip;\n","protected":false},"author":2,"featured_media":451885,"comment_status":"","ping_status":"","sticky":false,"template":"","format":"standard","meta":{"footnotes":""},"categories":[2819],"tags":[1111,11,1777,674,1011,27,12,2401,882,25,71,104],"class_list":{"0":"post-451884","1":"post","2":"type-post","3":"status-publish","4":"format-standard","5":"has-post-thumbnail","7":"category-nice","8":"tag-actu","9":"tag-actualites","10":"tag-eu","11":"tag-europe","12":"tag-fr","13":"tag-france","14":"tag-news","15":"tag-nice","16":"tag-provence-alpes-cote-dazur","17":"tag-republique-francaise","18":"tag-sante","19":"tag-societe"},"share_on_mastodon":{"url":"https:\/\/pubeurope.com\/@fr\/115348517921501919","error":""},"_links":{"self":[{"href":"https:\/\/www.europesays.com\/fr\/wp-json\/wp\/v2\/posts\/451884","targetHints":{"allow":["GET"]}}],"collection":[{"href":"https:\/\/www.europesays.com\/fr\/wp-json\/wp\/v2\/posts"}],"about":[{"href":"https:\/\/www.europesays.com\/fr\/wp-json\/wp\/v2\/types\/post"}],"author":[{"embeddable":true,"href":"https:\/\/www.europesays.com\/fr\/wp-json\/wp\/v2\/users\/2"}],"replies":[{"embeddable":true,"href":"https:\/\/www.europesays.com\/fr\/wp-json\/wp\/v2\/comments?post=451884"}],"version-history":[{"count":0,"href":"https:\/\/www.europesays.com\/fr\/wp-json\/wp\/v2\/posts\/451884\/revisions"}],"wp:featuredmedia":[{"embeddable":true,"href":"https:\/\/www.europesays.com\/fr\/wp-json\/wp\/v2\/media\/451885"}],"wp:attachment":[{"href":"https:\/\/www.europesays.com\/fr\/wp-json\/wp\/v2\/media?parent=451884"}],"wp:term":[{"taxonomy":"category","embeddable":true,"href":"https:\/\/www.europesays.com\/fr\/wp-json\/wp\/v2\/categories?post=451884"},{"taxonomy":"post_tag","embeddable":true,"href":"https:\/\/www.europesays.com\/fr\/wp-json\/wp\/v2\/tags?post=451884"}],"curies":[{"name":"wp","href":"https:\/\/api.w.org\/{rel}","templated":true}]}}