{"id":451886,"date":"2025-10-10T06:44:14","date_gmt":"2025-10-10T06:44:14","guid":{"rendered":"https:\/\/www.europesays.com\/fr\/451886\/"},"modified":"2025-10-10T06:44:14","modified_gmt":"2025-10-10T06:44:14","slug":"sebastien-lecornu-jean-louis-borloo-un-autre-premier-ministre-emmanuel-macron-va-mettre-fin-au-suspense","status":"publish","type":"post","link":"https:\/\/www.europesays.com\/fr\/451886\/","title":{"rendered":"S\u00e9bastien Lecornu, Jean-Louis Borloo, un autre\u00a0Premier ministre ? Emmanuel Macron va mettre fin au suspense"},"content":{"rendered":"<p class=\"fs-5 \">Le chef de l\u2019Etat a promis de <strong>nommer un Premier ministre<\/strong> <strong>d\u2019ici \u00ab\u00a0vendredi soir\u00a0\u00bb<\/strong> apr\u00e8s la d\u00e9mission fracassante lundi de S\u00e9bastien Lecornu, ponctu\u00e9e par deux jours de n\u00e9gociations suppl\u00e9mentaires pour tenter d\u2019arracher, en l\u2019absence de toute majorit\u00e9, un accord de non-censure du futur gouvernement.<\/p>\n<p class=\"fs-5 \">Rien n\u2019a filtr\u00e9 sur l\u2019heure et les modalit\u00e9s d\u2019une annonce. L\u2019Elys\u00e9e n\u2019a pas non plus donn\u00e9 d\u2019indications sur une \u00e9ventuelle prise de parole du pr\u00e9sident, qui ne s\u2019est pas exprim\u00e9 sur la situation int\u00e9rieure depuis cette <a href=\"https:\/\/www.nicematin.com\/societe\/politique\/demission-de-sebastien-lecornu-le-rn-appelle-emmanuel-macron-a-dissoudre-l-assemblee-suivez-les-dernieres-informations-en-direct-10651065\" target=\"_blank\" rel=\"noopener\">nouvelle d\u00e9flagration politique<\/a>.<\/p>\n<p class=\"fs-5 \">\u00c0 quelques heures d\u2019une nomination, deux sc\u00e9narios revenaient avec force, la <strong>reconduction de S\u00e9bastien Lecornu<\/strong> ou <strong>la carte Jean-Louis Borloo<\/strong>, \u00e9ternel \u00ab\u00a0revenant\u00a0\u00bb par temps de crise.<\/p>\n<p class=\"fs-5 \">S\u00e9bastien Lecornu, \u00e0 ce stade le plus \u00e9ph\u00e9m\u00e8re Premier ministre de la Ve R\u00e9publique, assure ne pas \u00ab\u00a0courir apr\u00e8s le job\u00a0\u00bb et avoir \u00ab\u00a0termin\u00e9\u00a0\u00bb sa \u00ab\u00a0mission\u00a0\u00bb.<\/p>\n<p>                                                                                <strong>\u00ab\u00a0Donner un cap\u00a0\u00bb<\/strong><\/p>\n<p class=\"fs-5 \">Plusieurs responsables politiques pr\u00eatent toutefois \u00e0 Emmanuel Macron la tentation de le reconduire, au risque <a href=\"https:\/\/www.nicematin.com\/societe\/politique\/ma-mission-est-terminee-ce-qu-il-faut-retenir-de-l-interview-de-sebastien-lecornu-au-20h-de-france-2-ce-mercredi-10651722\" target=\"_blank\" rel=\"noopener\">d\u2019ulc\u00e9rer les oppositions et d\u2019acc\u00e9l\u00e9rer la censure de la nouvelle \u00e9quipe<\/a>.<\/p>\n<p class=\"fs-5 \">Une s\u00e9rie d\u2019acteurs soutiennent en revanche publiquement ou en coulisse la piste de Jean-Louis Borloo, ministre sous Jacques Chirac et Nicolas Sarkozy avec qui il avait notamment organis\u00e9 le Grenelle de l\u2019Environnement.<\/p>\n<p class=\"fs-5 \">\u00ab\u00a0Il faut un type comme \u00e7a, un peu sp\u00e9cial\u00a0\u00bb, rel\u00e8ve un visiteur du soir du chef de l\u2019Etat. \u00ab\u00a0Il fait partie de <strong>ceux qui peuvent contribuer \u00e0 apporter des solutions<\/strong>\u00a0\u00bb, a rench\u00e9ri le patron des s\u00e9nateurs centristes Herv\u00e9 Marseille sur RTL.<\/p>\n<p class=\"fs-5 \">Le fondateur de l\u2019Union des d\u00e9mocrates et ind\u00e9pendants (UDI), 74 ans, qui a longtemps \u00e9t\u00e9 maire de Valenciennes, a assur\u00e9 jeudi soir depuis Toulouse <strong>ne pas avoir eu de contact avec l\u2019Elys\u00e9e<\/strong>, souhaitant avant tout que le pr\u00e9sident \u00ab\u00a0nomme un gouvernement (&#8230;) pour donner un cap\u00a0\u00bb.<\/p>\n<p class=\"fs-5 \">Au bal des paris, d\u2019autres noms continuaient aussi \u00e0 \u00eatre cit\u00e9s, de <strong>l\u2019ex-Premier ministre socialiste Bernard Cazeneuve<\/strong> au Premier pr\u00e9sident de la Cour des comptes, <strong>Pierre Moscovici<\/strong>, lui aussi issu du PS.<\/p>\n<p class=\"fs-5 \">Avec un double d\u00e9fi pour le chef de l\u2019Etat\u00a0: repousser le plus tard possible la menace d\u2019une censure et a fortiori d\u2019une dissolution.<\/p>\n<p>                                                                                <strong>D\u00e9connect\u00e9s de 2027<\/strong><\/p>\n<p class=\"fs-5 \">Avant d\u2019achever sa \u00ab\u00a0mission\u00a0\u00bb, S\u00e9bastien Lecornu a estim\u00e9 que le <a href=\"https:\/\/www.nicematin.com\/societe\/politique\/pourquoi-l-impopulaire-reforme-des-retraites-revient-elle-sur-le-tapis-avec-le-depart-du-premier-ministre-demissionnaire-sebastien-lecornu-10651724\" target=\"_blank\" rel=\"noopener\">projet de budget 2026<\/a>, d\u00e9tonateur de la crise actuelle avec la censure de Fran\u00e7ois Bayrou le 8 septembre, pourrait \u00eatre pr\u00e9sent\u00e9 lundi en conseil des ministres, soit la date-butoir pour qu\u2019il soit adopt\u00e9 d\u2019ici la fin de l\u2019ann\u00e9e par le Parlement.<\/p>\n<p class=\"fs-5 \">Ce qui sous-entend la nomination d\u2019un gouvernement peut-\u00eatre d\u00e8s vendredi ou \u00e0 d\u00e9faut ce week-end. Reconduction des principaux ministres en place\u00a0? Ministres techniques, dont peut-\u00eatre le premier d\u2019entre eux\u00a0?<\/p>\n<p class=\"fs-5 \">Le Premier ministre d\u00e9missionnaire a formul\u00e9 une suggestion tr\u00e8s remarqu\u00e9e, que la future \u00e9quipe gouvernementale soit \u00ab\u00a0compl\u00e8tement d\u00e9connect\u00e9e des ambitions pr\u00e9sidentielles pour 2027\u00a0\u00bb, des ambitions qu\u2019il n\u2019a lui-m\u00eame jamais manifest\u00e9es.<\/p>\n<p class=\"fs-5 \">Cela exclurait en revanche le <a href=\"https:\/\/www.nicematin.com\/societe\/politique\/bruno-retailleau-declare-qu-il-ne-participera-pas-a-un-gouvernement-avec-un-premier-ministre-de-gauche-ou-macroniste-10651759\" target=\"_blank\" rel=\"noopener\">ministre de l\u2019Int\u00e9rieur d\u00e9missionnaire Bruno Retailleau<\/a>, qui a pr\u00e9cipit\u00e9 dimanche soir la chute du gouvernement Lecornu tout juste nomm\u00e9.<\/p>\n<p class=\"fs-5 \">Le pr\u00e9sident des R\u00e9publicains a conditionn\u00e9 son retour au gouvernement \u00e0 la nomination d\u2019un Premier ministre \u00ab\u00a0<strong>ni de gauche, ni macroniste<\/strong>\u00a0\u00bb, relevant que c\u2019\u00e9tait le cas de Jean-Louis Borloo.<\/p>\n<p class=\"fs-5 \">Emmanuel Macron est aussi tr\u00e8s attendu sur une \u00e9ventuelle suspension de la tr\u00e8s controvers\u00e9e r\u00e9forme des retraites, pr\u00e9alable pos\u00e9 par les socialistes pour un accord de non-censure.<\/p>\n<p class=\"fs-5 \">Il faudra \u00ab\u00a0trouver un chemin pour que le d\u00e9bat ait lieu\u00a0\u00bb sur cette question, a averti S\u00e9bastien Lecornu.<\/p>\n","protected":false},"excerpt":{"rendered":"Le chef de l\u2019Etat a promis de nommer un Premier ministre d\u2019ici \u00ab\u00a0vendredi soir\u00a0\u00bb apr\u00e8s la d\u00e9mission fracassante&hellip;\n","protected":false},"author":2,"featured_media":451887,"comment_status":"","ping_status":"","sticky":false,"template":"","format":"standard","meta":{"footnotes":""},"categories":[2819],"tags":[1111,11,1777,674,1011,27,56922,12,2401,882,25],"class_list":{"0":"post-451886","1":"post","2":"type-post","3":"status-publish","4":"format-standard","5":"has-post-thumbnail","7":"category-nice","8":"tag-actu","9":"tag-actualites","10":"tag-eu","11":"tag-europe","12":"tag-fr","13":"tag-france","14":"tag-gouvernement-lecornu","15":"tag-news","16":"tag-nice","17":"tag-provence-alpes-cote-dazur","18":"tag-republique-francaise"},"share_on_mastodon":{"url":"https:\/\/pubeurope.com\/@fr\/115348521834680187","error":""},"_links":{"self":[{"href":"https:\/\/www.europesays.com\/fr\/wp-json\/wp\/v2\/posts\/451886","targetHints":{"allow":["GET"]}}],"collection":[{"href":"https:\/\/www.europesays.com\/fr\/wp-json\/wp\/v2\/posts"}],"about":[{"href":"https:\/\/www.europesays.com\/fr\/wp-json\/wp\/v2\/types\/post"}],"author":[{"embeddable":true,"href":"https:\/\/www.europesays.com\/fr\/wp-json\/wp\/v2\/users\/2"}],"replies":[{"embeddable":true,"href":"https:\/\/www.europesays.com\/fr\/wp-json\/wp\/v2\/comments?post=451886"}],"version-history":[{"count":0,"href":"https:\/\/www.europesays.com\/fr\/wp-json\/wp\/v2\/posts\/451886\/revisions"}],"wp:featuredmedia":[{"embeddable":true,"href":"https:\/\/www.europesays.com\/fr\/wp-json\/wp\/v2\/media\/451887"}],"wp:attachment":[{"href":"https:\/\/www.europesays.com\/fr\/wp-json\/wp\/v2\/media?parent=451886"}],"wp:term":[{"taxonomy":"category","embeddable":true,"href":"https:\/\/www.europesays.com\/fr\/wp-json\/wp\/v2\/categories?post=451886"},{"taxonomy":"post_tag","embeddable":true,"href":"https:\/\/www.europesays.com\/fr\/wp-json\/wp\/v2\/tags?post=451886"}],"curies":[{"name":"wp","href":"https:\/\/api.w.org\/{rel}","templated":true}]}}