{"id":451890,"date":"2025-10-10T06:46:20","date_gmt":"2025-10-10T06:46:20","guid":{"rendered":"https:\/\/www.europesays.com\/fr\/451890\/"},"modified":"2025-10-10T06:46:20","modified_gmt":"2025-10-10T06:46:20","slug":"diminuer-de-moitie-le-nombre-danimaux-tues-pour-nourrir-les-nantais-l214-annonce-une-action","status":"publish","type":"post","link":"https:\/\/www.europesays.com\/fr\/451890\/","title":{"rendered":"\u00ab\u00a0Diminuer de moiti\u00e9\u00a0\u00bb le nombre d&rsquo;animaux tu\u00e9s pour nourrir les Nantais : L214 annonce une action"},"content":{"rendered":"<p>            Par<br \/>\n        <strong><br \/>\n            <a href=\"https:\/\/actu.fr\/auteur\/clemence-pays02-actu-fr\" title=\"Consulter tous les articles de Cl\u00e9mence Pays\" target=\"_blank\" rel=\"noopener\">Cl\u00e9mence Pays<\/a><br \/>\n        <\/strong><\/p>\n<p>        Publi\u00e9 le<\/p>\n<p>            10 oct. 2025 \u00e0 7h26        <\/p>\n<p><strong>\u00ab\u2009Chaque minute qui passe, 40 animaux* sont abattus pour Nantes\u2009\u00bb,<\/strong> certifie L214. Face \u00e0 ce constat, l\u2019association de d\u00e9fense des animaux utilis\u00e9s comme ressources alimentaires appelle la maire, <a href=\"https:\/\/actu.fr\/tag\/johanna-rolland\" target=\"_blank\" rel=\"noopener\">Johanna Rolland<\/a> \u00ab\u2009\u00e0 stopper l\u2019h\u00e9morragie\u2009\u00bb.<\/p>\n<p class=\" wall-content\">Pour cela, <strong>une action est pr\u00e9vue<\/strong> dans le centre-ville de Nantes \u00ab\u2009pour alerter les passants\u2009\u00bb.<\/p>\n<p>Alerter avant les \u00e9lections municipales<\/p>\n<p class=\" wall-content\"><strong>Samedi 11\u00a0octobre 2025, de 15h \u00e0 16h30,<\/strong> les militants de l\u2019association s\u2019installeront <strong>place Royale<\/strong> pour \u00ab\u2009faire d\u00e9filer en temps r\u00e9el le nombre d\u2019animaux tu\u00e9s pour nourrir la ville depuis le d\u00e9but du mandat de Johanna Rolland, gr\u00e2ce \u00e0 un compteur humain\u2009\u00bb.<\/p>\n<p class=\" wall-content\">Selon L214, \u00ab\u200960\u2009000 animaux sont tu\u00e9s chaque jour pour la ville depuis le d\u00e9but du mandant en 2020\u2009\u00bb.<\/p>\n<p class=\" wall-content\">L\u2019association appelle donc la municipalit\u00e9 et les candidats aux <a href=\"https:\/\/actu.fr\/tag\/municipales-2026\" target=\"_blank\" rel=\"noopener\">\u00e9lections municipales 2026<\/a> \u00e0 prendre \u00ab\u2009des mesures fortes pour contribuer \u00e0<strong> diminuer de moiti\u00e9 ce nombre<\/strong> sur le prochain mandat\u2009\u00bb.<\/p>\n<p class=\" wall-content\">*Contact\u00e9 par la r\u00e9daction L214 a expliqu\u00e9 avoir pris appui sur des bases de donn\u00e9es publiques, FranceAgriMer et Agreste. Pour les animaux terrestres, l\u2019association a ajout\u00e9 les importations et soustrait les exportations. Concernant les animaux aquatiques, les donn\u00e9es \u00e9taient en poids. L\u2019association s\u2019est donc bas\u00e9e sur cinq esp\u00e8ces (thon, saumon, cabillaud, truite, sardine) et leur poids moyen afin d\u2019obtenir le nombre d\u2019esp\u00e8ces aquatiques consomm\u00e9 \u00e0 l\u2019\u00e9chelle nationale.<\/p>\n<p class=\" wall-content\">Pour les chiffres concernant Nantes, L214 a rapport\u00e9 ces donn\u00e9es nationales \u00e0 la population de la ville, sur la base des donn\u00e9es de l\u2019Insee.<\/p>\n<p class=\" wall-content\">Personnalisez votre actualit\u00e9 en ajoutant vos villes et m\u00e9dias en favori avec <a href=\"https:\/\/moncompte.actu.fr\" title=\"D\u00e9couvez Mon Actu\" rel=\"nofollow noopener\" data-trk=\"{&quot;cta&quot;:{&quot;action&quot;:&quot;https:\\\/\\\/moncompte.actu.fr&quot;,&quot;category&quot;:&quot;mon compte&quot;,&quot;from&quot;:&quot;article footer&quot;,&quot;name&quot;:&quot;Mon actu&quot;,&quot;type&quot;:&quot;cta&quot;}}\" target=\"_blank\">Mon Actu<\/a>.<\/p>\n","protected":false},"excerpt":{"rendered":"Par Cl\u00e9mence Pays Publi\u00e9 le 10 oct. 2025 \u00e0 7h26 \u00ab\u2009Chaque minute qui passe, 40 animaux* sont abattus&hellip;\n","protected":false},"author":2,"featured_media":451891,"comment_status":"","ping_status":"","sticky":false,"template":"","format":"standard","meta":{"footnotes":""},"categories":[2818],"tags":[1111,11,258,1777,674,1011,27,6795,766,12,2636,52,25],"class_list":{"0":"post-451890","1":"post","2":"type-post","3":"status-publish","4":"format-standard","5":"has-post-thumbnail","7":"category-nantes","8":"tag-actu","9":"tag-actualites","10":"tag-alimentation","11":"tag-eu","12":"tag-europe","13":"tag-fr","14":"tag-france","15":"tag-maltraitance-animale","16":"tag-nantes","17":"tag-news","18":"tag-pays-de-la-loire","19":"tag-planete","20":"tag-republique-francaise"},"share_on_mastodon":{"url":"https:\/\/pubeurope.com\/@fr\/115348529762755981","error":""},"_links":{"self":[{"href":"https:\/\/www.europesays.com\/fr\/wp-json\/wp\/v2\/posts\/451890","targetHints":{"allow":["GET"]}}],"collection":[{"href":"https:\/\/www.europesays.com\/fr\/wp-json\/wp\/v2\/posts"}],"about":[{"href":"https:\/\/www.europesays.com\/fr\/wp-json\/wp\/v2\/types\/post"}],"author":[{"embeddable":true,"href":"https:\/\/www.europesays.com\/fr\/wp-json\/wp\/v2\/users\/2"}],"replies":[{"embeddable":true,"href":"https:\/\/www.europesays.com\/fr\/wp-json\/wp\/v2\/comments?post=451890"}],"version-history":[{"count":0,"href":"https:\/\/www.europesays.com\/fr\/wp-json\/wp\/v2\/posts\/451890\/revisions"}],"wp:featuredmedia":[{"embeddable":true,"href":"https:\/\/www.europesays.com\/fr\/wp-json\/wp\/v2\/media\/451891"}],"wp:attachment":[{"href":"https:\/\/www.europesays.com\/fr\/wp-json\/wp\/v2\/media?parent=451890"}],"wp:term":[{"taxonomy":"category","embeddable":true,"href":"https:\/\/www.europesays.com\/fr\/wp-json\/wp\/v2\/categories?post=451890"},{"taxonomy":"post_tag","embeddable":true,"href":"https:\/\/www.europesays.com\/fr\/wp-json\/wp\/v2\/tags?post=451890"}],"curies":[{"name":"wp","href":"https:\/\/api.w.org\/{rel}","templated":true}]}}