{"id":451894,"date":"2025-10-10T06:48:12","date_gmt":"2025-10-10T06:48:12","guid":{"rendered":"https:\/\/www.europesays.com\/fr\/451894\/"},"modified":"2025-10-10T06:48:12","modified_gmt":"2025-10-10T06:48:12","slug":"pres-de-bordeaux-ces-residents-voient-les-eaux-usees-inonder-leur-appartement","status":"publish","type":"post","link":"https:\/\/www.europesays.com\/fr\/451894\/","title":{"rendered":"pr\u00e8s de Bordeaux, ces r\u00e9sidents voient les eaux us\u00e9es inonder leur appartement"},"content":{"rendered":"<p>\n    <strong>EN IMAGES &#8211;<\/strong> Le 27 septembre dernier, les habitants de la r\u00e9sidence Be Side, \u00e0 Villenave-d\u2019Ornon, ont subi une nouvelle fuite d\u2019eaux us\u00e9es dans le parking, qui s\u2019est m\u00eame \u00e9tendue aux appartements du rez-de-chauss\u00e9e. Exc\u00e9d\u00e9s, plusieurs locataires ont m\u00eame d\u00e9cid\u00e9 de d\u00e9m\u00e9nager.<\/p>\n<p class=\"fig-paragraph\">Un cauchemar qui ne s\u2019arr\u00eate pas. Les\u00a0<a href=\"http:\/\/www.lefigaro.fr\/lyon\/au-sud-de-lyon-un-maire-refuse-l-implantation-d-une-antenne-5g-pour-proteger-le-cadre-de-vie-des-habitants-20251002\" data-fig-type=\"NewsFlash\" data-gtm-custom-categorie=\"navigation\" data-gtm-custom-action=\"crossclick\" data-gtm-custom-label=\"Contextuel\" data-gtm-event=\"customEventSPE\" data-fig-domain=\"LEFIGARO\" target=\"_blank\" rel=\"noopener\">habitants<\/a>\u00a0de la r\u00e9sidence Be Side, \u00e0 Villenave-d\u2019Ornon (Gironde), sont d\u00e9sesp\u00e9r\u00e9s. Dans la soir\u00e9e du samedi 27 septembre, une fuite d\u2019eaux us\u00e9es partie du parking souterrain s\u2019est propag\u00e9e jusqu\u2019aux appartements du rez-de-chauss\u00e9e, transformant les logements en un v\u00e9ritable cloaque.<\/p>\n<p class=\"fig-paragraph\">Depuis la mi-ao\u00fbt, le sous-sol de la r\u00e9sidence, situ\u00e9e route de\u00a0<a href=\"https:\/\/video.lefigaro.fr\/figaro\/faits-divers\/toulouse-les-policiers-decouvrent-une-fillette-affamee-pres-dun-appartement-le-corps-de-la-mere-retrouve-sans-vie-20251002\" target=\"_blank\" data-fig-type=\"Video\" rel=\"sponsored noopener\" data-gtm-custom-categorie=\"navigation\" data-gtm-custom-action=\"crossclick\" data-gtm-custom-label=\"Contextuel\" data-gtm-event=\"customEventSPE\" data-fig-domain=\"LEFIGARO\">Toulouse<\/a>, \u00e9tait d\u00e9j\u00e0 inond\u00e9. Quelques appartements avaient \u00e9t\u00e9 touch\u00e9s \u00e9galement par des arriv\u00e9es d\u2019<a href=\"https:\/\/www.lefigaro.fr\/bordeaux\/rejets-d-eaux-usees-dans-le-bassin-d-arcachon-deux-responsables-de-l-assainissement-entendues-par-les-enqueteurs-20250211?msockid=258c4318a154643d05395665a0ed65f9\" target=\"_blank\" data-fig-type=\"NewsFlash\" rel=\"sponsored noopener\" data-gtm-custom-categorie=\"navigation\" data-gtm-custom-action=\"crossclick\" data-gtm-custom-label=\"Contextuel\" data-gtm-event=\"customEventSPE\" data-fig-domain=\"LEFIGARO\">eaux us\u00e9es<\/a>. Mais ce soir-l\u00e0, la situation a brusquement empir\u00e9\u00a0: une eau brun\u00e2tre et malodorante s\u2019est mise \u00e0 remonter par les douches et les joints des appartements. Manon*, locataire depuis cinq ans, s\u2019est fait compl\u00e8tement surprendre. \u00abIl y avait de l\u2019eau partout, \u00e7a sortait jusqu\u2019\u00e0 ma porte d\u2019entr\u00e9e. Des litres d\u2019eau, avec les selles et l\u2019urine des voisins sur votre sol&#8230; Je vous laisse imaginer l\u2019odeur\u00bb, raconte-t-elle au Figaro. Une entreprise experte en assainissement, sollicit\u00e9e par le syndic de copropri\u00e9t\u00e9 Sergic, est intervenue au d\u00e9but de la semaine suivante afin d\u2019effectuer les op\u00e9rations de pompage, de curage et de nettoyage. Mais, selon les riverains, \u00abpas de quoi r\u00e9gler le probl\u00e8me de fond\u00bb.<\/p>\n<p>                                    <a class=\"fig-a11y-skip a11y-hidden\" href=\"#fig-a11y-skip-main-inarticle\"><br \/>\n        Passer la publicit\u00e9<br \/>\n    <\/a><\/p>\n<p class=\"fig-paragraph\">Car ce genre d\u2019\u00e9pisodes ne datent pas d\u2019hier. Depuis sa construction en 2018, la r\u00e9sidence Be Side conna\u00eet des inondations r\u00e9currentes, parfois plusieurs fois par an. \u00abIl y en a d\u00e9j\u00e0 eu trois ou quatre depuis le d\u00e9but de l\u2019ann\u00e9e\u00bb, nous confie un habitant. Malgr\u00e9 le remplacement d\u2019un collecteur d\u2019assainissement en 2023, les d\u00e9bordements persistent. \u00abEn f\u00e9vrier, le probl\u00e8me n\u2019a pas \u00e9t\u00e9 r\u00e9solu. Le syndic nous renvoyait vers les agences, et les agences nous renvoyaient vers le syndic. En ao\u00fbt, il y a juste quelqu\u2019un qui est venu pour tout d\u00e9boucher, mais le probl\u00e8me n\u2019a pas \u00e9t\u00e9 r\u00e9solu\u00bb, assure Manon.<\/p>\n<p>L\u2019odeur et les mouches<\/p>\n<p class=\"fig-paragraph\">C\u2019est toute une r\u00e9sidence qui est touch\u00e9e. Laura ne vit pas au rez-de-chauss\u00e9e, mais elle subit de \u00abfortes odeurs\u00bb et \u00abune pr\u00e9sence importante de mouches\u00bb. Concernant l\u2019\u00e9tat du parking, que certains nous d\u00e9crivent comme \u00abdes toilettes g\u00e9antes\u00bb, elle affirme qu\u2019elle est contrainte de garer son v\u00e9hicule \u00e0 l\u2019ext\u00e9rieur, \u00abtout en continuant \u00e0 payer les charges\u00bb, pr\u00e9cise-t-elle.<\/p>\n<p class=\"fig-paragraph\">Au vu de cette situation, nombreux sont ceux qui ont pris une d\u00e9cision radicale. \u00abJe d\u00e9m\u00e9nage dans deux mois. Je n\u2019en peux plus de cette r\u00e9sidence. Il y a toujours eu des probl\u00e8mes d\u2019\u00e9vacuation et rien \u00e0 bouger. Le probl\u00e8me aurait d\u00fb \u00eatre trait\u00e9 depuis un moment\u00bb, selon Manon.<\/p>\n<p class=\"fig-paragraph\">Amandine, elle, est en plein d\u00e9m\u00e9nagement au moment o\u00f9 elle r\u00e9pond \u00e0 nos questions. Elle vivait au rez-de-chauss\u00e9e depuis janvier 2024 et d\u00e9crit un \u00abenfer\u00bb v\u00e9cu ces six derniers mois. \u00abEn f\u00e9vrier, mon fr\u00e8re s\u2019est r\u00e9veill\u00e9 un matin avec de l\u2019eau partout dans l\u2019appartement. Il n\u2019y avait aucun moyen de contacter les pompiers ni le syndic. Les voisins sont venus nous aider \u00e0 nettoyer\u00a0!\u00bb. Depuis ce jour-l\u00e0, les situations p\u00e9nibles se sont accumul\u00e9es. \u00abJ\u2019ai retrouv\u00e9 des asticots chez moi. Je me suis rendu compte que \u00e7a venait des canalisations. Ma douche se bouchait syst\u00e9matiquement. Parfois, j\u2019ai pass\u00e9 trois jours sans pouvoir utiliser ma douche et mes toilettes\u00a0! J\u2019ai pass\u00e9 des journ\u00e9es \u00e0 nettoyer\u00bb, assure-t-elle.<\/p>\n<p class=\"fig-paragraph\">Le jeudi 26 septembre, une huissi\u00e8re de justice est venue constater les d\u00e9g\u00e2ts au sous-sol et dans son appartement. Le rapport a \u00e9t\u00e9 transmis \u00e0 la propri\u00e9taire, qui elle aussi, est \u00abtr\u00e8s remont\u00e9e face \u00e0 cette situation\u00bb. Heureusement pour Amandine, la gestionnaire de son agence immobili\u00e8re lui a propos\u00e9 un autre T2 disponible \u00e0 Villenave-d\u2019Ornon. \u00abJ\u2019ai accept\u00e9 tout de suite, j\u2019\u00e9tais oblig\u00e9 de d\u00e9m\u00e9nager\u00bb, raconte-t-elle.<\/p>\n<p>                                    <a class=\"fig-a11y-skip a11y-hidden\" href=\"#fig-a11y-skip-main-inarticle_mtf\"><br \/>\n        Passer la publicit\u00e9<br \/>\n    <\/a><\/p>\n<p class=\"fig-paragraph\">Afin de faire bouger les choses, certains r\u00e9sidents se sont organis\u00e9s sur les r\u00e9seaux sociaux et tiennent d\u00e9sormais des r\u00e9unions de crise, tout en publiant r\u00e9guli\u00e8rement des posts sur un groupe Facebook, pour faire \u00e9tat de l\u2019avanc\u00e9e de la situation.<\/p>\n<p>Un mur porteur affaiss\u00e9<\/p>\n<p class=\"fig-paragraph\">Au-del\u00e0 des inondations, c\u2019est l\u2019\u00e9tat g\u00e9n\u00e9ral du b\u00e2timent qui inqui\u00e8te. Selon une inspection par cam\u00e9ra r\u00e9alis\u00e9e le 29 ao\u00fbt, un mur porteur affaiss\u00e9 serait \u00e0 l\u2019origine des d\u00e9sagr\u00e9ments. Ce d\u00e9placement structurel limiterait la capacit\u00e9 d\u2019\u00e9vacuation des eaux us\u00e9es. Le rapport mentionne \u00e9galement la pr\u00e9sence de lingettes, blocs WC et liti\u00e8re, des d\u00e9chets qui aggravent les obstructions. Dans la cour, plusieurs dalles de b\u00e9ton se sont affaiss\u00e9es, parfois de plus de dix centim\u00e8tres.<\/p>\n<p class=\"fig-paragraph\">Le syndic a proc\u00e9d\u00e9 \u00e0 une d\u00e9claration dommage ouvrages aupr\u00e8s de l\u2019assurance. Une expertise a \u00e9t\u00e9 men\u00e9e, mardi 7 octobre, pour constater les d\u00e9gradations.<\/p>\n<p class=\"fig-paragraph\">*Le pr\u00e9nom a \u00e9t\u00e9 modifi\u00e9.<\/p>\n","protected":false},"excerpt":{"rendered":"EN IMAGES &#8211; Le 27 septembre dernier, les habitants de la r\u00e9sidence Be Side, \u00e0 Villenave-d\u2019Ornon, ont subi&hellip;\n","protected":false},"author":2,"featured_media":451895,"comment_status":"","ping_status":"","sticky":false,"template":"","format":"standard","meta":{"footnotes":""},"categories":[2817],"tags":[1111,11,1997,40213,1777,674,1011,27,4458,12,2219,25],"class_list":{"0":"post-451894","1":"post","2":"type-post","3":"status-publish","4":"format-standard","5":"has-post-thumbnail","7":"category-bordeaux","8":"tag-actu","9":"tag-actualites","10":"tag-bordeaux","11":"tag-eaux-usees","12":"tag-eu","13":"tag-europe","14":"tag-fr","15":"tag-france","16":"tag-inondation","17":"tag-news","18":"tag-nouvelle-aquitaine","19":"tag-republique-francaise"},"share_on_mastodon":{"url":"https:\/\/pubeurope.com\/@fr\/115348537651533262","error":""},"_links":{"self":[{"href":"https:\/\/www.europesays.com\/fr\/wp-json\/wp\/v2\/posts\/451894","targetHints":{"allow":["GET"]}}],"collection":[{"href":"https:\/\/www.europesays.com\/fr\/wp-json\/wp\/v2\/posts"}],"about":[{"href":"https:\/\/www.europesays.com\/fr\/wp-json\/wp\/v2\/types\/post"}],"author":[{"embeddable":true,"href":"https:\/\/www.europesays.com\/fr\/wp-json\/wp\/v2\/users\/2"}],"replies":[{"embeddable":true,"href":"https:\/\/www.europesays.com\/fr\/wp-json\/wp\/v2\/comments?post=451894"}],"version-history":[{"count":0,"href":"https:\/\/www.europesays.com\/fr\/wp-json\/wp\/v2\/posts\/451894\/revisions"}],"wp:featuredmedia":[{"embeddable":true,"href":"https:\/\/www.europesays.com\/fr\/wp-json\/wp\/v2\/media\/451895"}],"wp:attachment":[{"href":"https:\/\/www.europesays.com\/fr\/wp-json\/wp\/v2\/media?parent=451894"}],"wp:term":[{"taxonomy":"category","embeddable":true,"href":"https:\/\/www.europesays.com\/fr\/wp-json\/wp\/v2\/categories?post=451894"},{"taxonomy":"post_tag","embeddable":true,"href":"https:\/\/www.europesays.com\/fr\/wp-json\/wp\/v2\/tags?post=451894"}],"curies":[{"name":"wp","href":"https:\/\/api.w.org\/{rel}","templated":true}]}}