{"id":451906,"date":"2025-10-10T06:55:37","date_gmt":"2025-10-10T06:55:37","guid":{"rendered":"https:\/\/www.europesays.com\/fr\/451906\/"},"modified":"2025-10-10T06:55:37","modified_gmt":"2025-10-10T06:55:37","slug":"metropole-de-lyon-non-facture-depuis-11-ans-un-proprietaire-lyonnais-rattrape-par-la-patrouille","status":"publish","type":"post","link":"https:\/\/www.europesays.com\/fr\/451906\/","title":{"rendered":"M\u00e9tropole de Lyon. Non factur\u00e9 depuis 11 ans, un propri\u00e9taire lyonnais rattrap\u00e9 par la patrouille"},"content":{"rendered":"<p>Olivier (pr\u00e9nom d\u2019emprunt) habite dans un bel immeuble en pierre du 1er arrondissement de Lyon. Il y a plusieurs semaines, il re\u00e7oit la visite d\u2019un agent de la R\u00e9gie de l\u2019Eau du Grand Lyon. \u00abIl m\u2019a dit que je ne payais ni l\u2019abonnement, ni ma consommation d\u2019eau. Et m\u2019a demand\u00e9 de souscrire un contrat \u00bb.<\/p>\n<p>Le Lyonnais se dit alors \u00ab tr\u00e8s surpris \u00bb. Mais conc\u00e8de s\u2019\u00eatre \u00ab interrog\u00e9 une fois ou deux \u00bb sur sa facture d\u2019eau. \u00ab J\u2019avais regard\u00e9 dans mes charges de copropri\u00e9t\u00e9 et sur mon compte en banque pour trouver un pr\u00e9l\u00e8vement\u2026 J\u2019y cherchais le nom de <a href=\"https:\/\/www.leprogres.fr\/economie\/2022\/12\/16\/le-passage-de-l-eau-en-regie-publique-sera-effectif-au-1er-janvier\" target=\"_blank\" rel=\"nofollow noopener\">Veolia car je pensais que c\u2019\u00e9tait le fournisseur d\u2019eau<\/a> \u2026 \u00bb.<\/p>\n<p>Olivier y pense et puis oublie. Et la situation perdure pendant onze ans.<\/p>\n<p>  \u00ab J\u2019ai demand\u00e9 \u00e0 tout payer r\u00e9troactivement ! \u00bb<\/p>\n<p>\u00ab Quand je suis arriv\u00e9 dans mon appartement, il y avait l\u2019eau \u00bb se rem\u00e9more-t-il. \u00ab Et puis, le notaire ne m\u2019a rien dit\u2026 \u00bb plaide-t-il pour sa d\u00e9fense. Un peu piteux, il confie avoir propos\u00e9 \u00e0 l\u2019agent \u00ab de payer r\u00e9troactivement tout ce qui \u00e9tait d\u00fb \u00bb.<\/p>\n<p>\u00ab L\u2019homme m\u2019a r\u00e9pondu que \u00e7a d\u00e9marrait aujourd\u2019hui (alors que juridiquement, il est possible de remonter sur deux ans de consommation, ndlr) et que j\u2019allais recevoir un mail pour m\u2019abonner\u00bb poursuit Olivier. Ce qu<a href=\"https:\/\/www.eaudugrandlyon.com\/\" target=\"_blank\" rel=\"nofollow noopener\">\u2019il fait imm\u00e9diatement<\/a>, preuves \u00e0 l\u2019appui.<\/p>\n<p>\u00ab Je suis plut\u00f4t \u00e9conome de nature et je m\u2019int\u00e9resse \u00e0 la question de l\u2019eau. Je n\u2019ai donc pas gaspill\u00e9 la ressource toutes ces ann\u00e9es ! \u00bb rassure le Lyonnais. \u00ab Apparemment, nous sommes plusieurs dans l\u2019immeuble \u00bb souffle encore notre t\u00e9moin.<\/p>\n<p>Et au fait, l\u2019eau, elle est comment ? \u00ab Elle a un sale go\u00fbt ! Elle sent trop la javel, alors j\u2019ach\u00e8te des bouteilles \u00bb.<\/p>\n","protected":false},"excerpt":{"rendered":"Olivier (pr\u00e9nom d\u2019emprunt) habite dans un bel immeuble en pierre du 1er arrondissement de Lyon. Il y a&hellip;\n","protected":false},"author":2,"featured_media":451907,"comment_status":"","ping_status":"","sticky":false,"template":"","format":"standard","meta":{"footnotes":""},"categories":[1889],"tags":[1111,11,2430,33,2757,1777,674,107,1011,27,2428,2756,12,25,2429,104],"class_list":{"0":"post-451906","1":"post","2":"type-post","3":"status-publish","4":"format-standard","5":"has-post-thumbnail","7":"category-lyon","8":"tag-actu","9":"tag-actualites","10":"tag-auvergne-rhone-alpes","11":"tag-economie","12":"tag-edition-lyon-villeurbanne","13":"tag-eu","14":"tag-europe","15":"tag-fil-info","16":"tag-fr","17":"tag-france","18":"tag-lyon","19":"tag-lyon-bassin","20":"tag-news","21":"tag-republique-francaise","22":"tag-rhone","23":"tag-societe"},"share_on_mastodon":{"url":"https:\/\/pubeurope.com\/@fr\/115348565130884018","error":""},"_links":{"self":[{"href":"https:\/\/www.europesays.com\/fr\/wp-json\/wp\/v2\/posts\/451906","targetHints":{"allow":["GET"]}}],"collection":[{"href":"https:\/\/www.europesays.com\/fr\/wp-json\/wp\/v2\/posts"}],"about":[{"href":"https:\/\/www.europesays.com\/fr\/wp-json\/wp\/v2\/types\/post"}],"author":[{"embeddable":true,"href":"https:\/\/www.europesays.com\/fr\/wp-json\/wp\/v2\/users\/2"}],"replies":[{"embeddable":true,"href":"https:\/\/www.europesays.com\/fr\/wp-json\/wp\/v2\/comments?post=451906"}],"version-history":[{"count":0,"href":"https:\/\/www.europesays.com\/fr\/wp-json\/wp\/v2\/posts\/451906\/revisions"}],"wp:featuredmedia":[{"embeddable":true,"href":"https:\/\/www.europesays.com\/fr\/wp-json\/wp\/v2\/media\/451907"}],"wp:attachment":[{"href":"https:\/\/www.europesays.com\/fr\/wp-json\/wp\/v2\/media?parent=451906"}],"wp:term":[{"taxonomy":"category","embeddable":true,"href":"https:\/\/www.europesays.com\/fr\/wp-json\/wp\/v2\/categories?post=451906"},{"taxonomy":"post_tag","embeddable":true,"href":"https:\/\/www.europesays.com\/fr\/wp-json\/wp\/v2\/tags?post=451906"}],"curies":[{"name":"wp","href":"https:\/\/api.w.org\/{rel}","templated":true}]}}