{"id":451912,"date":"2025-10-10T06:58:16","date_gmt":"2025-10-10T06:58:16","guid":{"rendered":"https:\/\/www.europesays.com\/fr\/451912\/"},"modified":"2025-10-10T06:58:16","modified_gmt":"2025-10-10T06:58:16","slug":"liaison-routiere-de-lest-francilien-cest-parti","status":"publish","type":"post","link":"https:\/\/www.europesays.com\/fr\/451912\/","title":{"rendered":"Liaison routi\u00e8re de l\u2019Est francilien : c\u2019est parti !"},"content":{"rendered":"<p><img loading=\"lazy\" decoding=\"async\" alt=\"\u00a9 D\u00e9partement de Seine-et-Marne - La premi\u00e8re pierre des travaux de la future liaison routi\u00e8re de l'Est francilien a \u00e9t\u00e9 pos\u00e9e le 3 octobre dernier.\" data-zoom-src=\"https:\/\/www.europesays.com\/fr\/wp-content\/uploads\/2025\/10\/initial-liaison-est-francilienne-1.jpg\" data-zoomable=\"\" height=\"702\" src=\"https:\/\/www.europesays.com\/fr\/wp-content\/uploads\/2025\/10\/initial-liaison-est-francilienne-1.jpg\" width=\"1248\"\/>  <\/p>\n<p class=\"article-desc\">\u00a9 D\u00e9partement de Seine-et-Marne &#8211; La premi\u00e8re pierre des travaux de la future liaison routi\u00e8re de l&rsquo;Est francilien a \u00e9t\u00e9 pos\u00e9e le 3 octobre dernier. <\/p>\n<p>Ce projet de <strong>liaison routi\u00e8re<\/strong> de l\u2019<strong>Est francilien<\/strong> (LREF) vise plusieurs objectifs\u00a0: am\u00e9liorer la <strong>desserte de la plateforme a\u00e9roportuaire<\/strong>, d\u00e9saturer la route d\u00e9partementale 212 et <strong>am\u00e9liorer le cadre de vie des habitants de Claye-Souilly<\/strong>. <\/p>\n<p>Pr\u00e9voyant \u00e9galement l\u2019\u00e9largissement de la RN 3 \u00e0 trois voies entre Meaux et Claye-Souilly (plus de <strong>35\u00a0000 v\u00e9hicules par jour<\/strong> actuellement), ce projet s\u2019inscrit dans la continuit\u00e9 de l\u2019am\u00e9nagement d\u00e9j\u00e0 mis en service au nord de Gressy. <\/p>\n<p><strong>Un investissement de 130 millions d\u2019euros<\/strong> <\/p>\n<p><strong>R\u00e9duire la congestion de l\u2019A104 <\/strong>au nord de Villeparisis (souvent satur\u00e9e avec plus de 100 000 v\u00e9hicules quotidiens) fait aussi partie des objectifs fix\u00e9s par les promoteurs de ce programme.<\/p>\n<p>D\u2019un montant de <strong>130 millions d\u2019euros<\/strong> (hors taxes) et cofinanc\u00e9 par le <a href=\"https:\/\/mesinfos.fr\/ile-de-france\/le-departement-accompagne-les-projets-des-communes-rurales-230955.html\" rel=\"noopener\" target=\"_blank\">D\u00e9partement de Seine-et-Marne<\/a>, la <strong>R\u00e9gion \u00cele-de-France<\/strong> (65 millions d\u2019euros), <strong>Paris A\u00e9roport<\/strong> (ex-A\u00e9roports de Paris, 1,9 million d\u2019euros) et la Communaut\u00e9 d\u2019agglom\u00e9ration <strong>Roissy Pays de France<\/strong> (2 millions d\u2019euros), ce chantier va d\u00e9buter au cours de ce mois d\u2019octobre pour une mise en service pr\u00e9vue \u00e0 l\u2019horizon 2030.<\/p>\n<p> <strong>Des restrictions de circulation pr\u00e9vues<\/strong> <\/p>\n<p>La premi\u00e8re pierre a \u00e9t\u00e9 pos\u00e9e le 7 octobre \u00e0 Claye-Souilly en pr\u00e9sence, notamment, de <a href=\"https:\/\/mesinfos.fr\/ile-de-france\/pierre-ory-nouveau-prefet-de-seine-et-marne-183008.html\" rel=\"noopener\" target=\"_blank\">Pierre Ory<\/a>, le pr\u00e9fet de Seine-et-Marne, Val\u00e9rie P\u00e9cresse, la pr\u00e9sidente (LR) de la R\u00e9gion \u00cele-de-France, et Jean-Fran\u00e7ois Cop\u00e9, le maire (LR) de Meaux et pr\u00e9sident du Groupement d\u2019int\u00e9r\u00eat public (GIP) <a href=\"https:\/\/mesinfos.fr\/77100-meaux\/roissy-meaux-aeropole-pari-sur-l-avenir-210664.html\" rel=\"noopener\" target=\"_blank\">Roissy Meaux A\u00e9rop\u00f4le<\/a>. <\/p>\n<p>La premi\u00e8re phase des travaux commence sur le secteur de Claye-Souilly pour une dur\u00e9e de deux ans. La vitesse sera abaiss\u00e9e \u00e0 70 km\/h sur la RN 3 au niveau de la zone d\u2019entr\u00e9e et de sortie de chantier. Des restrictions de circulation seront pr\u00e9vues prochainement selon les phases des travaux sur la route nationale et les routes d\u00e9partementales du secteur.<\/p>\n","protected":false},"excerpt":{"rendered":"\u00a9 D\u00e9partement de Seine-et-Marne &#8211; La premi\u00e8re pierre des travaux de la future liaison routi\u00e8re de l&rsquo;Est francilien&hellip;\n","protected":false},"author":2,"featured_media":451913,"comment_status":"","ping_status":"","sticky":false,"template":"","format":"standard","meta":{"footnotes":""},"categories":[1592],"tags":[1111,11,8853,1777,674,1011,27,662,12,626,25],"class_list":{"0":"post-451912","1":"post","2":"type-post","3":"status-publish","4":"format-standard","5":"has-post-thumbnail","7":"category-ile-de-france","8":"tag-actu","9":"tag-actualites","10":"tag-amu00e9nagement","11":"tag-eu","12":"tag-europe","13":"tag-fr","14":"tag-france","15":"tag-ile-de-france","16":"tag-news","17":"tag-paris","18":"tag-republique-francaise"},"share_on_mastodon":{"url":"https:\/\/pubeurope.com\/@fr\/115348577733227058","error":""},"_links":{"self":[{"href":"https:\/\/www.europesays.com\/fr\/wp-json\/wp\/v2\/posts\/451912","targetHints":{"allow":["GET"]}}],"collection":[{"href":"https:\/\/www.europesays.com\/fr\/wp-json\/wp\/v2\/posts"}],"about":[{"href":"https:\/\/www.europesays.com\/fr\/wp-json\/wp\/v2\/types\/post"}],"author":[{"embeddable":true,"href":"https:\/\/www.europesays.com\/fr\/wp-json\/wp\/v2\/users\/2"}],"replies":[{"embeddable":true,"href":"https:\/\/www.europesays.com\/fr\/wp-json\/wp\/v2\/comments?post=451912"}],"version-history":[{"count":0,"href":"https:\/\/www.europesays.com\/fr\/wp-json\/wp\/v2\/posts\/451912\/revisions"}],"wp:featuredmedia":[{"embeddable":true,"href":"https:\/\/www.europesays.com\/fr\/wp-json\/wp\/v2\/media\/451913"}],"wp:attachment":[{"href":"https:\/\/www.europesays.com\/fr\/wp-json\/wp\/v2\/media?parent=451912"}],"wp:term":[{"taxonomy":"category","embeddable":true,"href":"https:\/\/www.europesays.com\/fr\/wp-json\/wp\/v2\/categories?post=451912"},{"taxonomy":"post_tag","embeddable":true,"href":"https:\/\/www.europesays.com\/fr\/wp-json\/wp\/v2\/tags?post=451912"}],"curies":[{"name":"wp","href":"https:\/\/api.w.org\/{rel}","templated":true}]}}