{"id":451914,"date":"2025-10-10T06:59:14","date_gmt":"2025-10-10T06:59:14","guid":{"rendered":"https:\/\/www.europesays.com\/fr\/451914\/"},"modified":"2025-10-10T06:59:14","modified_gmt":"2025-10-10T06:59:14","slug":"vanessa-paradis-signe-son-retour-dans-les-bacs-avec-un-album-pop-et-soul","status":"publish","type":"post","link":"https:\/\/www.europesays.com\/fr\/451914\/","title":{"rendered":"Vanessa Paradis signe son retour dans les bacs avec un album pop et soul"},"content":{"rendered":"\n<p class=\"c-chapo \">\n  Pour cr\u00e9er l&rsquo;album \u00ab\u00a0Le retour des beaux jours\u00a0\u00bb, la chanteuse s&rsquo;est entour\u00e9e d&rsquo;Etienne Daho, mais \u00e9galement de ses deux enfants, Lily-Rose et Jack.\n<\/p>\n<p>      lire plus tard<\/p>\n<p id=\"dialog__title\" class=\"dialog__title\">Pour sauvegarder cet article, connectez-vous ou cr\u00e9ez un compte franceinfo<\/p>\n<p class=\"dialog__description\">Sans paiement. Sans abonnement.<\/p>\n<p>        Fermer la fen\u00eatre d\u2019activation des notifications France Info<\/p>\n<p>      cr\u00e9er votre compte<\/p>\n<p>      se connecter<\/p>\n<p>        Fermer la fen\u00eatre de pr\u00e9sentation<\/p>\n<p>    <img loading=\"lazy\" decoding=\"async\" class=\"signature__image lazyload\" width=\"100\" height=\"100\" data- alt=\"\" src=\"https:\/\/www.europesays.com\/fr\/wp-content\/uploads\/2025\/05\/64a7df4c5fe71_placeholder-36b69ec8.png\"\/><\/p>\n<p>    Publi\u00e9 le 10\/10\/2025 08:16<\/p>\n<p>      Mis \u00e0 jour le 10\/10\/2025 08:17<\/p>\n<p>        Temps de lecture : 2min<\/p>\n<p>    <img decoding=\"async\"  alt=\"Vanessa Paradis lors d'un d\u00e9fil\u00e9 Chanel en janvier 2025. (JULIE SEBADELHA \/ AFP)\" width=\"432\" height=\"243\" src=\"https:\/\/www.europesays.com\/fr\/wp-content\/uploads\/2025\/10\/000-36wf7bz-68e818433e61f109177046.jpg\" fetchpriority=\"high\"\/><\/p>\n<p>      Vanessa Paradis lors d&rsquo;un d\u00e9fil\u00e9 Chanel en janvier 2025. (JULIE SEBADELHA \/ AFP)<\/p>\n<p>Cela faisait sept ans qu&rsquo;on attendait le retour de sa discographie. <a href=\"https:\/\/www.franceinfo.fr\/culture\/musique\/chanson-francaise\/vanessa-paradis-devoile-bouquet-final-le-premier-extrait-de-son-nouvel-album_7295907.html\" rel=\"nofollow noopener\" target=\"_blank\">Vanessa Paradis<\/a> sort vendredi 10 octobre son huiti\u00e8me album, \u00ab\u00a0Le Retour des Beaux Jours\u00a0\u00bb, co\u00e9crit, compos\u00e9 et r\u00e9alis\u00e9 avec <a href=\"https:\/\/www.franceinfo.fr\/replay-radio\/le-monde-d-elodie\/etienne-daho-prolonge-le-plaisir-des-concerts-avec-etienne-live-on-est-beaucoup-plus-a-l-aise-sur-scene-que-dans-la-vie_6917087.html\" rel=\"nofollow noopener\" target=\"_blank\">Etienne Daho<\/a>. Un disque solaire, joyeux, romantique, qui marque une collaboration r\u00e9ussie entre ces deux amis de longue date.<\/p>\n<p>La premi\u00e8re rencontre entre Vanessa Paradis et Etienne Daho remonte \u00e0 1988. \u00ab\u00a0On est devenus amis assez instantan\u00e9ment et on a toujours eu envie de travailler ensemble, se souvient-elle. Mais voil\u00e0, c&rsquo;est maintenant que \u00e7a s&rsquo;est fait.\u00a0\u00bb Deux ans apr\u00e8s avoir collabor\u00e9 sur son album \u00e0 lui, c&rsquo;est tout naturellement que la chanteuse l&rsquo;a emmen\u00e9 sur son disque \u00e0 elle.<\/p>\n<p>Avec Etienne Daho et son complice Jean-Louis Pi\u00e9rot, le trio est complet. Chacun a \u00e9crit des titres, compos\u00e9 de la musique, vari\u00e9 les th\u00e8mes, que les titres parlent d&rsquo;amour ou de Los Angeles.\u00a0Et ce n&rsquo;est pas pour rien que ce huiti\u00e8me album, enregistr\u00e9 notamment aux studios Motorbass, \u00e0 Paris, et Abbey Road, \u00e0 Londres, s&rsquo;appelle \u00ab\u00a0Le retour des beaux jours\u00a0\u00bb. \u00ab\u00a0J&rsquo;avais envie que ce soit dansant et j&rsquo;avais envie que \u00e7a soit joyeux\u00a0\u00bb, confie Vanessa Paradis.<\/p>\n<blockquote class=\"ftvi_content_quote\">\n<p class=\"ftvi_citation_quote\">\u00ab\u00a0L&rsquo;id\u00e9e, c&rsquo;\u00e9tait d&#8217;emmener les chansons dans la direction attendue, c&rsquo;est-\u00e0-dire tr\u00e8s color\u00e9e, tr\u00e8s festive, tr\u00e8s soul et apr\u00e8s d&rsquo;interpr\u00e9ter ces chansons par les meilleurs musiciens possibles.\u00a0\u00bb\u00a0<\/p>\n<p>Vanessa Paradis<\/p>\n<p class=\"ftvi_citation_source\">\u00e0 franceinfo<\/p>\n<\/blockquote>\n<p>C&rsquo;est aussi un album comme on forme une famille, avec des musiciens de renom, on croise notamment le trompettiste Erik Truffaz. Mais aussi les enfants de Vanessa Paradis, Jack et <a href=\"https:\/\/www.franceinfo.fr\/culture\/cinema\/sorties-de-films\/nosferatu-un-remake-novateur-du-chef-d-uvre-de-f-w-murnau-joyeux-noel-dans-les-carpates_6969221.html\" rel=\"nofollow noopener\" target=\"_blank\">Lily-Rose Depp<\/a>, dont elle a utilis\u00e9 les textes et la musique. \u00ab\u00a0C&rsquo;est magnifique, s&rsquo;extasie la chanteuse. J&rsquo;ai ador\u00e9 \u00e7a parce que ce n&rsquo;\u00e9tait pas pr\u00e9vu et leurs chansons figurent sur les listes parce que ce sont de tr\u00e8s bonnes chansons, pas parce que ce sont les chansons de mes enfants. \u00c7a me remplie de joie et de fiert\u00e9.\u00a0\u00bb<\/p>\n<\/p>\n<p>Au c\u0153ur de ce nouveau disque, une volont\u00e9 simple : le plaisir de retrouver la musique, l&rsquo;imm\u00e9diatet\u00e9 d&rsquo;une chanson. Avec cet album, l&rsquo;artiste souhaite se d\u00e9tacher de \u00ab\u00a0ce monde du fast-food de l&rsquo;image\u00a0\u00bb, o\u00f9 \u00ab\u00a0tout est film\u00e9, tout est tr\u00e8s en image\u00a0\u00bb.\u00a0Un retour en musique qui se veut comme un sentiment d&rsquo;apaisement.<\/p>\n<p>Vanessa Paradis a d\u00e9j\u00e0 pr\u00e9vu une tourn\u00e9e en 2026. Elle sera notamment le 26 mars \u00e0 Aix-en-Provence, le 28 \u00e0 Chamb\u00e9ry, le 5 avril \u00e0 Lille, le 7 mai \u00e0 Nantes, les 21 et 22 mai au Z\u00e9nith de Paris et le 17 novembre \u00e0 l&rsquo;Accor Arena.<\/p>\n","protected":false},"excerpt":{"rendered":"Pour cr\u00e9er l&rsquo;album \u00ab\u00a0Le retour des beaux jours\u00a0\u00bb, la chanteuse s&rsquo;est entour\u00e9e d&rsquo;Etienne Daho, mais \u00e9galement de ses&hellip;\n","protected":false},"author":2,"featured_media":451915,"comment_status":"","ping_status":"","sticky":false,"template":"","format":"standard","meta":{"footnotes":""},"categories":[1888],"tags":[1111,1928,11,1927,1777,674,1011,27,12,1926,626,1925,25],"class_list":{"0":"post-451914","1":"post","2":"type-post","3":"status-publish","4":"format-standard","5":"has-post-thumbnail","7":"category-paris","8":"tag-actu","9":"tag-actu-paris","10":"tag-actualites","11":"tag-actualites-paris","12":"tag-eu","13":"tag-europe","14":"tag-fr","15":"tag-france","16":"tag-news","17":"tag-news-paris","18":"tag-paris","19":"tag-paris-news","20":"tag-republique-francaise"},"share_on_mastodon":{"url":"https:\/\/pubeurope.com\/@fr\/115348581459509386","error":""},"_links":{"self":[{"href":"https:\/\/www.europesays.com\/fr\/wp-json\/wp\/v2\/posts\/451914","targetHints":{"allow":["GET"]}}],"collection":[{"href":"https:\/\/www.europesays.com\/fr\/wp-json\/wp\/v2\/posts"}],"about":[{"href":"https:\/\/www.europesays.com\/fr\/wp-json\/wp\/v2\/types\/post"}],"author":[{"embeddable":true,"href":"https:\/\/www.europesays.com\/fr\/wp-json\/wp\/v2\/users\/2"}],"replies":[{"embeddable":true,"href":"https:\/\/www.europesays.com\/fr\/wp-json\/wp\/v2\/comments?post=451914"}],"version-history":[{"count":0,"href":"https:\/\/www.europesays.com\/fr\/wp-json\/wp\/v2\/posts\/451914\/revisions"}],"wp:featuredmedia":[{"embeddable":true,"href":"https:\/\/www.europesays.com\/fr\/wp-json\/wp\/v2\/media\/451915"}],"wp:attachment":[{"href":"https:\/\/www.europesays.com\/fr\/wp-json\/wp\/v2\/media?parent=451914"}],"wp:term":[{"taxonomy":"category","embeddable":true,"href":"https:\/\/www.europesays.com\/fr\/wp-json\/wp\/v2\/categories?post=451914"},{"taxonomy":"post_tag","embeddable":true,"href":"https:\/\/www.europesays.com\/fr\/wp-json\/wp\/v2\/tags?post=451914"}],"curies":[{"name":"wp","href":"https:\/\/api.w.org\/{rel}","templated":true}]}}