{"id":451916,"date":"2025-10-10T07:00:12","date_gmt":"2025-10-10T07:00:12","guid":{"rendered":"https:\/\/www.europesays.com\/fr\/451916\/"},"modified":"2025-10-10T07:00:12","modified_gmt":"2025-10-10T07:00:12","slug":"mms-lance-mission-halloween-by-mms-une-experience-inedite-a-paris-ce-que-pensent-les-hommes","status":"publish","type":"post","link":"https:\/\/www.europesays.com\/fr\/451916\/","title":{"rendered":"M&#038;M\u2019s lance Mission Halloween by M&#038;M\u2019s \u2013 une exp\u00e9rience in\u00e9dite \u00e0 Paris \u2013 Ce que pensent les hommes"},"content":{"rendered":"<p class=\"yiv7957324795MsoNormal\">D\u00e9couvrez<b> Mission Halloween by M&amp;M\u2019s<\/b>, une exp\u00e9rience in\u00e9dite et gratuite \u00e0 Paris pour c\u00e9l\u00e9brer Halloween.<\/p>\n<p class=\"yiv7957324795MsoNormal\">Cette aventure hant\u00e9e m\u00ealera chasse urbaine, animations surprises ainsi\u00a0<b>qu\u2019une soir\u00e9e immersive dans un c\u00e9l\u00e8bre cin\u00e9ma parisien<\/b>, dont l\u2019adresse restera secr\u00e8te jusqu\u2019au jour de l\u2019\u00e9v\u00e9nement.<\/p>\n<p class=\"yiv7957324795MsoNormal\"><b>Les 30 et 31 octobre<\/b>, la capitale se transformera en terrain de jeu.\u00a0<b>Trois myst\u00e9rieuses portes aux couleurs de M&amp;M\u2019S\u00ae<\/b>\u00a0appara\u00eetront de fa\u00e7on \u00e9ph\u00e9m\u00e8re dans des lieux embl\u00e9matiques de Paris. Pour participer, rien de plus simple :\u00a0<b>il suffira de les rep\u00e9rer, frapper \u00e0 l\u2019une d\u2019elles et relever des d\u00e9fis effrayants pour tenter de remporter des lots exclusifs<\/b>\u00a0: produits M&amp;M\u2019S\u00ae, week-end \u00e0 Disneyland\u00ae Paris, exp\u00e9riences Fever, et surtout, le pr\u00e9cieux s\u00e9same pour la soir\u00e9e Halloween organis\u00e9e par M&amp;M\u2019S\u00ae.<\/p>\n<p class=\"yiv7957324795MsoNormal\">Le 31 octobre au soir,\u00a0<b>les heureux gagnants seront invit\u00e9s \u00e0 vivre une soir\u00e9e unique dans un cin\u00e9ma iconique de la capitale<\/b>, m\u00e9tamorphos\u00e9 pour l\u2019occasion\u00a0<b>en repaire hant\u00e9<\/b>. Au programme : un corner make-up et d\u00e9guisements pour se glisser dans l\u2019ambiance, un photocall pour immortaliser chaque look, un DJ set et\u00a0<b>la projection d\u2019un film d\u2019horreur culte<\/b>. Le tout sera accompagn\u00e9 d\u2019une d\u00e9gustation gourmande : pop-corn, cocktails ensorcelants et douceurs chocolat\u00e9es sign\u00e9es M&amp;M\u2019S\u00ae.<\/p>\n<p>Information pratiques :<br \/>\u25cf Liste d\u2019attente : <a href=\"https:\/\/feverup.com\/m\/479937\" rel=\"nofollow noopener\" target=\"_blank\">https:\/\/feverup.com\/m\/479937<\/a><br \/>\u25cf Dates, horaires et lieux :<br \/>\u25cb Chasse aux portes \u2013 30 et 31 octobre de 13h \u00e0 18h : dans les rues de Paris<br \/>\u25cb Soir\u00e9e Halloween \u2013 31 octobre \u00e0 partir de 19h : lieu tenu secret jusqu\u2019au jour de<br \/>l\u2019\u00e9v\u00e9nement<br \/>\u25cf Acc\u00e8s : premier arriv\u00e9, premier servi ! Les places pour la soir\u00e9e sont tr\u00e8s limit\u00e9es<br \/>\u25cf Prix : gratuit<br \/>\u25cf \u00c2ge requis : 13 ans pour la chasse aux portes et 18 ans pour la soir\u00e9e<br \/>\u25cf Accessibilit\u00e9 : non accessible aux PMR<\/p>\n","protected":false},"excerpt":{"rendered":"D\u00e9couvrez Mission Halloween by M&amp;M\u2019s, une exp\u00e9rience in\u00e9dite et gratuite \u00e0 Paris pour c\u00e9l\u00e9brer Halloween. Cette aventure hant\u00e9e&hellip;\n","protected":false},"author":2,"featured_media":451917,"comment_status":"","ping_status":"","sticky":false,"template":"","format":"standard","meta":{"footnotes":""},"categories":[1888],"tags":[1111,1928,11,1927,1777,674,1011,27,12,1926,626,1925,25],"class_list":{"0":"post-451916","1":"post","2":"type-post","3":"status-publish","4":"format-standard","5":"has-post-thumbnail","7":"category-paris","8":"tag-actu","9":"tag-actu-paris","10":"tag-actualites","11":"tag-actualites-paris","12":"tag-eu","13":"tag-europe","14":"tag-fr","15":"tag-france","16":"tag-news","17":"tag-news-paris","18":"tag-paris","19":"tag-paris-news","20":"tag-republique-francaise"},"share_on_mastodon":{"url":"https:\/\/pubeurope.com\/@fr\/115348584731721067","error":""},"_links":{"self":[{"href":"https:\/\/www.europesays.com\/fr\/wp-json\/wp\/v2\/posts\/451916","targetHints":{"allow":["GET"]}}],"collection":[{"href":"https:\/\/www.europesays.com\/fr\/wp-json\/wp\/v2\/posts"}],"about":[{"href":"https:\/\/www.europesays.com\/fr\/wp-json\/wp\/v2\/types\/post"}],"author":[{"embeddable":true,"href":"https:\/\/www.europesays.com\/fr\/wp-json\/wp\/v2\/users\/2"}],"replies":[{"embeddable":true,"href":"https:\/\/www.europesays.com\/fr\/wp-json\/wp\/v2\/comments?post=451916"}],"version-history":[{"count":0,"href":"https:\/\/www.europesays.com\/fr\/wp-json\/wp\/v2\/posts\/451916\/revisions"}],"wp:featuredmedia":[{"embeddable":true,"href":"https:\/\/www.europesays.com\/fr\/wp-json\/wp\/v2\/media\/451917"}],"wp:attachment":[{"href":"https:\/\/www.europesays.com\/fr\/wp-json\/wp\/v2\/media?parent=451916"}],"wp:term":[{"taxonomy":"category","embeddable":true,"href":"https:\/\/www.europesays.com\/fr\/wp-json\/wp\/v2\/categories?post=451916"},{"taxonomy":"post_tag","embeddable":true,"href":"https:\/\/www.europesays.com\/fr\/wp-json\/wp\/v2\/tags?post=451916"}],"curies":[{"name":"wp","href":"https:\/\/api.w.org\/{rel}","templated":true}]}}