{"id":451926,"date":"2025-10-10T07:05:13","date_gmt":"2025-10-10T07:05:13","guid":{"rendered":"https:\/\/www.europesays.com\/fr\/451926\/"},"modified":"2025-10-10T07:05:13","modified_gmt":"2025-10-10T07:05:13","slug":"usa-donald-trump-veut-un-arc-de-triomphe-americain","status":"publish","type":"post","link":"https:\/\/www.europesays.com\/fr\/451926\/","title":{"rendered":"USA &#8211; Donald Trump veut un Arc de Triomphe am\u00e9ricain"},"content":{"rendered":"<p>Facebook<br \/>\nTwitter<br \/>\nLinkedIn<br \/>\nWhatsApp<\/p>\n<p data-start=\"87\" data-end=\"435\">Une maquette d\u2019Arc de Triomphe tr\u00f4nait jeudi sur le bureau du pr\u00e9sident am\u00e9ricain Donald Trump lors de sa rencontre avec son homologue finlandais, Alex Stubb.<\/p>\n<p data-start=\"87\" data-end=\"435\">Pos\u00e9e sur le c\u00e9l\u00e8bre <strong data-start=\"267\" data-end=\"284\">Resolute Desk<\/strong>, cette miniature blanche, surmont\u00e9e de statues dor\u00e9es et d\u2019aigles sculpt\u00e9s, repr\u00e9sente un projet monumental cens\u00e9 symboliser la grandeur am\u00e9ricaine.<\/p>\n<p data-start=\"437\" data-end=\"848\">La maquette montre une arche imposante \u00e9rig\u00e9e sur un rond-point au bord du fleuve <strong data-start=\"519\" data-end=\"530\">Potomac<\/strong>, juste en face du <strong data-start=\"549\" data-end=\"569\">Lincoln Memorial<\/strong> et \u00e0 proximit\u00e9 du <strong data-start=\"588\" data-end=\"623\">cimeti\u00e8re militaire d\u2019Arlington<\/strong>. \u00c0 c\u00f4t\u00e9, un second mod\u00e8le r\u00e9duit, plus d\u00e9taill\u00e9, r\u00e9v\u00e8le des colonnes et une statue dor\u00e9e ail\u00e9e brandissant une torche \u2014 un hommage \u00e9vident \u00e0 l\u2019esth\u00e9tique n\u00e9oclassique ch\u00e8re \u00e0 l\u2019ancien promoteur immobilier devenu pr\u00e9sident.<\/p>\n<p data-start=\"850\" data-end=\"1242\">Ce projet d\u2019inspiration parisienne n\u2019est pas apparu par hasard. Le <strong data-start=\"917\" data-end=\"937\">5 septembre 2025<\/strong>, le compte Facebook officiel Donald Trump for President avait d\u00e9j\u00e0 partag\u00e9 un visuel identique, sign\u00e9 par le cabinet <strong data-start=\"1057\" data-end=\"1076\">Harrison Design<\/strong>, bas\u00e9 \u00e0 Washington.<\/p>\n<p data-start=\"850\" data-end=\"1242\">L\u2019image liait explicitement le monument au <strong data-start=\"1140\" data-end=\"1205\">250\u1d49 anniversaire de la D\u00e9claration d\u2019ind\u00e9pendance am\u00e9ricaine<\/strong>, pr\u00e9vu pour le <strong data-start=\"1221\" data-end=\"1239\">4 juillet 2026<\/strong>.<\/p>\n<p>Une vision monumentale du pouvoir<\/p>\n<p data-start=\"1284\" data-end=\"1758\">Depuis son retour \u00e0 la Maison-Blanche, Donald Trump s\u2019emploie \u00e0 remodeler les symboles du pouvoir am\u00e9ricain \u00e0 son image. Fin ao\u00fbt, il a sign\u00e9 un d\u00e9cret promouvant une <strong data-start=\"1451\" data-end=\"1479\">architecture \u201cclassique\u201d<\/strong> inspir\u00e9e de la Rome et de la Gr\u00e8ce antiques, au d\u00e9triment des styles modernes.<\/p>\n<p data-start=\"1284\" data-end=\"1758\">Dans la m\u00eame logique, il a ordonn\u00e9 la <strong data-start=\"1597\" data-end=\"1637\">r\u00e9novation fastueuse du Bureau ovale<\/strong>, d\u00e9sormais orn\u00e9 d\u2019\u00e9l\u00e9ments dor\u00e9s, et la <strong data-start=\"1678\" data-end=\"1725\">construction d\u2019une salle de bal monumentale<\/strong> attenante \u00e0 la Maison-Blanche.<\/p>\n<p data-start=\"1760\" data-end=\"2163\">Cette esth\u00e9tique grandiloquente n\u2019est pas nouvelle chez le milliardaire new-yorkais. Elle traduit une volont\u00e9 assum\u00e9e de <strong data-start=\"1881\" data-end=\"1945\">c\u00e9l\u00e9brer la puissance militaire et historique des \u00c9tats-Unis<\/strong>, tout en laissant une empreinte architecturale durable.<\/p>\n<p data-start=\"1760\" data-end=\"2163\">Ce nouvel Arc de Triomphe am\u00e9ricain, s\u2019il venait \u00e0 voir le jour, deviendrait sans doute l\u2019un des monuments les plus controvers\u00e9s et symboliques de l\u2019\u00e8re Trump.<\/p>\n<p>Facebook<br \/>\nTwitter<br \/>\nLinkedIn<br \/>\nWhatsApp<\/p>\n<p>\n                                                <b>Que se passe-t-il en Tunisie?<\/b><br \/>Nous expliquons sur notre <a href=\"https:\/\/www.youtube.com\/channel\/UCRzypVq0B_yBad5eGrwBx0Q?sub_confirmation=1\" target=\"_blank\" rel=\"nofollow noopener\">cha\u00eene YouTube<\/a> . <a href=\"https:\/\/www.youtube.com\/channel\/UCRzypVq0B_yBad5eGrwBx0Q?sub_confirmation=1\" target=\"_blank\" rel=\"nofollow noopener\">Abonnez-vous!<\/a><\/p>\n<p>\t\t\t\t\t\t\t\t\t\t\t\t\t\t\t\t\t\t\t\t\t\t\t\t\t<img decoding=\"async\" src=\"https:\/\/www.europesays.com\/fr\/wp-content\/uploads\/2025\/05\/Logo-Tn1-1-3.png\"\/><\/p>\n","protected":false},"excerpt":{"rendered":"Facebook Twitter LinkedIn WhatsApp Une maquette d\u2019Arc de Triomphe tr\u00f4nait jeudi sur le bureau du pr\u00e9sident am\u00e9ricain Donald&hellip;\n","protected":false},"author":2,"featured_media":451927,"comment_status":"","ping_status":"","sticky":false,"template":"","format":"standard","meta":{"footnotes":""},"categories":[1589],"tags":[57753,11,57754,17864,57755,75,73,1866,57756,78,12,57757,57758,1864,1865,1863,308,2744],"class_list":{"0":"post-451926","1":"post","2":"type-post","3":"status-publish","4":"format-standard","5":"has-post-thumbnail","7":"category-etats-unis","8":"tag-250e-anniversaire","9":"tag-actualites","10":"tag-alex-stubb","11":"tag-arc-de-triomphe","12":"tag-architecture-classique","13":"tag-donald-trump","14":"tag-etats-unis","15":"tag-etats-unis-damerique","16":"tag-harrison-design","17":"tag-maison-blanche","18":"tag-news","19":"tag-politique-americaine","20":"tag-resolute-desk","21":"tag-united-states","22":"tag-united-states-of-america","23":"tag-us","24":"tag-usa","25":"tag-washington"},"share_on_mastodon":{"url":"https:\/\/pubeurope.com\/@fr\/115348604870241872","error":""},"_links":{"self":[{"href":"https:\/\/www.europesays.com\/fr\/wp-json\/wp\/v2\/posts\/451926","targetHints":{"allow":["GET"]}}],"collection":[{"href":"https:\/\/www.europesays.com\/fr\/wp-json\/wp\/v2\/posts"}],"about":[{"href":"https:\/\/www.europesays.com\/fr\/wp-json\/wp\/v2\/types\/post"}],"author":[{"embeddable":true,"href":"https:\/\/www.europesays.com\/fr\/wp-json\/wp\/v2\/users\/2"}],"replies":[{"embeddable":true,"href":"https:\/\/www.europesays.com\/fr\/wp-json\/wp\/v2\/comments?post=451926"}],"version-history":[{"count":0,"href":"https:\/\/www.europesays.com\/fr\/wp-json\/wp\/v2\/posts\/451926\/revisions"}],"wp:featuredmedia":[{"embeddable":true,"href":"https:\/\/www.europesays.com\/fr\/wp-json\/wp\/v2\/media\/451927"}],"wp:attachment":[{"href":"https:\/\/www.europesays.com\/fr\/wp-json\/wp\/v2\/media?parent=451926"}],"wp:term":[{"taxonomy":"category","embeddable":true,"href":"https:\/\/www.europesays.com\/fr\/wp-json\/wp\/v2\/categories?post=451926"},{"taxonomy":"post_tag","embeddable":true,"href":"https:\/\/www.europesays.com\/fr\/wp-json\/wp\/v2\/tags?post=451926"}],"curies":[{"name":"wp","href":"https:\/\/api.w.org\/{rel}","templated":true}]}}