{"id":451930,"date":"2025-10-10T07:07:11","date_gmt":"2025-10-10T07:07:11","guid":{"rendered":"https:\/\/www.europesays.com\/fr\/451930\/"},"modified":"2025-10-10T07:07:11","modified_gmt":"2025-10-10T07:07:11","slug":"lallemagne-confrontee-a-une-hausse-des-actes-hostiles-aux-chretiens","status":"publish","type":"post","link":"https:\/\/www.europesays.com\/fr\/451930\/","title":{"rendered":"l\u2019Allemagne confront\u00e9e \u00e0 une hausse des actes hostiles aux chr\u00e9tiens"},"content":{"rendered":"<p>\n    <strong>D\u00c9CRYPTAGE &#8211; <\/strong>Outre-Rhin, l\u2019Office f\u00e9d\u00e9ral de la police criminelle a constat\u00e9 une augmentation de plus de 20% des actes antichr\u00e9tiens \u00e0 motivation politique entre 2023 et 2024. Et ce, sans compter les autres infractions, nombreuses et dont \u00abla nature s\u2019aggrave\u00bb.<\/p>\n<p class=\"fig-paragraph\">\u00ab C\u2019est avec le c\u0153ur lourd que l\u2019\u00e9glise doit rester ferm\u00e9e jusqu\u2019\u00e0 nouvel ordre.\u00a0\u00bb Le 14 f\u00e9vrier dernier, la paroisse catholique St-Antonius de Gronau, ville de 50\u00a0000 habitants situ\u00e9e en Rh\u00e9nanie du Nord \u2013 Westphalie, tout pr\u00e8s de la fronti\u00e8re avec les\u00a0<a href=\"http:\/\/www.lefigaro.fr\/international\/pays-bas-arrestation-de-deux-adolescents-pour-espionnage-dans-une-affaire-liee-a-la-russie-20250926\" target=\"_blank\" data-fig-type=\"NewsFlash\" rel=\"noopener nofollow\" data-gtm-custom-categorie=\"navigation\" data-gtm-custom-action=\"crossclick\" data-gtm-custom-label=\"Contextuel\" data-gtm-event=\"customEventSPE\" data-fig-domain=\"LEFIGARO\">Pays-Bas<\/a>, annon\u00e7ait \u00e0 ses fid\u00e8les que leur lieu de culte ne serait d\u00e9sormais plus ouvert que pour les\u00a0<a href=\"http:\/\/www.lefigaro.fr\/histoire\/les-sept-eglises-romaines-en-plein-coeur-du-forum-20250628\" target=\"_blank\" data-fig-type=\"Article\" rel=\"noopener nofollow\" data-gtm-custom-categorie=\"navigation\" data-gtm-custom-action=\"crossclick\" data-gtm-custom-label=\"Contextuel\" data-gtm-event=\"customEventSPE\" data-fig-domain=\"LEFIGARO\">offices religieux<\/a>, en semaine et le week-end.<\/p>\n<p class=\"fig-paragraph\">Cette d\u00e9cision prenait sa source dans les actes de vandalisme \u00ab r\u00e9p\u00e9t\u00e9s\u00a0\u00bb subis par St-Antonius\u00a0: vol de plaques comm\u00e9moratives et du sceptre d\u2019une statue de la Vierge Marie datant du 17e si\u00e8cle, d\u00e9t\u00e9rioration du tabernacle, utilisation du baptist\u00e8re comme \u00ab poubelle\u00a0\u00bb\u2026 \u00ab Ce qui a fait d\u00e9border le vase, ce sont les insultes prof\u00e9r\u00e9es par des personnes ivres \u00e0 l\u2019encontre des fid\u00e8les qui viennent chercher dans l\u2019\u00e9glise un moment de silence, de recueillement et de pri\u00e8re\u00a0\u00bb, ajoutait la paroisse, qui soulignait \u00ab travailler \u00e0 un projet d\u2019installation de cam\u00e9ras de surveillance\u2026<\/p>\n<p class=\"fig-premium-paywall__infos\">\n        Cet article est r\u00e9serv\u00e9 aux abonn\u00e9s.        Il vous reste 81% \u00e0 d\u00e9couvrir.\n    <\/p>\n<p>                <img  data- alt=\"Le Figaro\" class=\"fig-img--complete fig-img\"\/><\/p>\n<p class=\"fig-premium-paywall__title\">J-100, Le Figaro f\u00eate ses 200 ans<\/p>\n<p class=\"fig-premium-paywall__subtitle\">Offre anniversaire : 2\u20ac\/mois pendant 200 semaines<\/p>\n<p class=\"fig-premium-paywall__connect\">\n                D\u00e9j\u00e0 abonn\u00e9\u00a0?                <a class=\"fig-premium-paywall__connect-link\" href=\"https:\/\/connect.lefigaro.fr\/login?client=horizon_web&amp;type=main&amp;redirect_uri=https%3A%2F%2Fwww.lefigaro.fr%2Factualite-france%2Fil-ne-s-agit-plus-seulement-de-petits-graffitis-ou-de-degats-mineurs-l-allemagne-confrontee-a-une-hausse-des-actes-hostiles-aux-chretiens-20251010\" data-js-gtm=\"{&quot;customCategorie&quot;: &quot;conversion&quot;, &quot;customAction&quot;: &quot;before_Landing_Connexion_paywall_auto&quot;, &quot;customLabel&quot;: &quot;bGVmaWdhcm8uZnJfXzFmMGE1MTcyLTU5NGUtNmRkNi1hOGQ3LTc3YjVkYjIwNmI4MF9fQXJ0aWNsZQ==_\u00abIl ne s\u2019agit plus seulement de petits graffitis ou de d\u00e9g\u00e2ts mineurs\u00bb\u00a0: l\u2019Allemagne confront\u00e9e \u00e0 une hausse des actes hostiles aux chr\u00e9tiens_594&quot;, &quot;customIDSPE&quot;: &quot;bGVmaWdhcm8uZnJfXzFmMGE1MTcyLTU5NGUtNmRkNi1hOGQ3LTc3YjVkYjIwNmI4MF9fQXJ0aWNsZQ==&quot;, &quot;event&quot;: &quot;customEventSPE&quot;}\" rel=\"nofollow noopener\" target=\"_blank\"><br \/>\n                    Connectez-vous<br \/>\n                <\/a>\n            <\/p>\n","protected":false},"excerpt":{"rendered":"D\u00c9CRYPTAGE &#8211; Outre-Rhin, l\u2019Office f\u00e9d\u00e9ral de la police criminelle a constat\u00e9 une augmentation de plus de 20% des&hellip;\n","protected":false},"author":2,"featured_media":451931,"comment_status":"","ping_status":"","sticky":false,"template":"","format":"standard","meta":{"footnotes":""},"categories":[1587],"tags":[11,672,1804,9485,1805,1803,12336,1777,674,1801,12,1802],"class_list":{"0":"post-451930","1":"post","2":"type-post","3":"status-publish","4":"format-standard","5":"has-post-thumbnail","7":"category-allemagne","8":"tag-actualites","9":"tag-allemagne","10":"tag-bundesrepublik-deutschland","11":"tag-chretiens","12":"tag-de","13":"tag-deutschland","14":"tag-eglise","15":"tag-eu","16":"tag-europe","17":"tag-germany","18":"tag-news","19":"tag-republique-federale-dallemagne"},"share_on_mastodon":{"url":"https:\/\/pubeurope.com\/@fr\/115348612312345873","error":""},"_links":{"self":[{"href":"https:\/\/www.europesays.com\/fr\/wp-json\/wp\/v2\/posts\/451930","targetHints":{"allow":["GET"]}}],"collection":[{"href":"https:\/\/www.europesays.com\/fr\/wp-json\/wp\/v2\/posts"}],"about":[{"href":"https:\/\/www.europesays.com\/fr\/wp-json\/wp\/v2\/types\/post"}],"author":[{"embeddable":true,"href":"https:\/\/www.europesays.com\/fr\/wp-json\/wp\/v2\/users\/2"}],"replies":[{"embeddable":true,"href":"https:\/\/www.europesays.com\/fr\/wp-json\/wp\/v2\/comments?post=451930"}],"version-history":[{"count":0,"href":"https:\/\/www.europesays.com\/fr\/wp-json\/wp\/v2\/posts\/451930\/revisions"}],"wp:featuredmedia":[{"embeddable":true,"href":"https:\/\/www.europesays.com\/fr\/wp-json\/wp\/v2\/media\/451931"}],"wp:attachment":[{"href":"https:\/\/www.europesays.com\/fr\/wp-json\/wp\/v2\/media?parent=451930"}],"wp:term":[{"taxonomy":"category","embeddable":true,"href":"https:\/\/www.europesays.com\/fr\/wp-json\/wp\/v2\/categories?post=451930"},{"taxonomy":"post_tag","embeddable":true,"href":"https:\/\/www.europesays.com\/fr\/wp-json\/wp\/v2\/tags?post=451930"}],"curies":[{"name":"wp","href":"https:\/\/api.w.org\/{rel}","templated":true}]}}