{"id":451953,"date":"2025-10-10T07:22:12","date_gmt":"2025-10-10T07:22:12","guid":{"rendered":"https:\/\/www.europesays.com\/fr\/451953\/"},"modified":"2025-10-10T07:22:12","modified_gmt":"2025-10-10T07:22:12","slug":"nicolas-demorand-bipolaire-de-type-2-cette-verite-est-impossible-a-dire-ou-a-entendre-aujourdhui-en-france","status":"publish","type":"post","link":"https:\/\/www.europesays.com\/fr\/451953\/","title":{"rendered":"Nicolas Demorand bipolaire de type 2 : \u00ab\u00a0Cette v\u00e9rit\u00e9 est impossible \u00e0 dire ou \u00e0 entendre aujourd&rsquo;hui en France\u00a0\u00bb"},"content":{"rendered":"<p>            <img loading=\"lazy\" decoding=\"async\" src=\"https:\/\/www.europesays.com\/fr\/wp-content\/uploads\/2025\/04\/144-64f8c016610ee-35x35-1.jpg\" class=\"author-article-picture\" width=\"35\" height=\"35\"\/><\/p>\n<p>                Par<br \/>\n                                    <a class=\"author-article-bio-link\" href=\"https:\/\/www.purepeople.com\/auteur\/louise-martin_a144\" rel=\"nofollow noopener\" target=\"_blank\">Louise Martin<\/a><br \/>\n                                                    | R\u00e9dactrice<\/p>\n<p>\n                Koh Lanta, Les Marseillais mais aussi Mari\u00e9s au Premier regards\u2026 Louise Martin est une t\u00e9l\u00e9vore qui essaye, \u00e0 ses heures perdues, de refaire les g\u00e2teaux qu\u2019elle admire devant le Meilleur P\u00e2tissier\u2026 mais elle ne risque pas de gagner le tablier bleu ! Les r\u00e9seaux sociaux n\u2019ont pas de secret pour elle, les derniers scoops, les derni\u00e8res \u00e9missions, elle les conna\u00eet tous.\n            <\/p>\n<p>\n    En France, on estime qu&rsquo;environ 1,6 million de personnes souffriraient de bipolarit\u00e9. Parmi elles, Nicolas Demorand, qui a r\u00e9cemment r\u00e9v\u00e9l\u00e9 \u00eatre atteint de ce trouble avec la publication de son livre \u00ab\u00a0Int\u00e9rieur nuit\u00a0\u00bb. Le journaliste de France Inter aspire \u00e0 ce que ce sujet de soci\u00e9t\u00e9 ne soit aujourd&rsquo;hui plus un tabou. Une utopie ?\n<\/p>\n<p>                            <img loading=\"lazy\" decoding=\"async\" class=\"player-thumbnail\" src=\"https:\/\/www.europesays.com\/fr\/wp-content\/uploads\/2025\/10\/61df137e9db93d75-580x326-2.jpg\" width=\"580\" height=\"326\"\/><\/p>\n<p>                    Nicolas Demorand bipolaire de type 2 : \u00ab\u00a0Cette v\u00e9rit\u00e9 est impossible \u00e0 dire ou \u00e0 entendre aujourd&rsquo;hui en France\u00a0\u00bb<\/p>\n<p>La suite apr\u00e8s la publicit\u00e9<\/p>\n<p>En mars 2025, <a href=\"https:\/\/www.purepeople.com\/people\/nicolas-demorand_p2204\" rel=\"nofollow noopener\" target=\"_blank\"><strong>Nicolas Demorand<\/strong><\/a><strong>, journaliste de France Inter, <\/strong><a href=\"https:\/\/www.purepeople.com\/article\/nicolas-demorand-atteint-par-une-maladie-qui-touche-entre-1-et-25-de-la-population-francaise-ses-confidences-surprises_a536132\/1\" rel=\"nofollow noopener\" target=\"_blank\"><strong>d\u00e9voilait \u00eatre atteint de bipolarit\u00e9<\/strong><\/a>. Une confidence tr\u00e8s intime qu&rsquo;il partageait dans son premier livre Int\u00e9rieur nuit, paru le 27 mars dernier aux \u00e9ditions Les Ar\u00e8nes. <a href=\"https:\/\/www.purepeople.com\/article\/il-faut-etre-honnete-bien-avant-le-diagnostic-la-celebre-compagne-de-nicolas-demorand-savait-deja_a536194\/1\" rel=\"nofollow noopener\" target=\"_blank\">Un quotidien \u00ab\u00a0atrocement dur\u00a0\u00bb <\/a>pour l&rsquo;animateur de la matinale de France Inter, mais aussi pour ses proches, <a href=\"https:\/\/www.purepeople.com\/article\/nicolas-demorand-atteint-de-bipolarite-emu-il-craque-apres-une-question-de-lea-salame_a536646\/1\" rel=\"nofollow noopener\" target=\"_blank\">comme il l&rsquo;avait confi\u00e9 \u00e0 L\u00e9a Salam\u00e9<\/a>.<\/p>\n<p>Apr\u00e8s avoir d\u00e9couvert qu&rsquo;il souffrait de ce \u00ab\u00a0trouble de l&rsquo;humeur\u00a0\u00bb, qui affecte entre 1 % et 2,5 % de la population en France, <a href=\"https:\/\/www.purepeople.com\/article\/nicolas-demorand-face-a-ses-enfants-comment-leur-a-t-il-annonce-son-diagnostic_a537588\/1\" rel=\"nofollow noopener\" target=\"_blank\"><strong>Nicolas Demorand a eu beaucoup de mal \u00e0 \u00e9voquer le sujet avec ses enfants<\/strong><\/a>. Aujourd&rsquo;hui, le tabou est bris\u00e9 au sein de sa famille, mais pas encore dans la soci\u00e9t\u00e9. Au micro de RMC,<strong> le journaliste a d\u00e9clar\u00e9 vouloir en finir avec ses non-dits au sujet de cette maladie mentale<\/strong>.\u00a0<\/p>\n<p>Comment Nicolas Demorand a-t-il \u00e9t\u00e9 diagnostiqu\u00e9 bipolaire de type 2 ?\u00a0<\/p>\n<p>\u00a0<\/p>\n<p>\u00ab\u00a0C&rsquo;est une maladie qui vous d\u00e9poss\u00e8de d&rsquo;une partie de vous-m\u00eame\u00a0\u00bb a-t-il confi\u00e9 au micro de RMC. Lundi 29 septembre 2025, celui qui a r\u00e9cemment d\u00e9voil\u00e9<a href=\"https:\/\/www.purepeople.com\/article\/nicolas-demorand-bipolaire-il-devoile-lun-des-effets-secondaires-de-ses-medicaments_a538316\/1\" rel=\"nofollow noopener\" target=\"_blank\"> l\u2019un des effets secondaires de ses m\u00e9dicaments <\/a><strong>a racont\u00e9 sans d\u00e9tour son parcours de \u00ab\u00a0<\/strong><strong>malade mental<\/strong><strong>\u00ab\u00a0. <\/strong>\u00ab\u00a0Cette v\u00e9rit\u00e9 est impossible \u00e0 dire ou \u00e0 entendre en France\u00a0\u00bb a-t-il commenc\u00e9, avant de poursuivre par ces mots destin\u00e9s \u00e0 \u00e9veiller les consciences : \u00ab\u00a0<strong>Il y a autour des maladies mentales une honte, une suspicion <\/strong>(&#8230;) Il me semblait important de revendiquer ce statut qui peut \u00eatre un stigmate.\u00a0\u00bb<\/p>\n<p>Apr\u00e8s avoir expliqu\u00e9 en quelques mots ce qu&rsquo;\u00e9tait la bipolarit\u00e9 (\u00ab\u00a0L&rsquo;humeur varie de mani\u00e8re tr\u00e8s forte et tr\u00e8s r\u00e9guli\u00e8re\u00a0\u00bb, NDLR), Nicolas Demorand est revenu sur son propre diagnostic pos\u00e9 il y a huit ans \u00e0 l&rsquo;h\u00f4pital Saint-Anne de Paris : \u00ab\u00a0<strong>Je suis bipolaire de type 2, c&rsquo;est plut\u00f4t du c\u00f4t\u00e9 de la d\u00e9pression.<\/strong>\u00a0\u00bb Le pr\u00e9sentateur fran\u00e7ais pr\u00e9cise que la bipolarit\u00e9 de type 1 se caract\u00e9rise davantage avec \u00ab\u00a0des phases d&rsquo;explosivit\u00e9\u00a0\u00bb.<\/p>\n<p>En d\u00e9couvrant ce trouble qui l&rsquo;affectait depuis de longues ann\u00e9es, Nicolas Demorand a eu du mal \u00e0 l&rsquo;accepter. Et pour cause, \u00ab\u00a0<strong>c<\/strong><strong>&lsquo;est une maladie dont on ne gu\u00e9rit pas, qui vous suit, vous harc\u00e8le<\/strong>\u00ab\u00a0. Aujourd&rsquo;hui, le plus important pour lui, c&rsquo;est que la soci\u00e9t\u00e9 reconnaisse la bipolarit\u00e9 comme une vraie maladie mentale, et non une \u00ab\u00a0maladie imaginaire\u00a0\u00bb. <strong>Un discours d&rsquo;utilit\u00e9 publique<\/strong>, donc.<\/p>\n<p>Qu&rsquo;est-ce que la bipolarit\u00e9 ?\u00a0<\/p>\n<p>Selon l&rsquo;organisation mondiale de la Sant\u00e9, Le trouble bipolaire est un probl\u00e8me de sant\u00e9 mentale qui affecte l\u2019humeur, l\u2019\u00e9nergie, l\u2019activit\u00e9 et les pens\u00e9es et qui se caract\u00e9rise par des \u00e9pisodes maniaques (ou hypomaniaques) et des \u00e9pisodes d\u00e9pressifs.. On estime qu\u2019une personne sur 200 (soit 37\u00a0millions de personnes) dans le monde est atteinte d\u2019un trouble bipolaire. Le trouble bipolaire entra\u00eene un handicap important et des difficult\u00e9s majeures. Beaucoup de cas de trouble bipolaire sont mal diagnostiqu\u00e9s ou non trait\u00e9s, et la discrimination et la stigmatisation sont fr\u00e9quentes.<\/p>\n<p>Toujours selon l&rsquo;organisation mondiale de la Sant\u00e9 : \u00ab\u00a0Il existe deux principaux types de trouble bipolaire, en fonction des \u00e9pisodes maniaques ou hypomaniaques et d\u00e9pressifs v\u00e9cus. Les personnes atteintes d\u2019un trouble bipolaire de type I traversent un ou plusieurs \u00e9pisodes maniaques, entrecoup\u00e9s d\u2019\u00e9pisodes de d\u00e9pression qui deviennent g\u00e9n\u00e9ralement plus fr\u00e9quents avec le temps (par rapport aux \u00e9pisodes maniaques). Les personnes atteintes d\u2019un trouble bipolaire de type II ont connu un ou plusieurs \u00e9pisodes hypomaniaques et au moins un \u00e9pisode d\u00e9pressif, mais n\u2019ont aucun ant\u00e9c\u00e9dent d\u2019\u00e9pisodes maniaques.\u00a0\u00bb<\/p>\n<p>\u00a0<\/p>\n<p><strong>Pour plus d\u2019informations, rendez-vous sur <\/strong><strong>webedia-group.com<\/strong><\/p>\n","protected":false},"excerpt":{"rendered":"Par Louise Martin | R\u00e9dactrice Koh Lanta, Les Marseillais mais aussi Mari\u00e9s au Premier regards\u2026 Louise Martin est&hellip;\n","protected":false},"author":2,"featured_media":451954,"comment_status":"","ping_status":"","sticky":false,"template":"","format":"standard","meta":{"footnotes":""},"categories":[1359],"tags":[58,59,1011,27,973],"class_list":{"0":"post-451953","1":"post","2":"type-post","3":"status-publish","4":"format-standard","5":"has-post-thumbnail","7":"category-people","8":"tag-divertissement","9":"tag-entertainment","10":"tag-fr","11":"tag-france","12":"tag-people"},"share_on_mastodon":{"url":"https:\/\/pubeurope.com\/@fr\/115348671941698776","error":""},"_links":{"self":[{"href":"https:\/\/www.europesays.com\/fr\/wp-json\/wp\/v2\/posts\/451953","targetHints":{"allow":["GET"]}}],"collection":[{"href":"https:\/\/www.europesays.com\/fr\/wp-json\/wp\/v2\/posts"}],"about":[{"href":"https:\/\/www.europesays.com\/fr\/wp-json\/wp\/v2\/types\/post"}],"author":[{"embeddable":true,"href":"https:\/\/www.europesays.com\/fr\/wp-json\/wp\/v2\/users\/2"}],"replies":[{"embeddable":true,"href":"https:\/\/www.europesays.com\/fr\/wp-json\/wp\/v2\/comments?post=451953"}],"version-history":[{"count":0,"href":"https:\/\/www.europesays.com\/fr\/wp-json\/wp\/v2\/posts\/451953\/revisions"}],"wp:featuredmedia":[{"embeddable":true,"href":"https:\/\/www.europesays.com\/fr\/wp-json\/wp\/v2\/media\/451954"}],"wp:attachment":[{"href":"https:\/\/www.europesays.com\/fr\/wp-json\/wp\/v2\/media?parent=451953"}],"wp:term":[{"taxonomy":"category","embeddable":true,"href":"https:\/\/www.europesays.com\/fr\/wp-json\/wp\/v2\/categories?post=451953"},{"taxonomy":"post_tag","embeddable":true,"href":"https:\/\/www.europesays.com\/fr\/wp-json\/wp\/v2\/tags?post=451953"}],"curies":[{"name":"wp","href":"https:\/\/api.w.org\/{rel}","templated":true}]}}