{"id":451955,"date":"2025-10-10T07:23:26","date_gmt":"2025-10-10T07:23:26","guid":{"rendered":"https:\/\/www.europesays.com\/fr\/451955\/"},"modified":"2025-10-10T07:23:26","modified_gmt":"2025-10-10T07:23:26","slug":"un-la-hyre-pour-le-stadel-museum","status":"publish","type":"post","link":"https:\/\/www.europesays.com\/fr\/451955\/","title":{"rendered":"Un La Hyre pour le St\u00e4del Museum"},"content":{"rendered":"<p>9\/10\/25 &#8211; <strong> Acquisition &#8211; Francfort, St\u00e4del Museum <\/strong> &#8211; Poss\u00e9dant d\u00e9j\u00e0 deux importants tableaux fran\u00e7ais du XVIIe si\u00e8cle, le <a href=\"https:\/\/sammlung.staedelmuseum.de\/en\/work\/christ-appears-in-front-of-mary-magdalene\" class=\"spip_out\" rel=\"external nofollow noopener\" target=\"_blank\">Noli me tangere<\/a> de Claude Lorrain et (surtout) le plus grand <a href=\"https:\/\/sammlung.staedelmuseum.de\/en\/work\/landscape-during-a-thunderstorm-with-pyramus-and-thisbe\" class=\"spip_out\" rel=\"external nofollow noopener\" target=\"_blank\">paysage<\/a> peint par Nicolas Poussin, le mus\u00e9e allemand a r\u00e9cemment jet\u00e9 son d\u00e9volu sur un autre grand nom de la p\u00e9riode\u00a0: Laurent de La Hyre. Acquis gr\u00e2ce au soutien du St\u00e4delscher Museums-Verein, l\u2019association des Amis des mus\u00e9es de la ville, ce tableau (ill. 1) est l\u2019une des fort nombreuses variations sur le th\u00e8me &#8211; cher \u00e0 l\u2019artiste &#8211; de L\u2019Assomption de la Vierge. R\u00e9apparue lors d\u2019une vente aux ench\u00e8res \u00e0 Moulins en septembre 2017, l\u2019\u0153uvre (toujours conserv\u00e9e sur sa toile d\u2019origine) y fut achet\u00e9e par le galeriste parisien \u00c9ric Coatalem qui la restaura, l\u2019\u00e9tudia puis l\u2019exposa.<\/p>\n<dl class=\"spip_document_76422 spip_documents spip_documents_center\" itemprop=\"image\" itemscope=\"\" itemtype=\"http:\/\/schema.org\/ImageObject\">\n<dt>\n\t\t<a href=\"https:\/\/www.latribunedelart.com\/IMG\/jpg\/la_hyre_coatalem_francfort.jpg?76422\/544a39c63af53a287b3b71895c725b9c40e7d7383b3f9db25764ba6c39df7eac\" title=\"\" type=\"image\/jpeg\" rel=\"nofollow noopener\" target=\"_blank\"><br \/>\n\t\t\t<img loading=\"lazy\" decoding=\"async\" src=\"https:\/\/www.europesays.com\/fr\/wp-content\/uploads\/2025\/10\/la_hyre_coatalem_francfort-5d397.jpg\" width=\"379\" height=\"500\" alt=\"\" itemprop=\"contentUrl\"\/><br \/>\n\t\t<\/a>\n\t<\/dt>\n<dd class=\"crayon document-descriptif-76422 spip_doc_descriptif\" style=\"width:350px;\" itemprop=\"description\">1. Laurent de La Hyre (1606-1656)<br class=\"autobr\"\/><br \/>\nL\u2019Assomption de la Vierge, vers 1650<br class=\"autobr\"\/><br \/>\nHuile sur toile &#8211; 58,4 x 44 cm<br class=\"autobr\"\/><br \/>\nFrancfort, St\u00e4del Museum<br class=\"autobr\"\/><br \/>\nPhoto\u00a0: Galerie Eric Coatalem\n<\/dd>\n<dd class=\"spip_doc_lien-galerie\">\n\t\t<a href=\"https:\/\/www.latribunedelart.com\/spip.php?page=docbig&amp;id_document=76422&amp;id_article=12951\" rel=\"nofollow noopener\" target=\"_blank\">Voir l\u00b4image dans sa page<\/a>\n\t<\/dd>\n<\/dl>\n<p>La plus importante <a href=\"https:\/\/collections.louvre.fr\/ark:\/53355\/cl010061814\" class=\"spip_out\" rel=\"external nofollow noopener\" target=\"_blank\">Assomption<\/a> de Laurent de La Hyre reste bien s\u00fbr la toile (ill. 2) de 1635, command\u00e9e pour le ma\u00eetre-autel de l\u2019\u00e9glise du couvent des Capucins de la rue Saint-Honor\u00e9, qui tr\u00f4ne au Louvre et constitua longtemps l\u2019\u0153uvre la plus c\u00e9l\u00e8bre de l\u2019artiste. Cette composition, sans doute bien trop peu regard\u00e9e aujourd\u2019hui dans les salles, contribua assur\u00e9ment \u00e0 dynamiser la carri\u00e8re parisienne de l\u2019artiste, qui livra deux Mays de Notre-Dame\u00a0[<a href=\"#nb1\" class=\"spip_note\" rel=\"appendix\" title=\"Toujours conserv\u00e9s dans la cath\u00e9drale Notre-Dame, ils furent r\u00e9cemment\u00a0(\u2026)\" id=\"nh1\">1<\/a>] en <a href=\"https:\/\/www.notredamedeparis.fr\/comprendre\/peintures\/st-pierre-guerissant-des-malades-de-son-ombre\/\" class=\"spip_out\" rel=\"external nofollow noopener\" target=\"_blank\">1635<\/a> puis en <a href=\"https:\/\/www.notredamedeparis.fr\/comprendre\/peintures\/la-conversion-de-saint-paul\/\" class=\"spip_out\" rel=\"external nofollow noopener\" target=\"_blank\">1637<\/a>. La Hyre livra deux autres grands tableaux d\u2019autel sur ce th\u00e8me, connus par les sources mais pourtant disparus\u00a0: l\u2019un d\u2019eux ornait la cath\u00e9drale de Soissons jusqu\u2019\u00e0 la Premi\u00e8re Guerre mondiale, l\u2019autre \u00e9tait conserv\u00e9 \u00e0 l\u2019h\u00f4pital des Quinze-Vingts jusqu\u2019\u00e0 la R\u00e9volution mais tous deux ont a priori \u00e9t\u00e9 perdus dans les soubresauts de l\u2019Histoire, en d\u00e9pit de leurs dimensions\u00a0!<\/p>\n<dl class=\"spip_document_76451 spip_documents spip_documents_center\" itemprop=\"image\" itemscope=\"\" itemtype=\"http:\/\/schema.org\/ImageObject\">\n<dt>\n\t\t<a href=\"https:\/\/www.latribunedelart.com\/IMG\/jpg\/assomption_louvre_la_hyre_1989.jpg?76451\/e21ccfc83e23e27744c6384e0d2b37b3845b8a2865843cc0f8b4f479da1265c8\" title=\"\" type=\"image\/jpeg\" rel=\"nofollow noopener\" target=\"_blank\"><br \/>\n\t\t\t<img loading=\"lazy\" decoding=\"async\" src=\"https:\/\/www.europesays.com\/fr\/wp-content\/uploads\/2025\/10\/assomption_louvre_la_hyre_1989-0b119.jpg\" width=\"330\" height=\"500\" alt=\"\" itemprop=\"contentUrl\"\/><br \/>\n\t\t<\/a>\n\t<\/dt>\n<dd class=\"crayon document-descriptif-76451 spip_doc_descriptif\" style=\"width:330px;\" itemprop=\"description\">2. Laurent de La Hyre (1606-1656)<br class=\"autobr\"\/><br \/>\nL\u2019Assomption de la Vierge, 1635<br class=\"autobr\"\/><br \/>\nHuile sur toile &#8211; 425 x 368 cm<br class=\"autobr\"\/><br \/>\nParis, Mus\u00e9e du Louvre<br class=\"autobr\"\/><br \/>\nPhoto\u00a0: RMN-GP\/G. Blot\n<\/dd>\n<dd class=\"spip_doc_lien-galerie\">\n\t\t<a href=\"https:\/\/www.latribunedelart.com\/spip.php?page=docbig&amp;id_document=76451&amp;id_article=12951\" rel=\"nofollow noopener\" target=\"_blank\">Voir l\u00b4image\u2026<\/a><\/dd>\n<\/dl>\n","protected":false},"excerpt":{"rendered":"9\/10\/25 &#8211; Acquisition &#8211; Francfort, St\u00e4del Museum &#8211; Poss\u00e9dant d\u00e9j\u00e0 deux importants tableaux fran\u00e7ais du XVIIe si\u00e8cle, le&hellip;\n","protected":false},"author":2,"featured_media":451956,"comment_status":"","ping_status":"","sticky":false,"template":"","format":"standard","meta":{"footnotes":""},"categories":[1358],"tags":[1348,1384,1385,1386,58,59,1011,27],"class_list":{"0":"post-451955","1":"post","2":"type-post","3":"status-publish","4":"format-standard","5":"has-post-thumbnail","7":"category-arts-et-design","8":"tag-arts","9":"tag-arts-and-design","10":"tag-arts-et-design","11":"tag-design","12":"tag-divertissement","13":"tag-entertainment","14":"tag-fr","15":"tag-france"},"share_on_mastodon":{"url":"https:\/\/pubeurope.com\/@fr\/115348675277392086","error":""},"_links":{"self":[{"href":"https:\/\/www.europesays.com\/fr\/wp-json\/wp\/v2\/posts\/451955","targetHints":{"allow":["GET"]}}],"collection":[{"href":"https:\/\/www.europesays.com\/fr\/wp-json\/wp\/v2\/posts"}],"about":[{"href":"https:\/\/www.europesays.com\/fr\/wp-json\/wp\/v2\/types\/post"}],"author":[{"embeddable":true,"href":"https:\/\/www.europesays.com\/fr\/wp-json\/wp\/v2\/users\/2"}],"replies":[{"embeddable":true,"href":"https:\/\/www.europesays.com\/fr\/wp-json\/wp\/v2\/comments?post=451955"}],"version-history":[{"count":0,"href":"https:\/\/www.europesays.com\/fr\/wp-json\/wp\/v2\/posts\/451955\/revisions"}],"wp:featuredmedia":[{"embeddable":true,"href":"https:\/\/www.europesays.com\/fr\/wp-json\/wp\/v2\/media\/451956"}],"wp:attachment":[{"href":"https:\/\/www.europesays.com\/fr\/wp-json\/wp\/v2\/media?parent=451955"}],"wp:term":[{"taxonomy":"category","embeddable":true,"href":"https:\/\/www.europesays.com\/fr\/wp-json\/wp\/v2\/categories?post=451955"},{"taxonomy":"post_tag","embeddable":true,"href":"https:\/\/www.europesays.com\/fr\/wp-json\/wp\/v2\/tags?post=451955"}],"curies":[{"name":"wp","href":"https:\/\/api.w.org\/{rel}","templated":true}]}}