{"id":451957,"date":"2025-10-10T07:24:12","date_gmt":"2025-10-10T07:24:12","guid":{"rendered":"https:\/\/www.europesays.com\/fr\/451957\/"},"modified":"2025-10-10T07:24:12","modified_gmt":"2025-10-10T07:24:12","slug":"le-11e-festival-du-livre-de-jeunesse-de-sainte-radegonde-poursuit-son-objectif-faire-lire","status":"publish","type":"post","link":"https:\/\/www.europesays.com\/fr\/451957\/","title":{"rendered":"Le 11e festival du livre de jeunesse de Sainte-Radegonde poursuit son objectif\u00a0: faire lire\u00a0!"},"content":{"rendered":"<p>\n                                                                La nouvelle \u00e9dition se d\u00e9roule ce week-end et pr\u00f4ne plus que jamais l\u2019ouverture \u00e0 la lecture.\n                            <\/p>\n<p>L\u2019affiche de cette onzi\u00e8me \u00e9dition du festival de Sainte-Radegonde ne vous a peut-\u00eatre pas \u00e9chapp\u00e9. Difficile en effet de ne pas voir ces Lapins cr\u00e9tins, qui ornent quelques panneaux publicitaires. Sachez qu\u2019ils vous invitent avec grand plaisir \u00e0 ce festival du livre de jeunesse, d\u2019autant que celui qui leur donne forme sous ses crayons, Romain Pujol, sera du rendez-vous, ces 11 et 12\u00a0octobre. \u00a0\u00bb Bah, il y en a qui sont fans, d\u2019autres qui en rien, d\u2019autres moins\u2026 Questions de g\u00e9n\u00e9ration. Mais l\u2019important est qu\u2019ils fassent parler du festival\u00a0\u00bb, sourit Alain Dhers, pilote avec son \u00e9quipe de ce rendez-vous. \u00a0\u00bb Notre seul objectif \u00e9tant le m\u00eame depuis le d\u00e9but\u00a0: rendre la lecture le plus accessible possible\u00a0\u00bb. En \u0153uvrant dans tous les axes.<\/p>\n<p>Lapins cr\u00e9tins en vedette, mais pas seulement<\/p>\n<p>La BD en est un\u00a0bien s\u00fbr. \u00c0 ce rayon, Yann Cozic, fauve des coll\u00e9giens lors du dernier festival d\u2019Angoul\u00eame avec \u00ab\u00a0Mardival\u00a0\u00bb sera \u00e9galement invit\u00e9.\u00a0Tout comme le livre pour petits avec Clair\u00e9 D\u00e9 (artishow) et ses r\u00e9alisations tr\u00e8s ludiques et color\u00e9es, ou pour un peu plus grands avec Elsa Valentin (Bou et les trois ours). Les enfants, ados et pr\u00e9ados sont en tout cas\u00a0chouchout\u00e9s dans ce festival avec les \u0153uvres illustr\u00e9es d&rsquo;\u00a0Anne-Margot Ramstein, Annabelle Buxton, Fran\u00e7oise de Guibert, Jo\u00eblle Jolivet, Mathias Friman, Laurent Moreau, ou les romans des Ruth\u00e9nois\u00a0Oncedor et Manu Causse, ou encore les calligraphies de Sa\u00efd Benjelloun.<\/p>\n<p>De m\u00eame, le festival poursuit son extension, avec notamment les communaut\u00e9s de communes du nord Aveyron et de l\u2019ouest Aveyron, dont les \u00e9coles accueillent des auteurs. \u00ab\u00a0Et l\u2019on sent une v\u00e9ritable demande qui va en ce sens de la part des collectivit\u00e9s\u00a0\u00bb.\u00a0Des expositions en lien avec le festival ornent \u00e9galement les cimaises \u00e0 Onet-le-Ch\u00e2teau, le Monast\u00e8re, la Primaube, Sainte-Radegonde, et bient\u00f4t Gages. Les r\u00e9sidents de l\u2019IEM de Saint-Mayme d\u00e9voileront le\u00a0livre qu\u2019ils ont r\u00e9alis\u00e9\u2026 \u00a0\u00bb On est vraiment dans le sens d\u2019une ouverture\u00a0\u00bb, insiste Alain Dhers, dont les \u00e9quipes auront \u00e9galement plaisir \u00e0 remettre le prix du festival \u00e0 Manu Causse, tandis que seront d\u00e9voil\u00e9s les quatre auteurs en lice pour le prix 2026.<\/p>\n<p>Ce week-end, le livre de jeunesse sera donc \u00e0 la f\u00eate. Avec ses d\u00e9dicaces, ses ateliers, ses rencontres, son\u00a0spectacle du samedi\u00a019 h, un spectacle dessin\u00e9 participatif assur\u00e9 par Mathias Friman, le festival du livre de jeunesse peut s\u2019attendre \u00e0 de nouveaux beaux moments\u00a0!<\/p>\n","protected":false},"excerpt":{"rendered":"La nouvelle \u00e9dition se d\u00e9roule ce week-end et pr\u00f4ne plus que jamais l\u2019ouverture \u00e0 la lecture. L\u2019affiche de&hellip;\n","protected":false},"author":2,"featured_media":451958,"comment_status":"","ping_status":"","sticky":false,"template":"","format":"standard","meta":{"footnotes":""},"categories":[1357],"tags":[1379,58,59,1011,27,1380],"class_list":{"0":"post-451957","1":"post","2":"type-post","3":"status-publish","4":"format-standard","5":"has-post-thumbnail","7":"category-livres","8":"tag-books","9":"tag-divertissement","10":"tag-entertainment","11":"tag-fr","12":"tag-france","13":"tag-livres"},"share_on_mastodon":{"url":"https:\/\/pubeurope.com\/@fr\/115348679277805088","error":""},"_links":{"self":[{"href":"https:\/\/www.europesays.com\/fr\/wp-json\/wp\/v2\/posts\/451957","targetHints":{"allow":["GET"]}}],"collection":[{"href":"https:\/\/www.europesays.com\/fr\/wp-json\/wp\/v2\/posts"}],"about":[{"href":"https:\/\/www.europesays.com\/fr\/wp-json\/wp\/v2\/types\/post"}],"author":[{"embeddable":true,"href":"https:\/\/www.europesays.com\/fr\/wp-json\/wp\/v2\/users\/2"}],"replies":[{"embeddable":true,"href":"https:\/\/www.europesays.com\/fr\/wp-json\/wp\/v2\/comments?post=451957"}],"version-history":[{"count":0,"href":"https:\/\/www.europesays.com\/fr\/wp-json\/wp\/v2\/posts\/451957\/revisions"}],"wp:featuredmedia":[{"embeddable":true,"href":"https:\/\/www.europesays.com\/fr\/wp-json\/wp\/v2\/media\/451958"}],"wp:attachment":[{"href":"https:\/\/www.europesays.com\/fr\/wp-json\/wp\/v2\/media?parent=451957"}],"wp:term":[{"taxonomy":"category","embeddable":true,"href":"https:\/\/www.europesays.com\/fr\/wp-json\/wp\/v2\/categories?post=451957"},{"taxonomy":"post_tag","embeddable":true,"href":"https:\/\/www.europesays.com\/fr\/wp-json\/wp\/v2\/tags?post=451957"}],"curies":[{"name":"wp","href":"https:\/\/api.w.org\/{rel}","templated":true}]}}