{"id":451959,"date":"2025-10-10T07:25:21","date_gmt":"2025-10-10T07:25:21","guid":{"rendered":"https:\/\/www.europesays.com\/fr\/451959\/"},"modified":"2025-10-10T07:25:21","modified_gmt":"2025-10-10T07:25:21","slug":"carla-derape-face-a-josephine-berenice-craque-je-te-reconnais-plus-ici-tout-commence-14-octobre-2025-episode-1283-resume-complet-itc","status":"publish","type":"post","link":"https:\/\/www.europesays.com\/fr\/451959\/","title":{"rendered":"Carla d\u00e9rape face \u00e0 Jos\u00e9phine, B\u00e9r\u00e9nice craque : \u00ab\u00a0Je te reconnais plus\u00a0\u00bb &#8211; Ici tout commence 14 octobre 2025 (\u00e9pisode 1283 &#8211; r\u00e9sum\u00e9 complet ITC)"},"content":{"rendered":"<p>\tD\u00e9couvrez le r\u00e9sum\u00e9 d\u00e9taill\u00e9 d\u2019Ici tout commence en avance du mardi 14 octobre 2025 avec l\u2019\u00e9pisode 1283. Carla (Aaricia Lemaire) blessante : B\u00e9r\u00e9nice (B\u00e9r\u00e9nice Tannenberg) choqu\u00e9e par son comportement inacceptable envers Jos\u00e9phine (Lucie FLory).   #ITC en avance avec Nouveaut\u00e9s T\u00e9l\u00e9<br \/>\n<img fetchpriority=\"high\" decoding=\"async\" aria-describedby=\"caption-attachment-320567\" src=\"data:image\/svg+xml,%3Csvg%20xmlns=\" http:=\"\" alt=\"josephine itc en clash avec B\u00e9r\u00e9nice \" width=\"1280\" height=\"720\" class=\"size-full wp-image-320567\" data-lazy- data-lazy- data-lazy-src=\"https:\/\/www.europesays.com\/fr\/wp-content\/uploads\/2025\/10\/jo-berenice-itc.jpg\"\/><\/p>\n<p id=\"caption-attachment-320567\" class=\"wp-caption-text\">Jos\u00e9phine choqu\u00e9e de ce que balance Carla, elle comprend que B\u00e9r\u00e9nice l\u2019a trahie<\/p>\n<p>Retrouvez le r\u00e9sum\u00e9 int\u00e9gral d\u2019<strong>Ici tout commence \u00e9pisode 1283 saison 6<\/strong> diffus\u00e9 sur TF1 le mardi 14 octobre 2025 <a href=\"https:\/\/www.nouveautes-tele.com\/118986-nouveau-feuilleton-sur-tf1.html\" rel=\"nofollow noopener\" target=\"_blank\"><strong>voir les r\u00e9sum\u00e9s en avance de Ici tout commence <\/strong> <\/a> archiv\u00e9s par semaine). <\/p>\n<p>Le r\u00e9cap de l\u2019\u00e9pisode pr\u00e9c\u00e9dent  <a href=\"https:\/\/www.nouveautes-tele.com\/319979-carla-senfonce-dans-la-spirale-du-coupe-faim-rien-ne-peut-plus-larreter-ici-tout-commence-13-octobre-2025-episode-1282-resume-complet-itc.html\" rel=\"nofollow noopener\" target=\"_blank\">ITC \u00e9pisode 1282<\/a> est en ligne avec en bonus <a href=\"https:\/\/www.nouveautes-tele.com\/category\/ici-tout-commence\" rel=\"nofollow noopener\" target=\"_blank\"><strong>les indiscr\u00e9tions sur Ici tout commence<\/strong><\/a> le feuilleton t\u00e9l\u00e9vis\u00e9 de TF1.<\/p>\n<p>  \ud83d\udccc Quels sont les temps forts de l\u2019\u00e9pisode d\u2019Ici tout commence en avance du 14 octobre 2025 ? en bref, l\u2019\u00e9pisode ITC 1283 <\/p>\n<ul>\n<li>Carla s\u2019isole : obs\u00e9d\u00e9e par son poids, elle pousse Zo\u00e9 \u00e0 tester un coupe-faim dangereux<\/li>\n<li>B\u00e9r\u00e9nice h\u00e9site \u00e0 saisir une opportunit\u00e9 de partir \u00e0 Marseille pour une masterclass de 5 jours vu les tensions avec Carla <\/li>\n<li>Un \u00e9diteur a propos\u00e9 \u00e0 Marc de faire un livre de recettes avec Jim, Thibault mais aussi Rose qui fait partie de la famille <\/li>\n<li>Carla craque en cours : apr\u00e8s une dispute avec Marc, elle finit punie et se sent encore plus exclue du clan Leroy.<\/li>\n<li>Jos\u00e9phine trahie : Carla r\u00e9v\u00e8le son secret en public, sous le regard de Matt\u00e9o, d\u00e9clenchant un clash avec B\u00e9r\u00e9nice <\/li>\n<\/ul>\n<p>Tout ce qu\u2019il faut savoir sur l\u2019\u00e9pisode 1283 d\u2019Ici tout commence du 14 octobre 2025, tous les <strong>spoilers complets<\/strong> par rapport aux intrigues du jour \u00e0 Calvi\u00e8res.<\/p>\n<p>Ici tout commence en avance : Rose et la Famille Leroy unis \u2026sans Carla<br \/>\n<img loading=\"lazy\" decoding=\"async\" aria-describedby=\"caption-attachment-320563\" src=\"data:image\/svg+xml,%3Csvg%20xmlns=\" http:=\"\" alt=\"carla itc \" width=\"1200\" height=\"690\" class=\"size-full wp-image-320563\" data-lazy- data-lazy- data-lazy-src=\"https:\/\/www.europesays.com\/fr\/wp-content\/uploads\/2025\/10\/itc-1283vacjpg.jpg\"\/><\/p>\n<p id=\"caption-attachment-320563\" class=\"wp-caption-text\">Carla ne pense qu\u2019\u00e0 son r\u00e9gime<\/p>\n<p>\n<strong>Carla est \u00e0 bout<\/strong> : elle en a marre de tout et confie avoir seulement<strong>perdu un kilo en une semaine<\/strong>. Zo\u00e9 tente de la raisonner, lui rappelant qu\u2019elle n\u2019a pas besoin de s\u2019affamer. Mais Carla, obs\u00e9d\u00e9e par son image, propose \u00e0 Zo\u00e9 de tester un <strong>coupe-faim dangereux<\/strong> pour atteindre leur poids id\u00e9al. Zo\u00e9 refuse fermement, craignant les cons\u00e9quences. Carla a re\u00e7u son colis de coupe-faim. <\/p>\n<p>Pendant ce temps, <strong>Julia propose \u00e0 Billie de rejoindre sa brigade<\/strong>. Une belle opportunit\u00e9 qui fait des jaloux : Tom, vex\u00e9, ne cache pas sa d\u00e9ception de ne pas avoir \u00e9t\u00e9 choisi.<\/p>\n<p>Clotilde confie \u00e0 B\u00e9r\u00e9nice une nouvelle offre : <strong>une masterclass \u00e0 Marseille de 5 jours<\/strong> pour pr\u00e9senter un dessert signature. B\u00e9r\u00e9nice h\u00e9site, se demandant si c\u2019est vraiment le bon moment. Jos\u00e9phine pense que c\u2019est dommage de rater un truc aussi cool que la masterclass juste parce que Carla fait un caca nerveux.<\/p>\n<p><img loading=\"lazy\" decoding=\"async\" aria-describedby=\"caption-attachment-320565\" src=\"data:image\/svg+xml,%3Csvg%20xmlns=\" http:=\"\" alt=\"rose itc \" width=\"1200\" height=\"701\" class=\"size-full wp-image-320565\" data-lazy- data-lazy- data-lazy-src=\"https:\/\/www.europesays.com\/fr\/wp-content\/uploads\/2025\/10\/itc-1283vacjVpg.jpg\"\/><\/p>\n<p id=\"caption-attachment-320565\" class=\"wp-caption-text\">Rose flatt\u00e9e de faire partie du projet des Leroy<\/p>\n<p>Tom, de son c\u00f4t\u00e9, d\u00e9couvre son <strong>test g\u00e9n\u00e9alogique<\/strong> : il n\u2019a que du sang anglais. D\u00e9pit\u00e9, il se d\u00e9crit comme \u00ab\u00a0un rosbeef sans saveur\u00a0\u00bb. Mais <strong>Milan tente de le motiver<\/strong>, \u00e9voquant qu\u2019il pourrait \u00eatre un lord !<\/p>\n<p>Ici tout commence 14 octobre 2025 : L\u00e9onard encore in love d\u2019Isma\u00ebl ?<br \/>\n<img loading=\"lazy\" decoding=\"async\" aria-describedby=\"caption-attachment-320557\" src=\"data:image\/svg+xml,%3Csvg%20xmlns=\" http:=\"\" alt=\"tom itc \" width=\"1200\" height=\"726\" class=\"size-full wp-image-320557\" data-lazy- data-lazy- data-lazy-src=\"https:\/\/www.europesays.com\/fr\/wp-content\/uploads\/2025\/10\/itc-1283a.jpg\"\/><\/p>\n<p id=\"caption-attachment-320557\" class=\"wp-caption-text\">Tom a des origines british<\/p>\n<p><strong>L\u00e9onard avoue \u00e0 Maya<\/strong> qu\u2019il ne parvient pas \u00e0 se d\u00e9tacher d\u2019Isma\u00ebl. Le croiser sans cesse avec Bianca le rend fou.<br \/>\nUn <strong>\u00e9diteur propose un projet de recueil culinaire autour de la famille Leroy<\/strong> : chacun mettrait en avant sa vision de la cuisine. Thibault participerait avec Jim et Marc, et l\u2019\u00e9diteur veut que <strong>Rose y prenne part<\/strong>.<\/p>\n<p>Carla d\u00e9cide alors de <strong>s\u2019excuser aupr\u00e8s de B\u00e9r\u00e9nice<\/strong> : \u00ab J\u2019ai commenc\u00e9 un r\u00e9gime et \u00e7a m\u2019a rendue irritable en voyant ton dessert. \u00bb B\u00e9r\u00e9nice accepte de lui parler le soir \u00e0 la coloc.<\/p>\n<p>Pour le cours de Clotilde, <strong>L\u00e9onard doit travailler avec Bianca<\/strong> et il est d\u00e9go\u00fbt\u00e9.<\/p>\n<p><img loading=\"lazy\" decoding=\"async\" aria-describedby=\"caption-attachment-320561\" src=\"data:image\/svg+xml,%3Csvg%20xmlns=\" http:=\"\" alt=\"enzo itc \" width=\"1200\" height=\"681\" class=\"size-full wp-image-320561\" data-lazy- data-lazy- data-lazy-src=\"https:\/\/www.europesays.com\/fr\/wp-content\/uploads\/2025\/10\/itc-1283vacdjVpg.jpg\"\/><\/p>\n<p id=\"caption-attachment-320561\" class=\"wp-caption-text\">Enzo est emball\u00e9 par le projet de Tom<\/p>\n<p>\nDe son c\u00f4t\u00e9, <strong>Carla apprend par Jim que les Leroy vont publier un livre de recettes\u2026 avec Rose<\/strong>. La jeune femme se sent exclue et vit tr\u00e8s mal cette nouvelle.<br \/>\nLors d\u2019un cours, elle <strong>se dispute violemment avec Marc<\/strong> en modifiant une recette : elle remplace le beurre clarifi\u00e9 par de l\u2019huile v\u00e9g\u00e9tale. Marc met fin \u00e0 la dispute et la punit en la mettant <strong>en corv\u00e9e de nettoyage<\/strong>.<\/p>\n<p>Bianca dit \u00e0 L\u00e9onard qu\u2019il est trop gentil, il n\u2019ose pas dire aux gens d\u2019aller se faire fou***. Bianca, toujours suspicieuse, confie \u00e0 L\u00e9onard qu\u2019elle <strong>pense qu\u2019il se passe quelque chose entre Zo\u00e9 et Isma\u00ebl<\/strong>. Elle est d\u00e9cid\u00e9e \u00e0 d\u00e9couvrir la v\u00e9rit\u00e9 sur <strong>ce qui s\u2019est vraiment pass\u00e9 \u00e0 Castemmont<\/strong>.<\/p>\n<p>Tom, s\u00fbr de lui, pr\u00e9sente son <strong>concept \u201cbritish\u201d<\/strong> : des recettes inspir\u00e9es de ses racines anglaises. Jasmine et Milan craignent qu\u2019Enzo le clashe, mais <strong>Enzo le surprend en validant son id\u00e9e<\/strong>. Il lui conseille quelques ajustements et promet de le mettre <strong>\u00e0 la t\u00eate de l\u2019atelier<\/strong> si tout se passe bien.<\/p>\n<p><img loading=\"lazy\" decoding=\"async\" aria-describedby=\"caption-attachment-320559\" src=\"data:image\/svg+xml,%3Csvg%20xmlns=\" http:=\"\" alt=\"leonard itc \" width=\"1200\" height=\"709\" class=\"size-full wp-image-320559\" data-lazy- data-lazy- data-lazy-src=\"https:\/\/www.europesays.com\/fr\/wp-content\/uploads\/2025\/10\/itc-1283va.jpg\"\/><\/p>\n<p id=\"caption-attachment-320559\" class=\"wp-caption-text\">L\u00e9onard pense encore \u00e0 Ismael<\/p>\n<p>\nLa tension explose quand <strong>Carla humilie Jos\u00e9phine<\/strong> devant B\u00e9r\u00e9nice : \u00ab La toxico qui prend la d\u00e9fense de son mentor accro \u00e0 la bouteille \u00bb B\u00e9r\u00e9nice, choqu\u00e9e, lui lance : \u00ab Je ne te reconnais plus, Carla. \u00bb<br \/>\nJos\u00e9phine, boulevers\u00e9e, comprend que <strong>B\u00e9r\u00e9nice a trahi son secret<\/strong> en le r\u00e9v\u00e9lant \u00e0 Carla. Et pour couronner le tout, <strong>Matt\u00e9o a tout entendu<\/strong>\u2026 Le malaise est total.<\/p>\n<p style=\"margin:0; font-size:18px;\">\ud83d\udce8 <strong>Ne manquez plus rien de vos s\u00e9ries pr\u00e9f\u00e9r\u00e9es !<\/strong><\/p>\n<p style=\"margin:8px 0 16px 0;\">Abonnez-vous \u00e0 notre \ud83d\udea8 <strong>newsletter \u00ab\u00a0Alerte S\u00e9ries\u00a0\u00bb<\/strong> d\u00e8s la publication d\u2019un nouvel article.<br \/>&#13;<br \/>\n  Ou rejoignez \ud83d\udfe2 <strong>notre cha\u00eene WhatsApp<\/strong> \ud83d\udcde\ud83d\udcac pour recevoir les actus <strong>Nouveaut\u00e9s-T\u00e9l\u00e9<\/strong> en direct !<\/p>\n<p>  <a href=\"https:\/\/www.nouveautes-tele.com\/alerte-nouvel-article-notification-mail\" target=\"_blank\" style=\"background-color:#00b4d8; color:#ffffff; padding:10px 18px; border-radius:6px; text-decoration:none; margin:5px; display:inline-block; font-weight:bold;\" rel=\"nofollow noopener\">&#13;<br \/>\n     \u2709\ufe0f Je m\u2019abonne \u00e0 la newsletter&#13;<br \/>\n  <\/a><\/p>\n<p>  <a href=\"https:\/\/whatsapp.com\/channel\/0029Vaff4LEFcowCVHrXqx17\" target=\"_blank\" style=\"background-color:#25D366; color:#ffffff; padding:10px 18px; border-radius:6px; text-decoration:none; margin:5px; display:inline-block; font-weight:bold;\" rel=\"nofollow noopener\">&#13;<br \/>\n     \ud83d\udcac Rejoindre sur WhatsApp&#13;<br \/>\n  <\/a><\/p>\n<p> \ud83d\udd1c Restez connect\u00e9s ! Le <strong>r\u00e9sum\u00e9 Ici tout commence du 13 octobre 2025<\/strong> avec l\u2019\u00e9pisode 1282  arrive tr\u00e8s vite sur Nouveaut\u00e9s T\u00e9l\u00e9.<\/p>\n<p> \ud83d\udcac Commentez les \u00e9pisodes sur <strong><a href=\"https:\/\/www.nouveautes-tele.com\/141204-ici-tout-commence-tf1-la-date-de-diffusion-et-horaire.html\" rel=\"nofollow noopener\" target=\"_blank\">le forum d\u2019Ici tout commence<\/a><\/strong> chaque jour.  <\/p>\n<p>Retrouvez <a href=\"https:\/\/www.nouveautes-tele.com\/140975-audience-ici-tout-commence-tf1.html\" rel=\"nofollow noopener\" target=\"_blank\"><strong>les audiences ITC<\/strong><\/a> quotidiennes de la s\u00e9rie. <\/p>\n<p>Fan d\u2019Ici tout commence ? les s\u00e9ries \u00e0 ne pas manquer <\/p>\n<p>Si vous d\u00e9vorez Ici tout commence chaque jour, voici les s\u00e9ries qui devraient aussi titiller votre curiosit\u00e9\u2026 : le feuilleton \u00e0 19H10 <a href=\"https:\/\/www.nouveautes-tele.com\/62784-resume-demain-nous-appartient-tf1-en-avance-spoilers-devoiles.html\" rel=\"nofollow noopener\" target=\"_blank\"><strong>Demain nous appartient <\/strong><\/a> avec Ingrid Chauvin sur TF1 et \u00e0 20H45 <a href=\"https:\/\/www.nouveautes-tele.com\/86457-grand-soleil-le-guide-complet-du-feuilleton-france-2-rentree-2018.html\" rel=\"nofollow noopener\" target=\"_blank\"><strong>Un si grand soleil<\/strong><\/a> juste avant le prime-time de France 3. Quant \u00e0 la s\u00e9rie <a href=\"https:\/\/www.nouveautes-tele.com\/38439-plus-belle-la-vie-le-guide-des-resumes-et-spoilers.html\" rel=\"nofollow noopener\" target=\"_blank\"><strong>Plus belle la vie sur TF1<\/strong><\/a> c\u2019est chaque jour \u00e0 13h50, et la vie est encore plus belle. Et chaque jour, la s\u00e9rie musicale <a href=\"https:\/\/www.nouveautes-tele.com\/283724-tout-pour-la-lumiere-tf1-decouvrez-ce-casting-complet-inattendu-liste-des-acteurs.html\" rel=\"nofollow noopener\" target=\"_blank\"> <strong>Tout pour la lumi\u00e8re<\/strong><\/a> \u00e0 18h sur TF1. <\/p>\n<p>                          <img loading=\"lazy\" decoding=\"async\" width=\"512\" height=\"512\" src=\"data:image\/svg+xml,%3Csvg%20xmlns=\" http:=\"\" alt=\"Logo de Nouveaut\u00e9 t\u00e9l\u00e9\" data-lazy-src=\"https:\/\/www.europesays.com\/fr\/wp-content\/uploads\/2025\/06\/nt-logo.png\"\/><\/p>\n<p>\t\t\t  Isabelle Corteilles<\/p>\n<p>Titou, fondatrice de Nouveaut\u00e9s T\u00e9l\u00e9 en 2014, passionn\u00e9e de m\u00e9dias et incollable sur l\u2019actualit\u00e9 des s\u00e9ries t\u00e9l\u00e9. De la g\u00e9n\u00e9ration Dawson\u2019s Creek et Sous le Soleil, je navigue aujourd\u2019hui entre le Spoon de DNA, les marais salants d\u2019ITC, le Mistral de PBLV et les Sauvages d\u2019Un Si Grand Soleil, pour ne rien rater des derni\u00e8res intrigues et des indiscr\u00e9tions.<\/p>\n","protected":false},"excerpt":{"rendered":"D\u00e9couvrez le r\u00e9sum\u00e9 d\u00e9taill\u00e9 d\u2019Ici tout commence en avance du mardi 14 octobre 2025 avec l\u2019\u00e9pisode 1283. Carla&hellip;\n","protected":false},"author":2,"featured_media":451960,"comment_status":"","ping_status":"","sticky":false,"template":"","format":"standard","meta":{"footnotes":""},"categories":[1356],"tags":[58,59,1011,27,252,1364],"class_list":{"0":"post-451959","1":"post","2":"type-post","3":"status-publish","4":"format-standard","5":"has-post-thumbnail","7":"category-television","8":"tag-divertissement","9":"tag-entertainment","10":"tag-fr","11":"tag-france","12":"tag-television","13":"tag-tv"},"share_on_mastodon":{"url":"https:\/\/pubeurope.com\/@fr\/115348683087195955","error":""},"_links":{"self":[{"href":"https:\/\/www.europesays.com\/fr\/wp-json\/wp\/v2\/posts\/451959","targetHints":{"allow":["GET"]}}],"collection":[{"href":"https:\/\/www.europesays.com\/fr\/wp-json\/wp\/v2\/posts"}],"about":[{"href":"https:\/\/www.europesays.com\/fr\/wp-json\/wp\/v2\/types\/post"}],"author":[{"embeddable":true,"href":"https:\/\/www.europesays.com\/fr\/wp-json\/wp\/v2\/users\/2"}],"replies":[{"embeddable":true,"href":"https:\/\/www.europesays.com\/fr\/wp-json\/wp\/v2\/comments?post=451959"}],"version-history":[{"count":0,"href":"https:\/\/www.europesays.com\/fr\/wp-json\/wp\/v2\/posts\/451959\/revisions"}],"wp:featuredmedia":[{"embeddable":true,"href":"https:\/\/www.europesays.com\/fr\/wp-json\/wp\/v2\/media\/451960"}],"wp:attachment":[{"href":"https:\/\/www.europesays.com\/fr\/wp-json\/wp\/v2\/media?parent=451959"}],"wp:term":[{"taxonomy":"category","embeddable":true,"href":"https:\/\/www.europesays.com\/fr\/wp-json\/wp\/v2\/categories?post=451959"},{"taxonomy":"post_tag","embeddable":true,"href":"https:\/\/www.europesays.com\/fr\/wp-json\/wp\/v2\/tags?post=451959"}],"curies":[{"name":"wp","href":"https:\/\/api.w.org\/{rel}","templated":true}]}}