{"id":451965,"date":"2025-10-10T07:29:11","date_gmt":"2025-10-10T07:29:11","guid":{"rendered":"https:\/\/www.europesays.com\/fr\/451965\/"},"modified":"2025-10-10T07:29:11","modified_gmt":"2025-10-10T07:29:11","slug":"pourquoi-manger-moins-de-viande-nest-pas-toujours-bon-pour-le-coeur","status":"publish","type":"post","link":"https:\/\/www.europesays.com\/fr\/451965\/","title":{"rendered":"Pourquoi manger moins de viande n\u2019est pas toujours bon pour le c\u0153ur"},"content":{"rendered":"<p>    Une consommation riche en v\u00e9g\u00e9taux est bonne pour la sant\u00e9 cardio-vasculaire<br \/>\n                ENMANUEL CAST \/ stock.adobe.com<\/p>\n<p>\n    <strong>D\u00c9CRYPTAGE &#8211;<\/strong> Une vaste \u00e9tude fran\u00e7aise r\u00e9v\u00e8le que tous les r\u00e9gimes riches en v\u00e9g\u00e9taux ne r\u00e9duisent pas forc\u00e9ment les risques de maladies cardio-vasculaires. En cause\u00a0? Les aliments ultratransform\u00e9s.<\/p>\n<p class=\"fig-paragraph\">Adopter une alimentation\u00a0<a href=\"http:\/\/sante.lefigaro.fr\/mieux-etre\/nutrition-aliments\/pour-sa-sante-faut-il-reduire-voire-stopper-sa-consommation-de-viande-20221025\" data-fig-type=\"Article\" data-gtm-custom-categorie=\"navigation\" data-gtm-custom-action=\"crossclick\" data-gtm-custom-label=\"Contextuel\" data-gtm-event=\"customEventSPE\" data-fig-domain=\"SANTE\" target=\"_blank\" rel=\"noopener\">faible en viande<\/a>\u00a0n\u2019est pas toujours aussi bon pour le c\u0153ur que ce que l\u2019on pourrait penser. C\u2019est la conclusion d\u2019une \u00e9tude majeure men\u00e9e par l\u2019\u00e9quipe de recherche en \u00e9pid\u00e9miologie nutritionnelle (EREN, Inserm, INRAE, Sorbonne Paris Nord et Universit\u00e9 Paris Cit\u00e9). Pendant neuf ans, les chercheurs ont suivi plus de 63\u00a0000 volontaires de la cohorte NutriNet-Sant\u00e9*, qui devaient remplir des questionnaires en ligne sur les aliments et boissons consomm\u00e9s sur au moins trois journ\u00e9es.<\/p>\n<p class=\"fig-paragraph\">L\u2019\u00e9tude, publi\u00e9e dans\u00a0<a href=\"https:\/\/www.thelancet.com\/journals\/lanepe\/article\/PIIS2666-7762(25)00262-5\/fulltext\" target=\"_blank\" rel=\"sponsored noopener\" data-gtm-custom-categorie=\"navigation\" data-gtm-custom-action=\"crossclick\" data-gtm-custom-label=\"Contextuel\" data-gtm-event=\"customEventSPE\">The Lancet Regional Health &#8211; Europe,<\/a> \u00a0semble montrer qu\u2019une alimentation \u00e0 dominante v\u00e9g\u00e9tale n\u2019est b\u00e9n\u00e9fique pour le c\u0153ur que si elle repose sur des produits peu transform\u00e9s et de bonne qualit\u00e9 nutritionnelle. \u00c0 l\u2019inverse, une consommation importante\u00a0<a href=\"http:\/\/sante.lefigaro.fr\/mieux-etre\/nutrition-aliments\/alimentation-ultratransformee-un-concept-qui-reste-a-etayer-scientifiquement-pour-l-anses-20250130\" data-fig-type=\"NewsFlash\" data-gtm-custom-categorie=\"navigation\" data-gtm-custom-action=\"crossclick\" data-gtm-custom-label=\"Contextuel\" data-gtm-event=\"customEventSPE\" data-fig-domain=\"SANTE\" target=\"_blank\" rel=\"noopener\">d\u2019aliments ultratransform\u00e9s<\/a>\u00a0peut neutraliser, voire inverser, ces effets protecteurs des v\u00e9g\u00e9taux.<\/p>\n<p><strong>Une m\u00e9thode in\u00e9dite d\u2019\u00e9valuation<\/strong><\/p>\n<p class=\"fig-paragraph\">Les chercheurs ont voulu d\u00e9passer la simple opposition entre alimentation \u00ab\u00a0v\u00e9g\u00e9tale\u00a0\u00bb et \u00ab\u00a0carn\u00e9e\u00a0\u00bb. Ils ont analys\u00e9\u2026<\/p>\n<p class=\"fig-premium-paywall__infos\">\n        Cet article est r\u00e9serv\u00e9 aux abonn\u00e9s.        Il vous reste 82% \u00e0 d\u00e9couvrir.\n    <\/p>\n<p>                <img  data- alt=\"Le Figaro\" class=\"fig-img--complete fig-img\"\/><\/p>\n<p class=\"fig-premium-paywall__title\">J-100, Le Figaro f\u00eate ses 200 ans<\/p>\n<p class=\"fig-premium-paywall__subtitle\">Offre anniversaire : 2\u20ac\/mois pendant 200 semaines<\/p>\n<p class=\"fig-premium-paywall__connect\">\n                D\u00e9j\u00e0 abonn\u00e9\u00a0?                <a class=\"fig-premium-paywall__connect-link\" href=\"https:\/\/connect.lefigaro.fr\/login?client=sante_web&amp;type=main&amp;redirect_uri=https%3A%2F%2Fsante.lefigaro.fr%2Fmieux-etre%2Fnutrition-aliments%2Fpourquoi-manger-moins-de-viande-n-est-pas-toujours-bon-pour-le-coeur-20251010\" data-js-gtm=\"{&quot;customCategorie&quot;: &quot;conversion&quot;, &quot;customAction&quot;: &quot;before_Landing_Connexion_paywall_auto&quot;, &quot;customLabel&quot;: &quot;c2FudGUubGVmaWdhcm8uZnJfXzFmMGE0Zjk0LTg3MDQtNmM4OC05MTdjLWJkYmQxYjMzNWUyOF9fQXJ0aWNsZQ==_Pourquoi manger moins de viande n\u2019est pas toujours bon pour le c\u0153ur_121&quot;, &quot;customIDSPE&quot;: &quot;c2FudGUubGVmaWdhcm8uZnJfXzFmMGE0Zjk0LTg3MDQtNmM4OC05MTdjLWJkYmQxYjMzNWUyOF9fQXJ0aWNsZQ==&quot;, &quot;event&quot;: &quot;customEventSPE&quot;}\" target=\"_blank\" rel=\"noopener\"><br \/>\n                    Connectez-vous<br \/>\n                <\/a>\n            <\/p>\n","protected":false},"excerpt":{"rendered":"Une consommation riche en v\u00e9g\u00e9taux est bonne pour la sant\u00e9 cardio-vasculaire ENMANUEL CAST \/ stock.adobe.com D\u00c9CRYPTAGE &#8211; Une&hellip;\n","protected":false},"author":2,"featured_media":451966,"comment_status":"","ping_status":"","sticky":false,"template":"","format":"standard","meta":{"footnotes":""},"categories":[10],"tags":[45674,1011,27,72,54473,71,11994],"class_list":{"0":"post-451965","1":"post","2":"type-post","3":"status-publish","4":"format-standard","5":"has-post-thumbnail","7":"category-sante","8":"tag-alimentation-et-sante","9":"tag-fr","10":"tag-france","11":"tag-health","12":"tag-maladie-cardiovasculaire","13":"tag-sante","14":"tag-viande"},"share_on_mastodon":{"url":"","error":""},"_links":{"self":[{"href":"https:\/\/www.europesays.com\/fr\/wp-json\/wp\/v2\/posts\/451965","targetHints":{"allow":["GET"]}}],"collection":[{"href":"https:\/\/www.europesays.com\/fr\/wp-json\/wp\/v2\/posts"}],"about":[{"href":"https:\/\/www.europesays.com\/fr\/wp-json\/wp\/v2\/types\/post"}],"author":[{"embeddable":true,"href":"https:\/\/www.europesays.com\/fr\/wp-json\/wp\/v2\/users\/2"}],"replies":[{"embeddable":true,"href":"https:\/\/www.europesays.com\/fr\/wp-json\/wp\/v2\/comments?post=451965"}],"version-history":[{"count":0,"href":"https:\/\/www.europesays.com\/fr\/wp-json\/wp\/v2\/posts\/451965\/revisions"}],"wp:featuredmedia":[{"embeddable":true,"href":"https:\/\/www.europesays.com\/fr\/wp-json\/wp\/v2\/media\/451966"}],"wp:attachment":[{"href":"https:\/\/www.europesays.com\/fr\/wp-json\/wp\/v2\/media?parent=451965"}],"wp:term":[{"taxonomy":"category","embeddable":true,"href":"https:\/\/www.europesays.com\/fr\/wp-json\/wp\/v2\/categories?post=451965"},{"taxonomy":"post_tag","embeddable":true,"href":"https:\/\/www.europesays.com\/fr\/wp-json\/wp\/v2\/tags?post=451965"}],"curies":[{"name":"wp","href":"https:\/\/api.w.org\/{rel}","templated":true}]}}