{"id":451969,"date":"2025-10-10T07:31:15","date_gmt":"2025-10-10T07:31:15","guid":{"rendered":"https:\/\/www.europesays.com\/fr\/451969\/"},"modified":"2025-10-10T07:31:15","modified_gmt":"2025-10-10T07:31:15","slug":"retour-en-trio-sur-les-roche-martin-son-premier-groupe-tue-par-lamour","status":"publish","type":"post","link":"https:\/\/www.europesays.com\/fr\/451969\/","title":{"rendered":"retour en trio sur Les Roche Martin, son premier groupe tu\u00e9 par l\u2019amour"},"content":{"rendered":"<p><strong>Paris Match. En 1967, vous formez votre premier groupe et d\u00e9cidez de l\u2019appeler <a href=\"https:\/\/www.parismatch.com\/Culture\/Musique\/On-connait-la-Sanson-132999\" rel=\"nofollow noopener\" target=\"_blank\">Les Roche Martin<\/a>. Pourquoi ce nom\u2026 inattendu\u00a0?<\/strong><\/p>\n<p><strong><a href=\"https:\/\/www.parismatch.com\/bio\/veronique-sanson?page=1\" rel=\"nofollow noopener\" target=\"_blank\">V\u00e9ronique Sanson<\/a>. <\/strong>On a simplement ouvert l\u2019annuaire et constat\u00e9 qu\u2019il y avait des milliers de Roche et autant de Martin. On s\u2019est dit que, forc\u00e9ment, ces gens ach\u00e8teraient nos disques. [Elle rit.]<\/p>\n<p><strong>Fran\u00e7ois Bernheim. <\/strong>On \u00e9tait fans des groupes de l\u2019\u00e9poque, comme The Mamas and the Papas, Peter, Paul and Mary ou les Beatles.<\/p>\n<p>Deux gar\u00e7ons pleins d\u2019avenir\u00a0: Claude-\u00adMichel Sch\u00f6nberg et Michel Berger&#8230;<\/p>\n<p><strong>Comment \u00eates-vous pass\u00e9s du salon, o\u00f9 tout a commenc\u00e9, au studio\u00a0?<\/strong><\/p>\n<p><strong>V\u00e9ronique.<\/strong> Fran\u00e7ois jouait de la guitare et composait une chanson par jour. Elles \u00e9taient si dr\u00f4les, tendres et jolies\u2026 Je n\u2019ai jamais vu quelqu\u2019un d\u2019aussi prolifique\u00a0! On a commenc\u00e9 \u00e0 chanter ensemble, \u00e0 cr\u00e9er des voix et des harmonies. On ne voulait faire que \u00e7a.<\/p>\n<p>    La suite apr\u00e8s cette publicit\u00e9<\/p>\n<p><strong>Fran\u00e7ois. <\/strong>Un jour, Colette, la maman de Violaine et V\u00e9ro, nous a demand\u00e9 de jouer devant ses copines. Apr\u00e8s un tonnerre \u00add\u2019applaudissements, un homme qu\u2019on n\u2019avait pas vu s\u2019est lev\u00e9 et a dit\u00a0: \u201cJe peux vous voir demain dans mon bureau\u00a0?\u201d C\u2019\u00e9tait Alain de Ricou, le directeur des \u00e9ditions Path\u00e9-Marconi. Il nous a pr\u00e9sent\u00e9 deux gar\u00e7ons pleins d\u2019avenir\u00a0: <a href=\"https:\/\/www.parismatch.com\/Culture\/Musique\/France-Gall-Michel-Berger-hors-serie-Paris-Match-1822187\" rel=\"nofollow noopener\" target=\"_blank\">Michel Berger<\/a> et Claude-\u00adMichel Sch\u00f6nberg.<\/p>\n<p><strong>Mais l\u2019aventure musicale a finalement tourn\u00e9 court. Que s\u2019est-il pass\u00e9\u00a0?<\/strong><\/p>\n<p><strong>Fran\u00e7ois. <\/strong>J\u2019ai un peu cass\u00e9 le jouet\u00a0! J\u2019adorais \u00eatre avec les filles mais je m\u2019entendais mal avec un de nos deux directeurs artistiques. Il nous proposait une chanson \u00e9pouvantable qui s\u2019appelait \u201cJ\u2019ai des fleurs dans les cheveux\u201d, il fallait ressembler aux hippies\u2026 On s\u2019est engueul\u00e9. Violaine m\u2019a suivi.<\/p>\n<p><strong><a href=\"https:\/\/www.parismatch.com\/People\/Veronique-Sanson-sa-soeur-se-confie-sur-son-alcoolisme-1352030\" rel=\"nofollow noopener\" target=\"_blank\">Violaine<\/a>. <\/strong>C\u2019est dommage car le disque \u00e9tait vraiment formidable. Il \u00e9tait d\u00e9j\u00e0 enregistr\u00e9, grav\u00e9, on avait m\u00eame la photo de couverture.<\/p>\n<p><strong>Fran\u00e7ois.<\/strong> Je ne m\u2019entendais pas avec ce mec alors que tout allait tr\u00e8s bien avec Michel Berger. J\u2019\u00e9tais m\u00eame un peu jaloux. Je n\u2019\u00e9tais pas pianiste, alors \u00e7a m\u2019irritait compl\u00e8tement de voir Michel faire des renversements d\u2019accords. Je me disais\u00a0: \u201cMais putain, il fait quoi l\u00e0\u00a0?\u201d Il \u00e9tait en avance sur pas mal de choses. Ce n\u2019est pas un hasard si ses chansons sont rest\u00e9es.<\/p>\n<p>    <img decoding=\"async\" src=\"https:\/\/www.europesays.com\/fr\/wp-content\/uploads\/2025\/10\/_dsc0773_0.jpg\" alt=\"Dans la cuisine de l\u2019appartement o\u00f9 les s\u0153urs ont grandi, un groupe aussi soud\u00e9 qu\u2019une brigade.\" loading=\"lazy\"\/><\/p>\n<p>\n      Dans la cuisine de l\u2019appartement o\u00f9 les s\u0153urs ont grandi, un groupe aussi soud\u00e9 qu\u2019une brigade.<\/p>\n<p>                Paris Match<br \/>\n                      \/<br \/>\n                                \u00a9 Alexandre ISARD<\/p>\n<p><strong>Vous connaissiez d\u00e9j\u00e0 Michel Berger avant cela\u00a0?<\/strong><\/p>\n<p><strong>V\u00e9ronique. <\/strong>Notre p\u00e8re \u00e9tait le cavalier de sa m\u00e8re dans des rallyes.<\/p>\n<p><strong>Violaine. <\/strong>On l\u2019avait rencontr\u00e9 petit, \u00e0 des go\u00fbters d\u2019enfants. On a grandi sans se revoir. C\u2019est V\u00e9ro et Michel qui se sont rappel\u00e9 qu\u2019on se connaissait.<\/p>\n<p>\u00ab\u00a0Les Roche Martin sont morts \u00e0 partir du moment o\u00f9 Michel et V\u00e9ro sont tomb\u00e9s amoureux l\u2019un de l\u2019autre\u00a0\u00bb<br \/>Fran\u00e7ois<\/p>\n<p><strong>Quel souvenir vous vient quand vous pensez \u00e0 lui\u00a0?<\/strong><\/p>\n<p><strong>V\u00e9ronique. <\/strong>C\u2019est juste un grand vide. Ad vitam aeternam. J\u2019ai appris tellement de choses avec lui, qu\u2019on a \u00e9chang\u00e9es comme une osmose de liquides. On se m\u00e9langeait, on voulait s\u2019admirer. \u00c0 cette \u00e9poque, j\u2019\u00e9tais moi aussi tr\u00e8s prolifique. Alors on se challengeait. J\u2019ai beaucoup compos\u00e9 \u00e0 ce moment-l\u00e0. Mais ce qui reste, c\u2019est sa musique et surtout son immense amour.<\/p>\n<p><strong>Fran\u00e7ois. <\/strong>Les Roche Martin sont morts \u00e0 partir du moment o\u00f9 Michel et V\u00e9ro sont tomb\u00e9s amoureux l\u2019un de l\u2019autre, il faut bien le dire.<\/p>\n<p><strong>V\u00e9ronique. <\/strong>Ce n\u2019est pas mort, regarde, on existe encore\u00a0!<\/p>\n<p>    <img decoding=\"async\" src=\"https:\/\/www.europesays.com\/fr\/wp-content\/uploads\/2025\/10\/les-roche-martin-recto-1.jpg\" alt=\"Les Roche Martin (Warner).\" loading=\"lazy\"\/><\/p>\n<p>\n      Les Roche Martin (Warner).<\/p>\n<p>                                \u00a9 DR<\/p>\n<p><strong>On est alors \u00e0 la veille de Mai\u00a01968.\u2009Vous aussi vous lanciez des pav\u00e9s dans les rues de Paris\u00a0?<\/strong><\/p>\n<p><strong>Fran\u00e7ois. <\/strong>Le soir de l\u2019incendie de la Bourse, j\u2019\u00e9tais chez les Sanson, pour un d\u00eener avec des gens de l\u2019entourage du g\u00e9n\u00e9ral de Gaulle. La t\u00e9l\u00e9 diffusait les images en direct. J\u2019ai pr\u00e9text\u00e9 un rendez-vous et je suis parti \u00e0 la Bourse. J\u2019avais envie de me frotter un petit peu \u00e0 ce qui arrivait\u2026<\/p>\n<p><strong>V\u00e9ronique.<\/strong> Alors que moi, je n\u2019avais pas envie de me frotter \u00e0 quoi que ce soit. J\u2019\u00e9tais pour la libert\u00e9 d\u2019expression, pour la libert\u00e9 sexuelle. La libert\u00e9 tout court. J\u2019admirais de Gaulle, mais il faut avouer qu\u2019il muselait beaucoup de gens. Il fallait secouer un peu le cocotier\u00a0! Je ne sais pas si les plan\u00e8tes \u00e9taient align\u00e9es\u2026 Mais il s\u2019est pass\u00e9 quelque chose dans tous les pays.<\/p>\n<p><strong>Violaine. <\/strong>C\u2019est vrai que nous, on est rest\u00e9s un peu assis sur notre derri\u00e8re, quand m\u00eame.<\/p>\n<p><strong>V\u00e9ronique.<\/strong> \u00c0 cause de papa\u00a0! Il nous expliquait pourquoi ce n\u2019\u00e9tait pas bien d\u2019aller lancer des pav\u00e9s. Michel, c\u2019\u00e9tait tout le contraire. Il n\u2019\u00e9tait pas du tout violent mais il disait qu\u2019il fallait se rebeller. Moi, \u00e0 l\u2019\u00e9poque, je ne comprenais pas tr\u00e8s bien contre qui.<\/p>\n<p>    <img decoding=\"async\" src=\"https:\/\/www.europesays.com\/fr\/wp-content\/uploads\/2025\/10\/sc_doc_2025_09_23_15_17__1.jpg\" alt=\"De retour sur sc\u00e8ne pour quelques chansons \u00e0 l\u2019occasion d\u2019un concert de Fran\u00e7ois au Sentier des Halles, \u00e0 Paris, en 2011.\" loading=\"lazy\"\/><\/p>\n<p>\n      De retour sur sc\u00e8ne pour quelques chansons \u00e0 l\u2019occasion d\u2019un concert de Fran\u00e7ois au Sentier des Halles, \u00e0 Paris, en 2011.<\/p>\n<p>                                \u00a9 DR<\/p>\n<p><strong>De quoi r\u00eaviez-vous quand vous \u00e9tiez jeunes\u00a0?<\/strong><\/p>\n<p><strong>Violaine. <\/strong>Je voulais remplacer le commissaire au Plan et d\u00e9cider que l\u2019avenir \u00e9conomique de la France pourrait se faire gr\u00e2ce \u00e0 ma brillante carri\u00e8re de publicitaire en faisant cro\u00eetre la production de charbon, d\u2019acier. J\u2019\u00e9tais \u00adcompl\u00e8tement tar\u00e9e\u00a0!<\/p>\n<p><strong>Fran\u00e7ois. <\/strong>Moi je voulais \u00eatre Paul Anka ou Paul McCartney. C\u2019est d\u2019un banal\u2026<\/p>\n<p><strong>V\u00e9ronique.<\/strong> Je r\u00eavais d\u2019\u00eatre princesse. J\u2019avais envie de ne rien foutre. Je me disais\u00a0: \u201cTout ce qui est facile, je le ferai. Tout ce qui est difficile, non.\u201d Je me suis bien tromp\u00e9e\u2026 Ce que j\u2019ai fait n\u2019est ni facile, ni difficile, c\u2019est un no man\u2019s land. J\u2019\u00e9tais folle de musique depuis petite. Je voulais en faire, comme les Beatles. Mon p\u00e8re voyageait beaucoup et me rapportait toujours des \u00ad30-centim\u00e8tres. S\u2019il rentrait du P\u00e9rou, j\u2019\u00e9coutais de la musique p\u00e9ruvienne.<\/p>\n<p>\u00ab\u00a0Je suppose qu\u2019on n\u2019a jamais demand\u00e9 \u00e0 V\u00e9ro de faire un album pour atteindre un chiffre d\u2019affaires\u2026\u00a0\u00bb<br \/>Fran\u00e7ois<\/p>\n<p><strong>Qu\u2019est-ce qui \u00e9tait diff\u00e9rent \u00e0 vos d\u00e9buts\u00a0?<\/strong><\/p>\n<p><strong>Fran\u00e7ois. <\/strong>La chanson fran\u00e7aise a explos\u00e9 dans les ann\u00e9es 1970. Une p\u00e9riode musicalement saine que je suis tr\u00e8s content d\u2019avoir v\u00e9cue.<\/p>\n<p><strong>V\u00e9ronique. <\/strong>\u00c7a a \u00e9t\u00e9 des ann\u00e9es de cr\u00e9ation incroyables. Aujourd\u2019hui, je suis constern\u00e9e par ce que j\u2019entends.<\/p>\n<p><strong>Violaine.<\/strong> On est dans une soci\u00e9t\u00e9 de consommation rapide. Si quelqu\u2019un fait quelque chose de g\u00e9nial, il faut vite en trouver un autre\u2026<\/p>\n<p><strong>Fran\u00e7ois.<\/strong> Je suppose qu\u2019on n\u2019a jamais demand\u00e9 \u00e0 V\u00e9ro de faire un album pour atteindre un chiffre d\u2019affaires\u2026<\/p>\n<p><strong>V\u00e9ronique. <\/strong>Jamais\u00a0!<\/p>\n<p>\u00ab\u00a0Maman m\u2019a dit\u00a0: \u201cC\u2019est ton b\u00e9b\u00e9. Il faudra que tu t\u2019en occupes.\u201d Et c\u2019est toujours mon b\u00e9b\u00e9.\u00a0\u00bb<br \/>Violaine<\/p>\n<p><strong>Vos parents \u00e9taient r\u00e9sistants. Ils vous ont nomm\u00e9es \u00adViolaine et V\u00e9ronique, des pr\u00e9noms qui commencent par le V de la victoire. Que vous ont-ils dit de cette \u00e9poque\u00a0?<\/strong><\/p>\n<p><strong>Violaine. <\/strong>Maman ne racontait jamais rien de dramatique et c\u2019\u00e9tait toujours romanesque. Et papa se taisait. Tous les deux ont \u00e9t\u00e9 intern\u00e9s, enferm\u00e9s en prison et dans des camps. La seule fois o\u00f9 j\u2019ai entendu papa parler de cette p\u00e9riode avec \u00e9motion, il a dit\u00a0: \u201cQuand, dans la cour de la prison, on voyait quelqu\u2019un manger les fils de haricots verts des gardiens, on savait que le lendemain il serait mort.\u201d C\u2019est une phrase que je n\u2019oublierai jamais.<\/p>\n<p><strong>Fran\u00e7ois. <\/strong>Ce sont des histoires importantes. J\u2019ai retrouv\u00e9 tr\u00e8s r\u00e9cemment une carte de r\u00e9sistance de mon p\u00e8re. Il avait pris le nom de Ren\u00e9 Vineau\u00a0: sur la table, devant lui, se trouvaient du vin et de l\u2019eau.<\/p>\n<p><strong>Violaine. <\/strong>Moi aussi j\u2019ai retrouv\u00e9 les faux papiers de papa et maman. Mon p\u00e8re s\u2019appelait Ren\u00e9 Sergent et maman, Lucie Sinclair.<\/p>\n<p><strong>Violaine, comment avez-vous v\u00e9cu la naissance de \u00adV\u00e9ronique\u00a0?<\/strong><\/p>\n<p><strong>Violaine. <\/strong>Maman savait que quand un enfant venait agrandir la famille, le premier devenait insup\u00adportable. Elle a \u00e9t\u00e9 maligne. Elle m\u2019a dit\u00a0: \u201cC\u2019est ton b\u00e9b\u00e9. Il faudra que tu t\u2019en occupes.\u201d Et c\u2019est toujours mon b\u00e9b\u00e9.<\/p>\n<p>    <img decoding=\"async\" src=\"https:\/\/www.europesays.com\/fr\/wp-content\/uploads\/2025\/10\/sc_dsc9720_0.jpg\" alt=\"Ins\u00e9parables\u2026 Apr\u00e8s une carri\u00e8re dans la publicit\u00e9, Violaine est devenue la manager de sa petite s\u0153ur.\" loading=\"lazy\"\/><\/p>\n<p>\n      Ins\u00e9parables\u2026 Apr\u00e8s une carri\u00e8re dans la publicit\u00e9, Violaine est devenue la manager de sa petite s\u0153ur.<\/p>\n<p>                Paris Match<br \/>\n                      \/<br \/>\n                                \u00a9 Alexandre ISARD<\/p>\n<p><strong>Vous \u00eates m\u00eame devenue sa manager\u2026<\/strong><\/p>\n<p><strong>Violaine.<\/strong> J\u2019ai d\u00e9couvert que V\u00e9ronique se faisait piller par deux personnes de son entourage en qui elle avait \u00e9norm\u00e9ment confiance. J\u2019ai vir\u00e9 des gens. Et, comme je n\u2019allais pas redonner la clef du coffre \u00e0 une nouvelle \u00e9quipe, je me suis mise \u00e0 superviser un peu les choses.<\/p>\n<p><strong>V\u00e9ronique. <\/strong>C\u2019est mortel ce que maman a fait \u00e0 Violaine. De l\u2019avoir autant responsabilis\u00e9e en lui disant\u00a0: \u201cC\u2019est ta petite s\u0153ur, c\u2019est ton b\u00e9b\u00e9, il faut la prot\u00e9ger.\u201d<\/p>\n<p><strong>Violaine. <\/strong>Quand il y avait des invit\u00e9s, je me mettais devant la porte de la chambre et je disais\u00a0: \u201cNon, le b\u00e9b\u00e9 dort.\u201d On a v\u00e9cu dans la m\u00eame chambre jusqu\u2019au jour de nos mariages. Je me suis mari\u00e9e en d\u00e9cembre\u00a01972, elle, trois mois plus tard. Puis elle a eu son gar\u00e7on, Christopher. Et j\u2019ai eu le mien, Julien, trois mois plus tard.<\/p>\n<p><strong>Quand V\u00e9ronique a emm\u00e9nag\u00e9 aux \u00c9tats-Unis apr\u00e8s son mariage avec Stephen Stills, \u00eates-vous rest\u00e9es proches malgr\u00e9 la distance\u00a0?<\/strong><\/p>\n<p><strong>Violaine. <\/strong>On s\u2019appelait depuis des t\u00e9l\u00e9phones fixes. \u00c7a me co\u00fbtait un mois de salaire\u00a0! Et comme avec V\u00e9ro on reste une heure au t\u00e9l\u00e9phone\u2026 Alors on s\u2019\u00e9crivait des lettres. J\u2019en ai retrouv\u00e9 de magnifiques.<\/p>\n<p>\u00ab\u00a0Ma soeur est arriv\u00e9e avec une musique que l\u2019on n\u2019avait jamais entendue\u00a0\u00bb<br \/>Violaine<\/p>\n<p><strong>Les chansons de V\u00e9ronique vous ont-elles permis de la conna\u00eetre plus encore\u00a0?<\/strong><\/p>\n<p><strong>Violaine. <\/strong>Elles m\u2019ont permis de comprendre \u00e0 quel point elle \u00e9tait capable d\u2019expliquer ce qu\u2019elle ressentait.<\/p>\n<p><strong>Fran\u00e7ois. <\/strong>Moi j\u2019ai vite compris qu\u2019elle \u00e9tait ailleurs.<\/p>\n<p><strong>Violaine. <\/strong>Quand son premier album est sorti, je conduisais des motos pour Kawasaki. Je passais \u00e0 la t\u00e9l\u00e9, j\u2019avais m\u00eame fait la couverture de \u201cL\u2019Humanit\u00e9\u201d. Le r\u00e9dacteur en chef de \u201cMoto Revue\u201d \u00e9tait aussi celui de \u201cRock &amp; Folk\u201d. \u00c0 la fin d\u2019une interview, je lui ai dit\u00a0: \u201cIl faut que vous \u00e9coutiez l\u2019album de ma petite s\u0153ur. Vous n\u2019allez pas en revenir, c\u2019est une r\u00e9volution.\u201d \u00c9videmment, le mec n\u2019a rien fait. Un an apr\u00e8s, \u00e7a a commenc\u00e9 \u00e0 marcher pour V\u00e9ro et il m\u2019a rappel\u00e9e en me disant\u00a0: \u201cJe n\u2019arrive pas \u00e0 avoir une interview de ta s\u0153ur\u2026\u201d<\/p>\n<p><strong>V\u00e9ronique. <\/strong>Bien fait pour lui\u00a0! [Elle chante.]<\/p>\n<p><strong>Violaine.<\/strong> C\u2019est \u00e9norme ce que V\u00e9ro a fait. Il y avait Fran\u00e7oise Hardy, Barbara\u2026 Elle est arriv\u00e9e avec une musique que l\u2019on n\u2019avait jamais entendue. Ses paroles bouleversantes \u00e9taient d\u2019une finesse incroyable.<\/p>\n<p><strong>Comment aimeriez-vous qu\u2019on se souvienne de vous\u00a0?<\/strong><\/p>\n<p><strong>Fran\u00e7ois.<\/strong> J\u2019aimerais avoir une rue \u00e0 mon nom, \u00e0 Asni\u00e8res. La r\u00e9putation de la ville a fait un bond dans l\u2019esprit des gens gr\u00e2ce aux Poppys, un groupe de musique que j\u2019ai cr\u00e9\u00e9.<\/p>\n<p><strong>Violaine. <\/strong>Moi on s\u2019en fiche un peu\u2026<\/p>\n<p><strong>V\u00e9ronique. <\/strong>Elle, pour se d\u00e9molir elle-m\u00eame, elle n\u2019a pas son pareil\u00a0!<\/p>\n<p><strong>Violaine. <\/strong>Alors, comme quelqu\u2019un qui a fait ce qu\u2019il fallait.<\/p>\n<p><strong>V\u00e9ronique. <\/strong>C\u2019est mieux\u00a0!<\/p>\n<p>\u00ab\u00a0Je ne suis pas fi\u00e8re de mon pays. Les hommes politiques n\u2019ont plus d\u2019id\u00e9aux\u00a0\u00bb<br \/>V\u00e9ronique<\/p>\n<p><strong>Quel regard portez-vous sur la France d\u2019aujourd\u2019hui\u00a0?<\/strong><\/p>\n<p><strong>V\u00e9ronique.<\/strong> Je ne suis pas fi\u00e8re de mon pays. Les hommes politiques n\u2019ont plus d\u2019id\u00e9aux. Notre pr\u00e9sident est un \u00eatre totalement d\u00e9sincarn\u00e9. Il ne conna\u00eet ni la souffrance ni la d\u00e9tresse des gens.<\/p>\n<p><strong>Violaine. <\/strong>On est dans un mouvement mondial qui peut faire penser \u00e0 celui de Mai\u00a01968, bien que \u00e7a ne soit pas tout \u00e0 fait pareil.<\/p>\n<p><strong>V\u00e9ronique. <\/strong>Il faut peut-\u00eatre que \u00e7a soit plus violent.<\/p>\n<p><strong>Violaine. <\/strong>Regarde ce qui se passe aux \u00c9tats-Unis\u00a0: on assassine \u00adCharlie Kirk, ce qui ne me fait aucune peine. Mais on ne tue pas les gens pour leurs opinions, m\u00eame si ce sont des enfoir\u00e9s. On est arriv\u00e9 \u00e0 un niveau de violence exacerb\u00e9e par les fake news et les r\u00e9seaux sociaux\u2026 Les soci\u00e9t\u00e9s sont totalement cliv\u00e9es.<\/p>\n<p><strong>Fran\u00e7ois. <\/strong>Pourtant, il y a de l\u2019enthousiasme. Quand j\u2019assiste \u00e0 un concert de V\u00e9ronique, on est boulevers\u00e9 par l\u2019adh\u00e9sion du public. Il ne demande qu\u2019\u00e0 rire et \u00eatre \u00e9mu.<\/p>\n<p>\u00a0<\/p>\n","protected":false},"excerpt":{"rendered":"Paris Match. En 1967, vous formez votre premier groupe et d\u00e9cidez de l\u2019appeler Les Roche Martin. Pourquoi ce&hellip;\n","protected":false},"author":2,"featured_media":451970,"comment_status":"","ping_status":"","sticky":false,"template":"","format":"standard","meta":{"footnotes":""},"categories":[8],"tags":[58,59,1011,27],"class_list":{"0":"post-451969","1":"post","2":"type-post","3":"status-publish","4":"format-standard","5":"has-post-thumbnail","7":"category-divertissement","8":"tag-divertissement","9":"tag-entertainment","10":"tag-fr","11":"tag-france"},"share_on_mastodon":{"url":"https:\/\/pubeurope.com\/@fr\/115348707289064281","error":""},"_links":{"self":[{"href":"https:\/\/www.europesays.com\/fr\/wp-json\/wp\/v2\/posts\/451969","targetHints":{"allow":["GET"]}}],"collection":[{"href":"https:\/\/www.europesays.com\/fr\/wp-json\/wp\/v2\/posts"}],"about":[{"href":"https:\/\/www.europesays.com\/fr\/wp-json\/wp\/v2\/types\/post"}],"author":[{"embeddable":true,"href":"https:\/\/www.europesays.com\/fr\/wp-json\/wp\/v2\/users\/2"}],"replies":[{"embeddable":true,"href":"https:\/\/www.europesays.com\/fr\/wp-json\/wp\/v2\/comments?post=451969"}],"version-history":[{"count":0,"href":"https:\/\/www.europesays.com\/fr\/wp-json\/wp\/v2\/posts\/451969\/revisions"}],"wp:featuredmedia":[{"embeddable":true,"href":"https:\/\/www.europesays.com\/fr\/wp-json\/wp\/v2\/media\/451970"}],"wp:attachment":[{"href":"https:\/\/www.europesays.com\/fr\/wp-json\/wp\/v2\/media?parent=451969"}],"wp:term":[{"taxonomy":"category","embeddable":true,"href":"https:\/\/www.europesays.com\/fr\/wp-json\/wp\/v2\/categories?post=451969"},{"taxonomy":"post_tag","embeddable":true,"href":"https:\/\/www.europesays.com\/fr\/wp-json\/wp\/v2\/tags?post=451969"}],"curies":[{"name":"wp","href":"https:\/\/api.w.org\/{rel}","templated":true}]}}