{"id":451973,"date":"2025-10-10T07:33:24","date_gmt":"2025-10-10T07:33:24","guid":{"rendered":"https:\/\/www.europesays.com\/fr\/451973\/"},"modified":"2025-10-10T07:33:24","modified_gmt":"2025-10-10T07:33:24","slug":"le-moins-cher-des-tesla-model-y-est-disponible-en-france-voici-son-prix","status":"publish","type":"post","link":"https:\/\/www.europesays.com\/fr\/451973\/","title":{"rendered":"Le moins cher des Tesla Model Y est disponible en France : voici son prix"},"content":{"rendered":"<p>Pr\u00e9sent\u00e9 il y a quelques jours aux \u00c9tats-Unis, le Tesla Model Y Standard arrive en France. Version \u00ab\u00a0premier prix\u00a0\u00bb de la voiture \u00e9lectrique star, elle arrive avec un \u00e9quipement r\u00e9duit, mais aussi un tarif en baisse : 39 990 euros hors bonus. Voici ce qu\u2019il faut savoir.<\/p>\n<p><a target=\"_blank\" href=\"https:\/\/images.frandroid.com\/wp-content\/uploads\/2025\/10\/tesla-model-y-standard-00008.jpg\" class=\"article-content__figure\" rel=\"noopener\"><img fetchpriority=\"high\" decoding=\"async\" loading=\"eager\" width=\"1200\" height=\"675\" src=\"https:\/\/www.europesays.com\/fr\/wp-content\/uploads\/2025\/10\/tesla-model-y-standard-00008.jpg\" alt=\"\" class=\"wp-image-2823241 wp-image wp-image\"  \/><\/a>Tesla Model Y Standard \/\/ Source : Tesla<\/p>\n<p>L\u2019annonce a \u00e9t\u00e9 publi\u00e9e il y a quelques jours seulement : \u00e0 d\u00e9faut d\u2019une <a href=\"https:\/\/www.frandroid.com\/marques\/tesla\" target=\"_blank\" rel=\"noopener\">Tesla<\/a> sp\u00e9cifique \u00e0 25 000 dollars, les voitures abordables de la marque ne sont que <strong>des versions \u00ab\u00a0simplifi\u00e9es\u00a0\u00bb<\/strong> des Model Y et Model 3 : <a href=\"https:\/\/www.frandroid.com\/marques\/tesla\/2823341_tesla-lance-deux-nouvelles-voitures-electriques-voici-les-model-y-et-model-3-standard\" target=\"_blank\" rel=\"noopener\">les versions Standard<\/a>.<\/p>\n<p class=\"shortcode-container see-more\">\n    Pour aller plus loin<br \/><a href=\"https:\/\/www.frandroid.com\/marques\/tesla\/2823191_tesla-lance-son-nouveau-suv-abordable-voici-la-model-y-standard\" target=\"_blank\" rel=\"noopener\">Tesla lance son nouveau SUV \u00ab\u00a0abordable\u00a0\u00bb : voici la Model Y Standard<\/a>\n            <\/p>\n<p>Et si le <a href=\"https:\/\/www.frandroid.com\/marques\/tesla\/2823191_tesla-lance-son-nouveau-suv-abordable-voici-la-model-y-standard\" target=\"_blank\" rel=\"noopener\"><strong>Model Y Standard<\/strong><\/a> n\u2019\u00e9tait pour le moment disponible qu\u2019aux \u00c9tats-Unis, <strong>les commandes viennent d\u2019ouvrir<\/strong> en Europe et en France. De quoi conna\u00eetre les derniers d\u00e9tails, notamment son prix.<\/p>\n<p>Sous les 40 000 euros<\/p>\n<p>Ne tournons pas autour du pot : le Tesla Model Y Standard est disponible \u00e0 <strong>39 990 euros<\/strong> \u2013 et comme il est assembl\u00e9 \u00e0 l\u2019usine de Berlin, il devrait en toute logique b\u00e9n\u00e9ficier du <a href=\"https:\/\/www.frandroid.com\/survoltes\/voitures-electriques\/660794_bonus-ecologique-dossier-2025\" target=\"_blank\" rel=\"noopener\">bonus \u00e9cologique<\/a> de 3 180 ou 4 200 euros selon les revenus du m\u00e9nage. De quoi techniquement le faire d\u00e9marrer \u00e0 36 810 euros minimum, mais sa certification n\u2019est pas encore tomb\u00e9e.<\/p>\n<p><a target=\"_blank\" href=\"https:\/\/images.frandroid.com\/wp-content\/uploads\/2025\/10\/compositor-33.jpeg\" class=\"article-content__figure\" rel=\"noopener\"><img loading=\"lazy\" decoding=\"async\" width=\"1200\" height=\"676\" src=\"https:\/\/www.europesays.com\/fr\/wp-content\/uploads\/2025\/10\/compositor-33-1200x676.jpeg\" alt=\"\" class=\"wp-image-2823261 wp-image\"  \/><\/a>Tesla Model Y Standard \/\/ Source : Tesla<\/p>\n<p>\u00c9videmment, pour ce prix, la dotation a \u00e9t\u00e9 <strong>revue \u00e0 la baisse<\/strong>. <a href=\"https:\/\/www.frandroid.com\/marques\/tesla\/2823993_tesla-baisse-enfin-le-prix-du-model-y-voici-les-24-changements-et-equipements-supprimes\" target=\"_blank\" rel=\"noopener\">Nous avons d\u00e9j\u00e0 list\u00e9 les 24 diff\u00e9rences<\/a> entre cette version Standard et les autres finitions, d\u00e9sormais appel\u00e9es \u00ab\u00a0Premium\u00a0\u00bb, mais reprenons.<\/p>\n<p class=\"shortcode-container see-more\">\n    Pour aller plus loin<br \/><a href=\"https:\/\/www.frandroid.com\/marques\/tesla\/2823993_tesla-baisse-enfin-le-prix-du-model-y-voici-les-24-changements-et-equipements-supprimes\" target=\"_blank\" rel=\"noopener\">Tesla baisse enfin le prix du Model Y : voici les 24 changements et \u00e9quipements supprim\u00e9s<\/a>\n            <\/p>\n<p>Le <strong>style ext\u00e9rieur<\/strong> a \u00e9t\u00e9 revu : les bandeaux LED avant et arri\u00e8re ont disparu, tandis que les jantes passent au 18 pouces. \u00c0 l\u2019int\u00e9rieur, <strong>plus de toit vitr\u00e9<\/strong>, plus d\u2019\u00e9cran arri\u00e8re, plus de si\u00e8ges avant ventil\u00e9s et plus de banquette arri\u00e8re chauffante, mais l\u2019\u00e9cran central de 15,6 pouces demeure.<\/p>\n<p><a target=\"_blank\" href=\"https:\/\/images.frandroid.com\/wp-content\/uploads\/2025\/10\/tesla-model-y-standard-00017.jpg\" class=\"article-content__figure\" rel=\"noopener\"><img loading=\"lazy\" decoding=\"async\" width=\"1200\" height=\"675\" src=\"https:\/\/www.europesays.com\/fr\/wp-content\/uploads\/2025\/10\/tesla-model-y-standard-00017-1200x675.jpg\" alt=\"\" class=\"wp-image-2823259 wp-image\"  \/><\/a>L\u2019int\u00e9rieur de la Tesla Model Y Standard<\/p>\n<p>En revanche, et \u00e0 l\u2019inverse des US o\u00f9 les aides \u00e0 la conduite n\u2019incluent plus le maintien actif en voie, l\u2019Europe continue de b\u00e9n\u00e9ficier de s\u00e9rie de <strong>l\u2019Autopilot<\/strong> (r\u00e9gulateur adaptatif et maintien en voie).<\/p>\n<p>Une autonomie en progression, une gamme remani\u00e9e<\/p>\n<p>Si Tesla ne communique pas de poids officiel, la cure d\u2019amaigrissement dans les \u00e9quipements et les plus petites roues permettant d\u2019afficher une consommation de <strong>13,1 kWh\/100 km<\/strong> en incluant <a href=\"https:\/\/www.frandroid.com\/survoltes\/voitures-electriques\/1596489_pourquoi-les-voitures-electriques-peugeot-citroen-jeep-et-opel-consomment-elles-moins-que-les-concurrentes-mais-uniquement-en-theorie\" target=\"_blank\" rel=\"noopener\">les pertes \u00e0 la charge<\/a> \u2013 le \u00ab\u00a0Model\u202fY le plus efficient jamais con\u00e7u\u00a0\u00bb, rappelle la marque.<\/p>\n<p><a target=\"_blank\" href=\"https:\/\/images.frandroid.com\/wp-content\/uploads\/2025\/10\/tesla-model-y-standard-00015.jpg\" class=\"article-content__figure\" rel=\"noopener\"><img loading=\"lazy\" decoding=\"async\" width=\"1200\" height=\"675\" src=\"https:\/\/www.europesays.com\/fr\/wp-content\/uploads\/2025\/10\/tesla-model-y-standard-00015-1200x675.jpg\" alt=\"\" class=\"wp-image-2823255 wp-image\"  \/><\/a>Tesla Model Y Standard \/\/ Source : Tesla<\/p>\n<p>En effet, le Model Y Propulsion actuel se contente de 13,9 kWh\/100 km. De ce fait, l\u2019autonomie augmente, passant de 500 \u00e0 <strong>534 km<\/strong> selon <a href=\"https:\/\/www.frandroid.com\/comment-faire\/652748_wltp-nedc-epa-comment-mesure-t-on-lautonomie-des-voitures-electriques\" target=\"_blank\" rel=\"noopener\">le cycle mixte WLTP<\/a> \u2013 a priori en reprenant la m\u00eame \u00ab\u00a0petite\u00a0\u00bb batterie LFP de 64 kWh.<\/p>\n<p>Notons enfin que ce Model Y Standard <strong>remplace<\/strong> justement la version <a href=\"https:\/\/www.frandroid.com\/produits\/voitures\/tesla\/2718309-tesla-model-y-propulsion-2025#product-resume\" target=\"_blank\" rel=\"noopener\">Propulsion<\/a>, factur\u00e9e 44 990 euros, qui ne sera donc rest\u00e9e que quelques mois au catalogue. Cette man\u0153uvre permet donc d\u2019abaisser le tarif d\u2019acc\u00e8s de 5 000 euros. Les versions \u00ab\u00a0Premium\u00a0\u00bb disposent de <a href=\"https:\/\/www.frandroid.com\/marques\/tesla\/2807739_autonomie-en-hausse-confirmee-pour-les-tesla-model-y-et-model-3-voici-tous-les-chiffres-definitifs\" target=\"_blank\" rel=\"noopener\">la grande batterie r\u00e9cemment am\u00e9lior\u00e9e<\/a>, et la Performance continue de chapeauter la gamme.<\/p>\n<p><a target=\"_blank\" href=\"https:\/\/images.frandroid.com\/wp-content\/uploads\/2025\/10\/homepage-promo-meet-model-y-desk.jpg\" class=\"article-content__figure\" rel=\"noopener\"><img loading=\"lazy\" decoding=\"async\" width=\"1200\" height=\"675\" src=\"https:\/\/www.europesays.com\/fr\/wp-content\/uploads\/2025\/10\/homepage-promo-meet-model-y-desk-1200x675.jpg\" alt=\"\" class=\"wp-image-2823321 wp-image\"  \/><\/a>Gamme Tesla Model Y \/\/ Source : Tesla<\/p>\n<p>De fait, voici <strong>la nouvelle gamme<\/strong> du Tesla Model Y :<\/p>\n<tr>\n<td\/>\n<td>Autonomie WLTP<\/td>\n<td>Prix<\/td>\n<td>Compatibilit\u00e9 bonus<\/td>\n<\/tr>\n<tr>\n<td>Model\u00a0Y Standard<\/td>\n<td>534 km<\/td>\n<td>39 990 \u20ac<\/td>\n<td>Probable<\/td>\n<\/tr>\n<tr>\n<td>Model\u00a0Y Premium Propulsion<\/td>\n<td>622 km<\/td>\n<td>46 990 \u20ac<\/td>\n<td>Oui<\/td>\n<\/tr>\n<tr>\n<td>Model\u00a0Y Premium Transmission Int\u00e9grale<\/td>\n<td>629 km<\/td>\n<td>52 990 \u20ac<\/td>\n<td>Non<\/td>\n<\/tr>\n<tr>\n<td>Model\u00a0Y Performance<\/td>\n<td>580 km<\/td>\n<td>61 990 \u20ac<\/td>\n<td>Non<\/td>\n<\/tr>\n<p>Ce Model Y Standard sera livr\u00e9 aux premiers clients d\u00e8s <strong>novembre 2025<\/strong>.<\/p>\n","protected":false},"excerpt":{"rendered":"Pr\u00e9sent\u00e9 il y a quelques jours aux \u00c9tats-Unis, le Tesla Model Y Standard arrive en France. Version \u00ab\u00a0premier&hellip;\n","protected":false},"author":2,"featured_media":451974,"comment_status":"","ping_status":"","sticky":false,"template":"","format":"standard","meta":{"footnotes":""},"categories":[6],"tags":[35,33,34,1011,27,5822,57186],"class_list":{"0":"post-451973","1":"post","2":"type-post","3":"status-publish","4":"format-standard","5":"has-post-thumbnail","7":"category-economie","8":"tag-business","9":"tag-economie","10":"tag-economy","11":"tag-fr","12":"tag-france","13":"tag-tesla-model-y-2025","14":"tag-tesla-model-y-standard"},"share_on_mastodon":{"url":"https:\/\/pubeurope.com\/@fr\/115348715257378087","error":""},"_links":{"self":[{"href":"https:\/\/www.europesays.com\/fr\/wp-json\/wp\/v2\/posts\/451973","targetHints":{"allow":["GET"]}}],"collection":[{"href":"https:\/\/www.europesays.com\/fr\/wp-json\/wp\/v2\/posts"}],"about":[{"href":"https:\/\/www.europesays.com\/fr\/wp-json\/wp\/v2\/types\/post"}],"author":[{"embeddable":true,"href":"https:\/\/www.europesays.com\/fr\/wp-json\/wp\/v2\/users\/2"}],"replies":[{"embeddable":true,"href":"https:\/\/www.europesays.com\/fr\/wp-json\/wp\/v2\/comments?post=451973"}],"version-history":[{"count":0,"href":"https:\/\/www.europesays.com\/fr\/wp-json\/wp\/v2\/posts\/451973\/revisions"}],"wp:featuredmedia":[{"embeddable":true,"href":"https:\/\/www.europesays.com\/fr\/wp-json\/wp\/v2\/media\/451974"}],"wp:attachment":[{"href":"https:\/\/www.europesays.com\/fr\/wp-json\/wp\/v2\/media?parent=451973"}],"wp:term":[{"taxonomy":"category","embeddable":true,"href":"https:\/\/www.europesays.com\/fr\/wp-json\/wp\/v2\/categories?post=451973"},{"taxonomy":"post_tag","embeddable":true,"href":"https:\/\/www.europesays.com\/fr\/wp-json\/wp\/v2\/tags?post=451973"}],"curies":[{"name":"wp","href":"https:\/\/api.w.org\/{rel}","templated":true}]}}