{"id":452025,"date":"2025-10-10T08:05:17","date_gmt":"2025-10-10T08:05:17","guid":{"rendered":"https:\/\/www.europesays.com\/fr\/452025\/"},"modified":"2025-10-10T08:05:17","modified_gmt":"2025-10-10T08:05:17","slug":"la-ligne-1-du-metro-de-lille-a-ete-interrompue-ce-vendredi-matin-apres-un-incident-technique","status":"publish","type":"post","link":"https:\/\/www.europesays.com\/fr\/452025\/","title":{"rendered":"la ligne 1 du m\u00e9tro de Lille a \u00e9t\u00e9 interrompue ce vendredi matin apr\u00e8s un incident technique"},"content":{"rendered":"<p>            Par<br \/>\n        <strong><br \/>\n            <a href=\"https:\/\/actu.fr\/auteur\/nicolas-demollien\" title=\"Consulter tous les articles de Nicolas Demollien\" rel=\"nofollow noopener\" target=\"_blank\">Nicolas Demollien<\/a><br \/>\n        <\/strong><\/p>\n<p>        Publi\u00e9 le<\/p>\n<p>            10 oct. 2025 \u00e0 8h11<br \/>\n        ; mis \u00e0 jour le 10 oct. 2025 \u00e0 8h52    <\/p>\n<p>La <b>col\u00e8re gronde<\/b> parmi les usagers du m\u00e9tro <a href=\"https:\/\/actu.fr\/tag\/ilevia\" rel=\"nofollow noopener\" target=\"_blank\">Il\u00e9via<\/a> dans la m\u00e9tropole de <a href=\"https:\/\/actu.fr\/hauts-de-france\/lille_59350\" rel=\"nofollow noopener\" target=\"_blank\">Lille<\/a> (Nord). Comme la veille, la <b>ligne 1 du m\u00e9tro est interrompue<\/b> ce <b>vendredi 10 octobre 2025<\/b>.\u00a0<\/p>\n<p>La ligne 1 du m\u00e9tro interrompue ce vendredi \u00e0 Lille<\/p>\n<p class=\" wall-content\">Selon l\u2019entreprise de transport, cette interruption est due \u00e0 un <b>\u00ab\u00a0incident technique<\/b>\u00ab\u00a0. Et elle \u00e9tait d\u2019ampleur puisque la reprise \u00e9tait d\u2019abord estim\u00e9e \u00e0 9h35 apr\u00e8s un arr\u00eat d\u00e9but\u00e9 aux alentours de 7h30.<\/p>\n<p class=\" wall-content\">L\u2019entreprise expliquait alors que la ligne \u00e9tait \u00ab\u00a0interrompue entre les stations R\u00e9publique Beaux-Arts et 4 Cantons\u00a0\u00bb. Et de pr\u00e9ciser ensuite qu\u2019il s\u2019agissait d\u2019un d\u00e9faut d\u2019alimentation haute tension \u00e0 l\u2019origine de la panne\u00a0\u00bb.<\/p>\n<p class=\" wall-content\">\n<p class=\" wall-content\">Finalement, le trafic a pu reprendre aux alentours de 8h30. Mais les usagers ne cachaient pas leur m\u00e9contentement.<\/p>\n<p class=\" wall-content\">Plus d\u2019informations \u00e0 venir.<\/p>\n<p class=\" wall-content\">Personnalisez votre actualit\u00e9 en ajoutant vos villes et m\u00e9dias en favori avec <a href=\"https:\/\/moncompte.actu.fr\" title=\"D\u00e9couvez Mon Actu\" rel=\"nofollow noopener\" data-trk=\"{&quot;cta&quot;:{&quot;action&quot;:&quot;https:\\\/\\\/moncompte.actu.fr&quot;,&quot;category&quot;:&quot;mon compte&quot;,&quot;from&quot;:&quot;article footer&quot;,&quot;name&quot;:&quot;Mon actu&quot;,&quot;type&quot;:&quot;cta&quot;}}\" target=\"_blank\">Mon Actu<\/a>.<\/p>\n","protected":false},"excerpt":{"rendered":"Par Nicolas Demollien Publi\u00e9 le 10 oct. 2025 \u00e0 8h11 ; mis \u00e0 jour le 10 oct. 2025&hellip;\n","protected":false},"author":2,"featured_media":452026,"comment_status":"","ping_status":"","sticky":false,"template":"","format":"standard","meta":{"footnotes":""},"categories":[2815],"tags":[1111,11,1777,674,1011,27,811,4288,1307,12,25,104,2803],"class_list":{"0":"post-452025","1":"post","2":"type-post","3":"status-publish","4":"format-standard","5":"has-post-thumbnail","7":"category-lille","8":"tag-actu","9":"tag-actualites","10":"tag-eu","11":"tag-europe","12":"tag-fr","13":"tag-france","14":"tag-hauts-de-france","15":"tag-ilevia","16":"tag-lille","17":"tag-news","18":"tag-republique-francaise","19":"tag-societe","20":"tag-transport"},"share_on_mastodon":{"url":"https:\/\/pubeurope.com\/@fr\/115348840356515166","error":""},"_links":{"self":[{"href":"https:\/\/www.europesays.com\/fr\/wp-json\/wp\/v2\/posts\/452025","targetHints":{"allow":["GET"]}}],"collection":[{"href":"https:\/\/www.europesays.com\/fr\/wp-json\/wp\/v2\/posts"}],"about":[{"href":"https:\/\/www.europesays.com\/fr\/wp-json\/wp\/v2\/types\/post"}],"author":[{"embeddable":true,"href":"https:\/\/www.europesays.com\/fr\/wp-json\/wp\/v2\/users\/2"}],"replies":[{"embeddable":true,"href":"https:\/\/www.europesays.com\/fr\/wp-json\/wp\/v2\/comments?post=452025"}],"version-history":[{"count":0,"href":"https:\/\/www.europesays.com\/fr\/wp-json\/wp\/v2\/posts\/452025\/revisions"}],"wp:featuredmedia":[{"embeddable":true,"href":"https:\/\/www.europesays.com\/fr\/wp-json\/wp\/v2\/media\/452026"}],"wp:attachment":[{"href":"https:\/\/www.europesays.com\/fr\/wp-json\/wp\/v2\/media?parent=452025"}],"wp:term":[{"taxonomy":"category","embeddable":true,"href":"https:\/\/www.europesays.com\/fr\/wp-json\/wp\/v2\/categories?post=452025"},{"taxonomy":"post_tag","embeddable":true,"href":"https:\/\/www.europesays.com\/fr\/wp-json\/wp\/v2\/tags?post=452025"}],"curies":[{"name":"wp","href":"https:\/\/api.w.org\/{rel}","templated":true}]}}