{"id":452027,"date":"2025-10-10T08:06:12","date_gmt":"2025-10-10T08:06:12","guid":{"rendered":"https:\/\/www.europesays.com\/fr\/452027\/"},"modified":"2025-10-10T08:06:12","modified_gmt":"2025-10-10T08:06:12","slug":"les-avocats-sont-des-porteurs-de-voix","status":"publish","type":"post","link":"https:\/\/www.europesays.com\/fr\/452027\/","title":{"rendered":"Les avocats sont des porteurs de voix"},"content":{"rendered":"\n<p>Cr\u00e9\u00e9 en 1974, le Syndicat des Avocat.e.s de France (SAF) est un groupement de porteurs de voix\u00a0; celles des justiciables mais aussi celles des avocats qui luttent et travaillent pour combattre tout ce qui s\u2019apparenterait \u00e0 une crise de la Justice, ph\u00e9nom\u00e8ne d\u00e9nonc\u00e9 depuis longue date. Au fil des \u00e9poques, de nombreux arguments ont \u00e9t\u00e9 avanc\u00e9s pour justifier cette crise persistante. Aucun pourtant ne doit permettre de l\u00e9gitimer l\u2019atteinte flagrante aux droits de la d\u00e9fense et aux droits fondamentaux des citoyens.<\/p>\n<p>Le SAF a donc des objectifs clairs\u00a0: d\u00e9fendre les int\u00e9r\u00eats professionnels des avocats et toujours placer le justiciable au c\u0153ur de sa r\u00e9flexion. La d\u00e9fense des int\u00e9r\u00eats de cette profession repose essentiellement sur la sauvegarde de l\u2019ind\u00e9pendance de ses acteurs et sur la promotion d\u2019une justice plus d\u00e9mocratique.<\/p>\n<p>Encore aujourd\u2019hui les avocats doivent lutter pour l\u00e9gitimer leur exercice et d\u00e9fendre leur ind\u00e9pendance. Protection du secret professionnel, respect de la d\u00e9ontologie, recherche d\u2019\u00e9galit\u00e9 au sein de la profession, perception d\u2019une r\u00e9mun\u00e9ration juste, sont autant de sujets sur lesquels il est important de veiller.<\/p>\n<p>Ces int\u00e9r\u00eats professionnels doivent donc \u00eatre pr\u00e9serv\u00e9s pour sauvegarder la confiance que l\u2019avocat doit inspirer.<\/p>\n<p>Une confiance de la part des justiciables, qui confient \u00e0 leur conseil la d\u00e9fense de leurs int\u00e9r\u00eats, et une confiance de la part des institutions, qui ne doivent plus douter de l\u2019investissement s\u00e9rieux et honn\u00eate des avocats.<\/p>\n<p> Faire vivre ces engagements et ces combats que nous d\u00e9fendons\n              <\/p>\n<p>Syndicat national, le SAF permet \u00e0 ses membres de r\u00e9fl\u00e9chir, construire et lutter ensemble autour de causes communes. Il est aussi une force d\u2019action dans les proc\u00e9dures judiciaires o\u00f9 la profession est menac\u00e9e.<\/p>\n<p>Plus que jamais il semble n\u00e9cessaire de communiquer sur ces causes communes et c\u2019est la raison qui conduit notre Syndicat, \u00e0 s\u2019exprimer, \u00e0 compter de ce jour dans les colonnes de La Marseillaise afin de faire vivre ces engagements, ces combats et ces voix que nous d\u00e9fendons.<\/p>\n<p>Dans son exercice, l\u2019avocat assiste, repr\u00e9sente et conseille ; ainsi, nous sommes les garants de ceux que nous d\u00e9fendons en utilisant le Droit comme rempart contre les situations du quotidien ou contre les d\u00e9cisions politiques qui vont \u00e0 l\u2019encontre de la dignit\u00e9 des personnes. Placer les justiciables au c\u0153ur de chacune des r\u00e9flexions du syndicat est un moyen pour nous de faire savoir \u00e0 chacun des citoyens que leur d\u00e9fense m\u00e9rite d\u2019\u00eatre assur\u00e9e, qu\u2019elle soit individuelle ou collective.<\/p>\n<p>Le SAF lutte donc pour que toutes les voix soient entendues, pour ceux qui sont d\u00e9fendus et pour ceux qui d\u00e9fendent.<\/p>\n<p>Une question ? Besoin d\u2019un conseil ? Contactez nos chroniqueurs par mail<\/p>\n<p>avocats@lamarseillaise.fr<\/p>\n","protected":false},"excerpt":{"rendered":"Cr\u00e9\u00e9 en 1974, le Syndicat des Avocat.e.s de France (SAF) est un groupement de porteurs de voix\u00a0; celles&hellip;\n","protected":false},"author":2,"featured_media":452028,"comment_status":"","ping_status":"","sticky":false,"template":"","format":"standard","meta":{"footnotes":""},"categories":[2814],"tags":[1111,11,5029,1777,674,1011,27,884,12,882,25],"class_list":{"0":"post-452027","1":"post","2":"type-post","3":"status-publish","4":"format-standard","5":"has-post-thumbnail","7":"category-marseille","8":"tag-actu","9":"tag-actualites","10":"tag-chronique","11":"tag-eu","12":"tag-europe","13":"tag-fr","14":"tag-france","15":"tag-marseille","16":"tag-news","17":"tag-provence-alpes-cote-dazur","18":"tag-republique-francaise"},"share_on_mastodon":{"url":"https:\/\/pubeurope.com\/@fr\/115348844372525596","error":""},"_links":{"self":[{"href":"https:\/\/www.europesays.com\/fr\/wp-json\/wp\/v2\/posts\/452027","targetHints":{"allow":["GET"]}}],"collection":[{"href":"https:\/\/www.europesays.com\/fr\/wp-json\/wp\/v2\/posts"}],"about":[{"href":"https:\/\/www.europesays.com\/fr\/wp-json\/wp\/v2\/types\/post"}],"author":[{"embeddable":true,"href":"https:\/\/www.europesays.com\/fr\/wp-json\/wp\/v2\/users\/2"}],"replies":[{"embeddable":true,"href":"https:\/\/www.europesays.com\/fr\/wp-json\/wp\/v2\/comments?post=452027"}],"version-history":[{"count":0,"href":"https:\/\/www.europesays.com\/fr\/wp-json\/wp\/v2\/posts\/452027\/revisions"}],"wp:featuredmedia":[{"embeddable":true,"href":"https:\/\/www.europesays.com\/fr\/wp-json\/wp\/v2\/media\/452028"}],"wp:attachment":[{"href":"https:\/\/www.europesays.com\/fr\/wp-json\/wp\/v2\/media?parent=452027"}],"wp:term":[{"taxonomy":"category","embeddable":true,"href":"https:\/\/www.europesays.com\/fr\/wp-json\/wp\/v2\/categories?post=452027"},{"taxonomy":"post_tag","embeddable":true,"href":"https:\/\/www.europesays.com\/fr\/wp-json\/wp\/v2\/tags?post=452027"}],"curies":[{"name":"wp","href":"https:\/\/api.w.org\/{rel}","templated":true}]}}