{"id":45203,"date":"2025-04-22T23:53:15","date_gmt":"2025-04-22T23:53:15","guid":{"rendered":"https:\/\/www.europesays.com\/fr\/45203\/"},"modified":"2025-04-22T23:53:15","modified_gmt":"2025-04-22T23:53:15","slug":"lutte-contre-le-paludisme-les-symptomes-a-connaitre","status":"publish","type":"post","link":"https:\/\/www.europesays.com\/fr\/45203\/","title":{"rendered":"Lutte contre le paludisme : les sympt\u00f4mes \u00e0 connaitre"},"content":{"rendered":"<p>             <a href=\"https:\/\/ma-sante.news\/wp-content\/uploads\/2025\/04\/lutte-paludisme-malaria-plan-strategique-afrique-traitements-symptomes-Ma-Sante-.jpeg\" data-caption=\"Selon une \u00e9tude publi\u00e9e en avril 2024 par l\u2019OMS, le nombre de cas de paludisme import\u00e9s en Europe est en hausse, notamment en France. \u00a9\u00a0Adobe Stock\" target=\"_blank\" rel=\"noopener\"><img loading=\"lazy\" decoding=\"async\" width=\"696\" height=\"465\" class=\"entry-thumb td-modal-image\" src=\"data:image\/svg+xml,%3Csvg%20xmlns=\" http:=\"\" data-lazy- data-lazy- alt=\"Un homme qui pulv\u00e9rise de l'insecticide pour \u00e9radiquer le paludisme.\" title=\"lutte paludisme malaria plan strate\u0301gique afrique traitements symptomes Ma Sante\u0301\" data-lazy-src=\"https:\/\/www.europesays.com\/fr\/wp-content\/uploads\/2025\/04\/lutte-paludisme-malaria-plan-strategique-afrique-traitements-symptomes-Ma-Sante--696x465.jpeg\"\/><\/a>Selon une \u00e9tude publi\u00e9e en avril 2024 par l\u2019OMS, le nombre de cas de paludisme import\u00e9s en Europe est en hausse, notamment en France. \u00a9\u00a0Adobe Stock                                    \t\t\t             <a class=\"gofollow\" data-track=\"MjgsMCwxLDYw\" href=\"https:\/\/ma-sante.news\/inscrivez-vous-a-notre-newsletter\/\" target=\"_blank\" rel=\"noopener\"><img loading=\"lazy\" decoding=\"async\" width=\"1068\" height=\"131\" src=\"data:image\/svg+xml,%3Csvg%20xmlns=\" http:=\"\" data-lazy-src=\"https:\/\/www.europesays.com\/fr\/wp-content\/uploads\/2025\/03\/banniere-newsletter.png\"\/><\/a> <\/p>\n<p>Le paludisme, aussi connu sous le nom de malaria, est caus\u00e9 par un parasite du genre Plasmodium, transmis \u00e0 l\u2019\u00eatre humain par la piq\u00fbre de moustiques femelles du genre Anopheles. Ces insectes, principalement actifs entre le cr\u00e9puscule et l\u2019aube, injectent le parasite lors d\u2019un repas sanguin. Une fois dans l\u2019organisme, le Plasmodium commence son cycle dans le foie avant d\u2019envahir les globules rouges, provoquant une cascade de sympt\u00f4mes souvent violents.<\/p>\n<p>Ce fl\u00e9au touche principalement les zones tropicales et subtropicales, notamment l\u2019Afrique subsaharienne, l\u2019Asie du Sud-Est, certaines r\u00e9gions d\u2019Am\u00e9rique du Sud et les \u00eeles du Pacifique. L\u2019OMS estime qu\u2019en 2023, 249 millions de cas de paludisme ont \u00e9t\u00e9 recens\u00e9s \u00e0 travers le monde, entra\u00eenant plus de 600 000 d\u00e9c\u00e8s, majoritairement chez les enfants de moins de cinq ans et les femmes enceintes.<\/p>\n<p>La persistance du paludisme s\u2019explique par plusieurs facteurs : la pauvret\u00e9, l\u2019acc\u00e8s limit\u00e9 aux soins,<a href=\"https:\/\/ma-sante.news\/rechauffement-climatique-notre-sante-peut-elle-sen-remettre\/\" target=\"_blank\" rel=\"noopener\"> le changement climatique<\/a>, mais aussi la r\u00e9sistance croissante des parasites aux m\u00e9dicaments antipaludiques et des moustiques aux insecticides. Face \u00e0 cette situation, la lutte contre le paludisme n\u00e9cessite une mobilisation mondiale, des financements durables et des strat\u00e9gies adapt\u00e9es aux contextes locaux.<\/p>\n<p>        Les sympt\u00f4mes du paludisme : comment les reconna\u00eetre ?    <\/p>\n<p>Le paludisme peut se manifester entre 7 jours et plusieurs semaines apr\u00e8s la piq\u00fbre infectante. D\u2019o\u00f9 l\u2019importance de consulter un m\u00e9decin au moindre doute, surtout apr\u00e8s un s\u00e9jour en zone end\u00e9mique. Voici les principaux sympt\u00f4mes du paludisme :<\/p>\n<p>Dans les formes graves, dites pernicieuses, la maladie peut \u00e9voluer rapidement vers :<\/p>\n<p>Le diagnostic repose sur un frottis sanguin ou un test rapide de d\u00e9tection antig\u00e9nique, notamment en m\u00e9decine tropicale ou dans les zones \u00e0 risque.<\/p>\n<p>        Traitement du paludisme : quelles sont les options ?    <strong>Un traitement curatif<\/strong>    <\/p>\n<p>Le traitement d\u00e9pend du type de parasite et de la gravit\u00e9 des sympt\u00f4mes.\u00a0<\/p>\n<ul class=\"wp-block-list\">\n<li>Artemisinine et d\u00e9riv\u00e9s (ACT) : traitement de r\u00e9f\u00e9rence recommand\u00e9 par l\u2019OMS.<\/li>\n<li>Chloroquine : encore utilis\u00e9e dans certaines r\u00e9gions, mais de plus en plus inefficace \u00e0 cause des r\u00e9sistances.<\/li>\n<li>Quinine : souvent utilis\u00e9e en cas de paludisme grave, parfois en perfusion.<\/li>\n<li>M\u00e9floquine, doxycycline : alternatives selon les profils et les zones g\u00e9ographiques.<\/li>\n<\/ul>\n<p>        <strong>Un traitement pr\u00e9ventif (prophylaxie)<\/strong>    <\/p>\n<p>Essentiel pour les voyageurs et certaines populations \u00e0 risque comme les femmes enceintes ou les enfants de moins de 5 ans :<\/p>\n<ul class=\"wp-block-list\">\n<li>Atovaquone-proguanil<\/li>\n<li>Doxycycline<\/li>\n<li>M\u00e9floquine<\/li>\n<\/ul>\n<p>Ces m\u00e9dicaments doivent \u00eatre pris avant, pendant et apr\u00e8s le s\u00e9jour en zone d\u2019end\u00e9mie, avec <a href=\"https:\/\/ma-sante.news\/medicaments-finies-les-posologies-sur-papier-vive-les-notices-dematerialisee\/\" target=\"_blank\" rel=\"noopener\">un respect strict de la posologie<\/a>. Attention, certains antipalud\u00e9ens peuvent provoquer des effets secondaires : troubles digestifs, <a href=\"https:\/\/ma-sante.news\/troubles-sommeil-soigner-insomnie-213678\/\" target=\"_blank\" rel=\"noopener\">insomnies<\/a>, <a href=\"https:\/\/ma-sante.news\/migraine-comment-traiter-crise-197845\/\" target=\"_blank\" rel=\"noopener\">maux de t\u00eate<\/a>. En cas de doute, mieux vaut consulter un m\u00e9decin ou un centre de m\u00e9decine des voyages.<\/p>\n<p>        La pr\u00e9vention du paludisme : les bons r\u00e9flexes \u00e0 adopter    <strong>Les gestes qui sauvent\u00a0<\/strong>    <\/p>\n<p>On ne le dira jamais assez : la meilleure arme contre le paludisme, c\u2019est la pr\u00e9vention. Et cela commence par une protection efficace contre les moustiques. Dormir sous une moustiquaire impr\u00e9gn\u00e9e d\u2019insecticide, porter des v\u00eatements longs et clairs, utiliser des r\u00e9pulsifs puissants adapt\u00e9s aux tropiques, et \u00e9viter les zones humides o\u00f9 les moustiques se reproduisent, sont des gestes simples, souvent rabach\u00e9s, mais vitaux.<\/p>\n<p><a href=\"https:\/\/ma-sante.news\/moustiques-maladies-infectieuses-institut-pasteur-prevenir-epidemies\/\" target=\"_blank\" rel=\"noopener\">La lutte contre les vecteurs du paludisme passe aussi par des actions collectives<\/a>.\u00a0\u00a0<\/p>\n<ul class=\"wp-block-list\">\n<li>pulv\u00e9risation d\u2019insecticides \u00e0 l\u2019int\u00e9rieur des habitations<\/li>\n<li>assainissement des points d\u2019eau stagnante<\/li>\n<li>sensibilisation des populations locales.\u00a0<\/li>\n<\/ul>\n<p>Certaines initiatives locales, comme le Faso Soap, savon naturel aux propri\u00e9t\u00e9s r\u00e9pulsives, ou les campagnes communautaires de l\u2019Unicef, ont fait leurs preuves dans la r\u00e9duction des cas de malaria. <a href=\"https:\/\/ma-sante.news\/notre-sang-pourrait-il-servir-a-eliminer-les-moustiques\/\" target=\"_blank\" rel=\"noopener\">D\u2019autres options pourraient aussi voir le jour dans les ann\u00e9es \u00e0 venir.<\/a><\/p>\n<p>        <strong>La vaccination, pensez-y !<\/strong>    <\/p>\n<p><a href=\"https:\/\/ma-sante.news\/vaccination-pensez-a-solliciter-votre-pharmacien\/\" target=\"_blank\" rel=\"noopener\">C\u00f4t\u00e9 vaccination, une grande avanc\u00e9e a vu le jour <\/a>: le vaccin RTS,S\/AS01, aussi appel\u00e9 Mosquirix, est d\u00e9sormais recommand\u00e9 pour les enfants vivant en Afrique subsaharienne.\u00a0<\/p>\n<p>Il n\u2019est pas infaillible, mais permet de r\u00e9duire significativement les formes graves. Un deuxi\u00e8me vaccin prometteur, R21\/Matrix-M, a \u00e9galement \u00e9t\u00e9 valid\u00e9 par l\u2019OMS, offrant une protection suppl\u00e9mentaire et renfor\u00e7ant l\u2019arsenal mondial contre la malaria.<\/p>\n<p>        Des efforts globaux pour un espoir local    <\/p>\n<p>De nombreux pays africains redoublent d\u2019efforts pour <a href=\"https:\/\/ma-sante.news\/futures-pandemies-quels-virus-pourraient-emerger-apres-le-covid-19\/\" target=\"_blank\" rel=\"noopener\">\u00e9liminer cette maladie end\u00e9mique<\/a>. En C\u00f4te d\u2019Ivoire, un nouveau plan strat\u00e9gique 2026-2030 est en pr\u00e9paration. Il repose sur une approche communautaire, avec la participation active des populations locales, des agents de sant\u00e9 communautaires et des ONG. Ce mod\u00e8le a d\u00e9j\u00e0 port\u00e9 ses fruits dans plusieurs r\u00e9gions, comme le S\u00e9n\u00e9gal, o\u00f9 le groupe Canal+ s\u2019est alli\u00e9 \u00e0 des partenaires de sant\u00e9 pour sensibiliser \u00e0 grande \u00e9chelle.<\/p>\n<p>Ces initiatives montrent que la lutte contre le paludisme ne se gagne pas uniquement dans les laboratoires, mais aussi sur le terrain, au plus pr\u00e8s des populations concern\u00e9es. Pour faire reculer cette maladie infectieuse, il faut conjuguer pr\u00e9vention, traitement, innovation et solidarit\u00e9.<\/p>\n<blockquote class=\"wp-block-quote is-layout-flow wp-block-quote-is-layout-flow\">\n<p><strong>\u00c0 SAVOIR<\/strong><\/p>\n<p>Chaque ann\u00e9e, plus de 3 500 cas de paludisme d\u2019importation sont recens\u00e9s en France, selon l\u2019OMS. La plupart concernent des voyageurs de retour d\u2019Afrique subsaharienne, souvent mal prot\u00e9g\u00e9s.<\/p>\n<\/blockquote>\n<p>  <a class=\"gofollow\" data-track=\"MTIsMCwxLDYw\" href=\"https:\/\/ma-sante.news\/annonceurs\/\" target=\"_blank\" rel=\"noopener\"><img loading=\"lazy\" decoding=\"async\" width=\"2560\" height=\"2133\" src=\"data:image\/svg+xml,%3Csvg%20xmlns=\" http:=\"\" data-lazy-src=\"https:\/\/www.europesays.com\/fr\/wp-content\/uploads\/2025\/03\/pub-annonceurs-4-scaled.jpg\"\/><\/a>    <img loading=\"lazy\" decoding=\"async\" width=\"755\" height=\"495\" src=\"data:image\/svg+xml,%3Csvg%20xmlns=\" http:=\"\" data-lazy-src=\"https:\/\/www.europesays.com\/fr\/wp-content\/uploads\/2025\/03\/Image1.jpg\"\/>Inscrivez-vous \u00e0 notre newsletter <br \/>Ma Sant\u00e9                      <\/p>\n","protected":false},"excerpt":{"rendered":"Selon une \u00e9tude publi\u00e9e en avril 2024 par l\u2019OMS, le nombre de cas de paludisme import\u00e9s en Europe&hellip;\n","protected":false},"author":2,"featured_media":45204,"comment_status":"","ping_status":"","sticky":false,"template":"","format":"standard","meta":{"footnotes":""},"categories":[10],"tags":[1011,27,72,13383,511,71],"class_list":{"0":"post-45203","1":"post","2":"type-post","3":"status-publish","4":"format-standard","5":"has-post-thumbnail","7":"category-sante","8":"tag-fr","9":"tag-france","10":"tag-health","11":"tag-maladie-infectieuse","12":"tag-moustique","13":"tag-sante"},"share_on_mastodon":{"url":"https:\/\/pubeurope.com\/@fr\/114384312940864869","error":""},"_links":{"self":[{"href":"https:\/\/www.europesays.com\/fr\/wp-json\/wp\/v2\/posts\/45203","targetHints":{"allow":["GET"]}}],"collection":[{"href":"https:\/\/www.europesays.com\/fr\/wp-json\/wp\/v2\/posts"}],"about":[{"href":"https:\/\/www.europesays.com\/fr\/wp-json\/wp\/v2\/types\/post"}],"author":[{"embeddable":true,"href":"https:\/\/www.europesays.com\/fr\/wp-json\/wp\/v2\/users\/2"}],"replies":[{"embeddable":true,"href":"https:\/\/www.europesays.com\/fr\/wp-json\/wp\/v2\/comments?post=45203"}],"version-history":[{"count":0,"href":"https:\/\/www.europesays.com\/fr\/wp-json\/wp\/v2\/posts\/45203\/revisions"}],"wp:featuredmedia":[{"embeddable":true,"href":"https:\/\/www.europesays.com\/fr\/wp-json\/wp\/v2\/media\/45204"}],"wp:attachment":[{"href":"https:\/\/www.europesays.com\/fr\/wp-json\/wp\/v2\/media?parent=45203"}],"wp:term":[{"taxonomy":"category","embeddable":true,"href":"https:\/\/www.europesays.com\/fr\/wp-json\/wp\/v2\/categories?post=45203"},{"taxonomy":"post_tag","embeddable":true,"href":"https:\/\/www.europesays.com\/fr\/wp-json\/wp\/v2\/tags?post=45203"}],"curies":[{"name":"wp","href":"https:\/\/api.w.org\/{rel}","templated":true}]}}