{"id":452031,"date":"2025-10-10T08:08:10","date_gmt":"2025-10-10T08:08:10","guid":{"rendered":"https:\/\/www.europesays.com\/fr\/452031\/"},"modified":"2025-10-10T08:08:10","modified_gmt":"2025-10-10T08:08:10","slug":"letat-agit-sur-ce-site-a-risque-pres-de-lyon","status":"publish","type":"post","link":"https:\/\/www.europesays.com\/fr\/452031\/","title":{"rendered":"l\u2019\u00c9tat agit sur ce site \u00e0 risque pr\u00e8s de Lyon"},"content":{"rendered":"<p>Entre risques sanitaires, menace d\u2019explosion et pressions des autorit\u00e9s, Kem One est de nouveau au c\u0153ur du d\u00e9bat environnemental. Class\u00e9 Seveso seuil haut et \u00ab\u00a0IED\u00a0\u00bb au titre de la directive europ\u00e9enne sur les \u00e9missions industrielles, le site implant\u00e9 \u00e0 Saint-Fons fait l\u2019objet d\u2019un encadrement strict.<\/p>\n<p>L\u2019usine, sp\u00e9cialis\u00e9e dans la fabrication de mati\u00e8res plastiques, rejette du chlorure de vinyle monom\u00e8re (CVM), un compos\u00e9 organique volatil \u00ab\u00a0class\u00e9 canc\u00e9rog\u00e8ne av\u00e9r\u00e9\u00a0\u00bb, rappelle la pr\u00e9fecture du Rh\u00f4ne. Les valeurs limites d\u2019\u00e9missions sont fix\u00e9es par arr\u00eat\u00e9 pr\u00e9fectoral et \u00ab\u00a0r\u00e9examin\u00e9es r\u00e9guli\u00e8rement\u00a0\u00bb sur la base des \u00e9tudes de risques sanitaires.<\/p>\n<p>Selon la pr\u00e9fecture, \u00ab\u00a0les inspecteurs ont r\u00e9alis\u00e9 plus de 5 inspections par an ces derni\u00e8res ann\u00e9es\u00a0\u00bb et \u00ab\u00a0les \u00e9missions dans l\u2019air font l\u2019objet d\u2019une surveillance environnementale r\u00e9guli\u00e8re, destin\u00e9e \u00e0 v\u00e9rifier en continu le respect des normes en vigueur.\u00a0\u00bb En 2018, une \u00e9tude avait fix\u00e9 un plafond de 21 tonnes de rejets annuels de CVM, int\u00e9gr\u00e9 \u00e0 l\u2019arr\u00eat\u00e9 de 2019. Une inspection cibl\u00e9e du 4 avril 2025 \u00ab\u00a0n\u2019avait pas relev\u00e9 de non-conformit\u00e9.\u00a0\u00bb<\/p>\n<p>Mais sur demande de la DREAL, Kem One a transmis une nouvelle \u00e9tude des risques sanitaires et un dossier de r\u00e9examen. Apr\u00e8s consultation du Conseil D\u00e9partemental de l\u2019Environnement et des Risques Sanitaires et Technologiques, la pr\u00e9f\u00e8te du Rh\u00f4ne a sign\u00e9 en octobre 2025 un nouvel arr\u00eat\u00e9.<\/p>\n<p>Celui-ci pr\u00e9voit\u00a0\u00ab\u00a0l\u2019abaissement sensible de 4 tonnes par an du plafond annuel de rejets en CVM, \u00e0 compter de 2027, l\u2019obligation de mettre en \u0153uvre d\u2019ici l\u00e0 un plan de remplacement ambitieux de ses vannes\u00a0\u00bb et \u00ab\u00a0le renforcement de la surveillance environnementale autour du site [\u2026] par l\u2019installation\u2026 en pr\u00e9vision de la r\u00e9alisation de 4 campagnes de mesures par an pendant 2 ans.\u00a0\u00bb<\/p>\n<p>Ce durcissement intervient alors que, selon Mediacit\u00e9s, \u00ab\u00a0pr\u00e8s de 500 tonnes de chlorure de vinyle [\u2026] ont \u00e9t\u00e9 dispers\u00e9s dans l\u2019air ces vingt-et-une derni\u00e8res ann\u00e9es autour d\u2019une usine chimique de Saint-Fons.\u00a0\u00bb Le m\u00e9dia d\u2019investigation rappelait que \u00ab\u00a0le risque sanitaire \u00e9tait &lsquo;significatif\u201d en 2017 pour les habitants expos\u00e9s alors que nombre d\u2019anciens salari\u00e9s du site ont succomb\u00e9 \u00e0 des cancers.\u00a0\u00bb Il souligne aussi la pr\u00e9sence d\u2019un gigantesque r\u00e9servoir de 5 200 m\u00b3 de CVM, \u00ab\u00a0un gaz tr\u00e8s inflammable,\u00a0\u00bb dont l\u2019\u00e9ventuelle d\u00e9flagration \u00ab\u00a0causerait tr\u00e8s probablement des morts.\u00a0\u00bb<\/p>\n<p>\u00ab\u00a0Les services de l\u2019\u00c9tat maintiendront leur vigilance constante pour prot\u00e9ger la sant\u00e9 des populations et l\u2019environnement. Ils exerceront tous les contr\u00f4les n\u00e9cessaires pour s\u2019assurer du respect strict des normes en vigueur\u00a0\u00bb, conclut la pr\u00e9fecture.<\/p>\n","protected":false},"excerpt":{"rendered":"Entre risques sanitaires, menace d\u2019explosion et pressions des autorit\u00e9s, Kem One est de nouveau au c\u0153ur du d\u00e9bat&hellip;\n","protected":false},"author":2,"featured_media":452032,"comment_status":"","ping_status":"","sticky":false,"template":"","format":"standard","meta":{"footnotes":""},"categories":[1889],"tags":[1111,11,2813,2190,2430,1109,251,1112,2811,1777,674,118,1011,27,1922,1110,1114,2428,2810,12,241,316,25,2812,517,800],"class_list":{"0":"post-452031","1":"post","2":"type-post","3":"status-publish","4":"format-standard","5":"has-post-thumbnail","7":"category-lyon","8":"tag-actu","9":"tag-actualites","10":"tag-article","11":"tag-asvel","12":"tag-auvergne-rhone-alpes","13":"tag-breves","14":"tag-culture","15":"tag-depeches","16":"tag-economique","17":"tag-eu","18":"tag-europe","19":"tag-faits-divers","20":"tag-fr","21":"tag-france","22":"tag-info","23":"tag-informations","24":"tag-infos","25":"tag-lyon","26":"tag-lyonmag","27":"tag-news","28":"tag-ol","29":"tag-politique","30":"tag-republique-francaise","31":"tag-sociale","32":"tag-sport","33":"tag-transports"},"share_on_mastodon":{"url":"https:\/\/pubeurope.com\/@fr\/115348852244537520","error":""},"_links":{"self":[{"href":"https:\/\/www.europesays.com\/fr\/wp-json\/wp\/v2\/posts\/452031","targetHints":{"allow":["GET"]}}],"collection":[{"href":"https:\/\/www.europesays.com\/fr\/wp-json\/wp\/v2\/posts"}],"about":[{"href":"https:\/\/www.europesays.com\/fr\/wp-json\/wp\/v2\/types\/post"}],"author":[{"embeddable":true,"href":"https:\/\/www.europesays.com\/fr\/wp-json\/wp\/v2\/users\/2"}],"replies":[{"embeddable":true,"href":"https:\/\/www.europesays.com\/fr\/wp-json\/wp\/v2\/comments?post=452031"}],"version-history":[{"count":0,"href":"https:\/\/www.europesays.com\/fr\/wp-json\/wp\/v2\/posts\/452031\/revisions"}],"wp:featuredmedia":[{"embeddable":true,"href":"https:\/\/www.europesays.com\/fr\/wp-json\/wp\/v2\/media\/452032"}],"wp:attachment":[{"href":"https:\/\/www.europesays.com\/fr\/wp-json\/wp\/v2\/media?parent=452031"}],"wp:term":[{"taxonomy":"category","embeddable":true,"href":"https:\/\/www.europesays.com\/fr\/wp-json\/wp\/v2\/categories?post=452031"},{"taxonomy":"post_tag","embeddable":true,"href":"https:\/\/www.europesays.com\/fr\/wp-json\/wp\/v2\/tags?post=452031"}],"curies":[{"name":"wp","href":"https:\/\/api.w.org\/{rel}","templated":true}]}}