{"id":452037,"date":"2025-10-10T08:11:11","date_gmt":"2025-10-10T08:11:11","guid":{"rendered":"https:\/\/www.europesays.com\/fr\/452037\/"},"modified":"2025-10-10T08:11:11","modified_gmt":"2025-10-10T08:11:11","slug":"la-region-lance-la-4e-edition-des-lectures-a-voix-haute","status":"publish","type":"post","link":"https:\/\/www.europesays.com\/fr\/452037\/","title":{"rendered":"la r\u00e9gion lance la 4e \u00e9dition des Lectures \u00e0 voix haute"},"content":{"rendered":"<p>Au programme : la pr\u00e9sentation des textes et des lecteurs retenus pour la saison 2025-2026, ponctu\u00e9e par une lecture d\u2019un extrait de L\u2019Attrape-C\u0153ur de J. D. Salinger, interpr\u00e9t\u00e9 par S\u00e9bastien Pouderoux, soci\u00e9taire de la Com\u00e9die-Fran\u00e7aise.<\/p>\n<p>Depuis 2016, la R\u00e9gion a fait de la lecture une priorit\u00e9 de sa politique culturelle. Outre les Lectures \u00e0 voix haute, elle soutient les Le\u00e7ons de litt\u00e9rature en lyc\u00e9e, les Clubs de lecture dans les CDI, et le <a href=\"https:\/\/actualitte.com\/article\/126548\/prix-litteraires\/top-depart-du-prix-litteraire-des-lyceens-d-ile-de-france-2025-2026\" target=\"_blank\" rel=\"noopener nofollow\">Prix litt\u00e9raire des lyc\u00e9ens d\u2019\u00cele-de-France<\/a>.<\/p>\n<p>Elle organise \u00e9galement la Quinzaine de la librairie, incitant les lyc\u00e9ens \u00e0 fr\u00e9quenter les librairies ind\u00e9pendantes et les biblioth\u00e8ques. Chaque ann\u00e9e, la R\u00e9gion distribue pr\u00e8s de 7500 bons d\u2019achat de livres, pour un montant total d\u2019environ 200.000 \u20ac.<\/p>\n<p>Avec l\u2019application LABAZ, la R\u00e9gion \u00e9tend son soutien aux jeunes : l\u2019aide \u201csport et culture\u201d de 100 \u20ac, d\u00e9sormais utilisable pour l\u2019achat de livres et de manuels, a d\u00e9j\u00e0 s\u00e9duit plus de 300.000 jeunes Franciliens.<\/p>\n<p style=\"text-align: right;\"><a href=\"https:\/\/actualitte.com\/article\/126638\/politique-publique\/etats-generaux-de-la-lecture-ni-ministre-ni-budget-mais-beaucoup-d-espoir\" target=\"_blank\" rel=\"noopener nofollow\"><strong>\u00c0 LIRE \u2014 \u00c9tats g\u00e9n\u00e9raux de la lecture : ni ministre ni budget, mais beaucoup d\u2019espoir<\/strong><\/a><\/p>\n<p>Cette initiative encourage la cr\u00e9ation d\u2019une premi\u00e8re biblioth\u00e8que personnelle et inscrit la lecture dans le quotidien. En pla\u00e7ant le livre au c\u0153ur de son action, la R\u00e9gion souhaite affirmer sa conviction : la lecture est un outil d\u2019\u00e9mancipation, d\u2019\u00e9galit\u00e9 et d\u2019ouverture culturelle.<\/p>\n<p>Soutenir la lecture, encourager les jeunes talents et renforcer l\u2019\u00e9conomie du livre : telles sont les ambitions de la R\u00e9gion \u00cele-de-France, qui consacre environ 8 millions d\u2019euros par an \u00e0 ce secteur.<br \/>Une politique coh\u00e9rente et durable, qui fait du livre un pilier de la vie culturelle francilienne.<\/p>\n<p>Cr\u00e9dits illustration : Pexels CC 0<\/p>\n<\/p>\n<p>\u00a0<\/p>\n<\/p>\n<p class=\"article-signature\">Par <a class=\"article-signature_url\" href=\"https:\/\/actualitte.com\/auteurs\/4\/depeche\" rel=\"nofollow noopener\" target=\"_blank\">D\u00e9p\u00eache<\/a><br \/>Contact : <a class=\"article-signature_mail\" href=\"https:\/\/actualitte.com\/article\/126719\/rencontres-dedicaces\/mailto:depeche@actualitte.com\" rel=\"nofollow noopener\" target=\"_blank\">depeche@actualitte.com<\/a><\/p>\n","protected":false},"excerpt":{"rendered":"Au programme : la pr\u00e9sentation des textes et des lecteurs retenus pour la saison 2025-2026, ponctu\u00e9e par une&hellip;\n","protected":false},"author":2,"featured_media":452038,"comment_status":"","ping_status":"","sticky":false,"template":"","format":"standard","meta":{"footnotes":""},"categories":[1592],"tags":[1111,11,1777,674,1011,27,662,12,626,25],"class_list":{"0":"post-452037","1":"post","2":"type-post","3":"status-publish","4":"format-standard","5":"has-post-thumbnail","7":"category-ile-de-france","8":"tag-actu","9":"tag-actualites","10":"tag-eu","11":"tag-europe","12":"tag-fr","13":"tag-france","14":"tag-ile-de-france","15":"tag-news","16":"tag-paris","17":"tag-republique-francaise"},"share_on_mastodon":{"url":"https:\/\/pubeurope.com\/@fr\/115348863995914744","error":""},"_links":{"self":[{"href":"https:\/\/www.europesays.com\/fr\/wp-json\/wp\/v2\/posts\/452037","targetHints":{"allow":["GET"]}}],"collection":[{"href":"https:\/\/www.europesays.com\/fr\/wp-json\/wp\/v2\/posts"}],"about":[{"href":"https:\/\/www.europesays.com\/fr\/wp-json\/wp\/v2\/types\/post"}],"author":[{"embeddable":true,"href":"https:\/\/www.europesays.com\/fr\/wp-json\/wp\/v2\/users\/2"}],"replies":[{"embeddable":true,"href":"https:\/\/www.europesays.com\/fr\/wp-json\/wp\/v2\/comments?post=452037"}],"version-history":[{"count":0,"href":"https:\/\/www.europesays.com\/fr\/wp-json\/wp\/v2\/posts\/452037\/revisions"}],"wp:featuredmedia":[{"embeddable":true,"href":"https:\/\/www.europesays.com\/fr\/wp-json\/wp\/v2\/media\/452038"}],"wp:attachment":[{"href":"https:\/\/www.europesays.com\/fr\/wp-json\/wp\/v2\/media?parent=452037"}],"wp:term":[{"taxonomy":"category","embeddable":true,"href":"https:\/\/www.europesays.com\/fr\/wp-json\/wp\/v2\/categories?post=452037"},{"taxonomy":"post_tag","embeddable":true,"href":"https:\/\/www.europesays.com\/fr\/wp-json\/wp\/v2\/tags?post=452037"}],"curies":[{"name":"wp","href":"https:\/\/api.w.org\/{rel}","templated":true}]}}