{"id":452039,"date":"2025-10-10T08:12:16","date_gmt":"2025-10-10T08:12:16","guid":{"rendered":"https:\/\/www.europesays.com\/fr\/452039\/"},"modified":"2025-10-10T08:12:16","modified_gmt":"2025-10-10T08:12:16","slug":"direct-larmee-israelienne-sest-retiree-de-plusieurs-zones-de-la-ville-de-gaza-annonce-la-defense-civile-du-territoire-palestinien","status":"publish","type":"post","link":"https:\/\/www.europesays.com\/fr\/452039\/","title":{"rendered":"DIRECT. L&rsquo;arm\u00e9e isra\u00e9lienne s&rsquo;est retir\u00e9e de \u00ab\u00a0plusieurs zones de la ville de Gaza\u00a0\u00bb, annonce la d\u00e9fense civile du territoire palestinien"},"content":{"rendered":"<p>Vers un cessez-le-feu effectif \u00e0 Gaza. <a href=\"https:\/\/www.franceinfo.fr\/monde\/proche-orient\/guerre\/guerre-a-gaza-le-gouvernement-israelien-approuve-officiellement-l-accord-qui-vise-la-liberation-de-tous-les-otages-avant-lundi_7543495.html\" rel=\"nofollow noopener\" target=\"_blank\">Le gouvernement isra\u00e9lien a officiellement approuv\u00e9<\/a>, dans la nuit du jeudi 9 au vendredi 10 octobre, l&rsquo;accord avec le Hamas portant sur <a href=\"https:\/\/www.franceinfo.fr\/monde\/proche-orient\/israel-palestine\/plan-de-paix-pour-gaza-quelles-sont-les-prochaines-etapes-apres-l-annonce-d-un-accord-entre-israel-et-le-hamas_7541635.html\" rel=\"nofollow noopener\" target=\"_blank\">la premi\u00e8re phase du plan de paix de Donald Trump<\/a>.\u00a0\u00ab\u00a0Les forces isra\u00e9liennes se sont retir\u00e9es de plusieurs zones de la ville de Gaza\u00a0\u00bb, a d\u00e9clar\u00e9 un responsable de la d\u00e9fense civile du territoire palestinien, vendredi matin. A Khan Youn\u00e8s, dans le sud de la bande de Gaza, \u00ab\u00a0les v\u00e9hicules isra\u00e9liens se sont retir\u00e9s des parties sud et centrale de la ville vers les zones est\u00a0\u00bb, a-t-il ajout\u00e9. Suivez notre direct.<\/p>\n<p class=\"c-body__bullet\"> <strong>Les otages lib\u00e9r\u00e9s d&rsquo;ici lundi.<\/strong> Selon une porte-parole du bureau du Premier ministre isra\u00e9lien,\u00a0\u00ab\u00a0tous les otages, vivants et d\u00e9c\u00e9d\u00e9s, seront lib\u00e9r\u00e9s\u00a0[au plus tard]\u00a072 heures\u00a0[apr\u00e8s l&rsquo;entr\u00e9e en vigueur du cessez-le-feu], ce qui nous am\u00e8ne \u00e0 lundi\u00a0\u00bb. Dans les 24 heures suivant l&rsquo;entr\u00e9e en vigueur du cessez-le-feu, l&rsquo;arm\u00e9e isra\u00e9lienne doit se retirer de certaines zones o\u00f9 elle est d\u00e9ploy\u00e9e, mais gardera le contr\u00f4le de 53% du territoire de la bande de Gaza, a-t-elle ajout\u00e9.<\/p>\n<p class=\"c-body__bullet\"> <strong>Mahmoud Abbas salue un \u00ab\u00a0moment historique\u00a0\u00bb. <\/strong>Le pr\u00e9sident de l&rsquo;Autorit\u00e9 palestinienne a dit jeudi, dans une rare interview \u00e0 une t\u00e9l\u00e9vision isra\u00e9lienne, souhaiter \u00ab\u00a0la paix, la s\u00e9curit\u00e9 et la stabilit\u00e9\u00a0\u00bb entre les Palestiniens et Isra\u00ebl. \u00ab\u00a0Ce qu&rsquo;il s&rsquo;est pass\u00e9 aujourd&rsquo;hui est un moment historique\u00a0\u00bb, s&rsquo;est f\u00e9licit\u00e9 Mahmoud Abas, apr\u00e8s l&rsquo;annonce de l&rsquo;accord entre le Hamas et Isra\u00ebl.<\/p>\n<p class=\"c-body__bullet\"> <strong>Donald Trump pr\u00e9voit de se rendre au Proche-Orient.<\/strong> \u00ab\u00a0Les otages rentreront lundi ou mardi. Je serai probablement l\u00e0. J&rsquo;esp\u00e8re \u00eatre l\u00e0. Nous pr\u00e9voyons de partir dimanche, et j&rsquo;ai h\u00e2te d&rsquo;y \u00eatre\u00a0\u00bb, a d\u00e9clar\u00e9 le pr\u00e9sident am\u00e9ricain jeudi soir.<\/p>\n<p class=\"c-body__bullet\"><strong> Des sc\u00e8nes de joie \u00e0 Gaza et en Isra\u00ebl.<\/strong>\u00a0A Khan Youn\u00e8s, dans le sud du territoire palestinien, des Gazaouis ont applaudi, chant\u00e9 et dans\u00e9 \u00e0 l&rsquo;annonce de l&rsquo;accord, selon des journalistes.\u00a0Sur la \u00ab\u00a0place des otages\u00a0\u00bb \u00e0 Tel-Aviv, des centaines de personnes se sont rassembl\u00e9es jeudi, beaucoup arborant un autocollant avec l&rsquo;inscription \u00ab\u00a0Ils reviennent\u00a0\u00bb, d&rsquo;autres s&#8217;embrassant et se f\u00e9licitant.<\/p>\n","protected":false},"excerpt":{"rendered":"Vers un cessez-le-feu effectif \u00e0 Gaza. Le gouvernement isra\u00e9lien a officiellement approuv\u00e9, dans la nuit du jeudi 9&hellip;\n","protected":false},"author":2,"featured_media":452040,"comment_status":"","ping_status":"","sticky":false,"template":"","format":"standard","meta":{"footnotes":""},"categories":[1888],"tags":[1111,1928,11,1927,1777,674,1011,27,12,1926,626,1925,25],"class_list":{"0":"post-452039","1":"post","2":"type-post","3":"status-publish","4":"format-standard","5":"has-post-thumbnail","7":"category-paris","8":"tag-actu","9":"tag-actu-paris","10":"tag-actualites","11":"tag-actualites-paris","12":"tag-eu","13":"tag-europe","14":"tag-fr","15":"tag-france","16":"tag-news","17":"tag-news-paris","18":"tag-paris","19":"tag-paris-news","20":"tag-republique-francaise"},"share_on_mastodon":{"url":"https:\/\/pubeurope.com\/@fr\/115348867867681777","error":""},"_links":{"self":[{"href":"https:\/\/www.europesays.com\/fr\/wp-json\/wp\/v2\/posts\/452039","targetHints":{"allow":["GET"]}}],"collection":[{"href":"https:\/\/www.europesays.com\/fr\/wp-json\/wp\/v2\/posts"}],"about":[{"href":"https:\/\/www.europesays.com\/fr\/wp-json\/wp\/v2\/types\/post"}],"author":[{"embeddable":true,"href":"https:\/\/www.europesays.com\/fr\/wp-json\/wp\/v2\/users\/2"}],"replies":[{"embeddable":true,"href":"https:\/\/www.europesays.com\/fr\/wp-json\/wp\/v2\/comments?post=452039"}],"version-history":[{"count":0,"href":"https:\/\/www.europesays.com\/fr\/wp-json\/wp\/v2\/posts\/452039\/revisions"}],"wp:featuredmedia":[{"embeddable":true,"href":"https:\/\/www.europesays.com\/fr\/wp-json\/wp\/v2\/media\/452040"}],"wp:attachment":[{"href":"https:\/\/www.europesays.com\/fr\/wp-json\/wp\/v2\/media?parent=452039"}],"wp:term":[{"taxonomy":"category","embeddable":true,"href":"https:\/\/www.europesays.com\/fr\/wp-json\/wp\/v2\/categories?post=452039"},{"taxonomy":"post_tag","embeddable":true,"href":"https:\/\/www.europesays.com\/fr\/wp-json\/wp\/v2\/tags?post=452039"}],"curies":[{"name":"wp","href":"https:\/\/api.w.org\/{rel}","templated":true}]}}