{"id":452041,"date":"2025-10-10T08:13:17","date_gmt":"2025-10-10T08:13:17","guid":{"rendered":"https:\/\/www.europesays.com\/fr\/452041\/"},"modified":"2025-10-10T08:13:17","modified_gmt":"2025-10-10T08:13:17","slug":"paris-previsions-meteo-du-vendredi-10-octobre-2025","status":"publish","type":"post","link":"https:\/\/www.europesays.com\/fr\/452041\/","title":{"rendered":"Paris : pr\u00e9visions m\u00e9t\u00e9o du vendredi 10 octobre 2025"},"content":{"rendered":"<p>\u00c0 Paris, le vendredi 10 octobre 2025 se d\u00e9roule sous un ciel d\u00e9gag\u00e9 et un air sec. Les temp\u00e9ratures restent douces avec un vent l\u00e9ger de nord-nord-est, garantissant une journ\u00e9e calme et ensoleill\u00e9e.<\/p>\n<p>Ce 10 octobre 2025, Paris se r\u00e9veille sous un ciel digne d\u2019une carte postale : la capitale b\u00e9n\u00e9ficie d\u2019une haute pression solide et d\u2019un air exceptionnellement sec. Retrouvez ci-dessous votre bulletin m\u00e9t\u00e9o d\u00e9taill\u00e9, accompagn\u00e9 de recommandations pour profiter pleinement de la journ\u00e9e.<\/p>\n<p>Matin : ciel bleu d\u00e8s le lever du soleil \u00e0 08 h 03<\/p>\n<p>\u00c0 06 h, les instruments enregistrent <b>20 \u00b0C<\/b>, avec un ressenti de 15 \u00b0C. Le ciel est enti\u00e8rement d\u00e9gag\u00e9, sans trace de nuages ni de brume matinale.<\/p>\n<p>L\u2019humidit\u00e9, mod\u00e9r\u00e9e \u00e0 67 %, att\u00e9nue la fra\u00eecheur, tandis qu\u2019une brise de <b>12 km\/h<\/b> venant du Nord-Nord-Est assure une atmosph\u00e8re stable. Aucune pr\u00e9cipitation n\u2019est attendue : la probabilit\u00e9 de pluie reste \u00e0 0 %, et la pression demeure robuste \u00e0 1 031 hPa.<\/p>\n<p>Conseils : avant de sortir, pensez aux lunettes de soleil, \u00e0 bien vous hydrater et \u00e0 privil\u00e9gier des v\u00eatements l\u00e9gers \u2014 la temp\u00e9rature minimale enregistr\u00e9e a approch\u00e9 les 11 \u00b0C au petit matin.<\/p>\n<ul>\n<li>Temp\u00e9rature minimale : 11 \u00b0C<\/li>\n<li>Vent faible : 12 km\/h<\/li>\n<li>Humidit\u00e9 : 67 %<\/li>\n<\/ul>\n<p>Apr\u00e8s-midi ensoleill\u00e9 et doux<\/p>\n<p>\u00c0 la mi-journ\u00e9e, les conditions restent inchang\u00e9es : <b>20 \u00b0C<\/b>, ressenti 15 \u00b0C, ciel parfaitement limpide. Le vent conserve son orientation Nord-Nord-Est et reste mod\u00e9r\u00e9. Aucun signe de pluie n\u2019est d\u00e9tect\u00e9 par les radars.<\/p>\n<p>Cette douceur automnale, l\u00e9g\u00e8rement inf\u00e9rieure aux normales de saison, invite aux activit\u00e9s ext\u00e9rieures : promenade sur les quais, pause en terrasse ou d\u00e9placements \u00e0 v\u00e9lo sans contrainte m\u00e9t\u00e9o.<\/p>\n<p>Pour suivre l\u2019\u00e9volution heure par heure, consultez <a href=\"https:\/\/www.meteocity.com\/france\/paris-v2988507\" rel=\"nofollow noopener\" target=\"_blank\">notre page d\u00e9di\u00e9e<\/a>.<\/p>\n<p>Soir\u00e9e claire : coucher du soleil \u00e0 19 h 10<\/p>\n<p>Vers 18 h, Paris affiche encore <b>20 \u00b0C<\/b> sous un ciel toujours bleu. Le ressenti reste \u00e0 15 \u00b0C, gr\u00e2ce \u00e0 la brise constante de Nord-Nord-Est.<\/p>\n<p>L\u2019absence de nuages prolonge la luminosit\u00e9 jusqu\u2019aux derniers moments du cr\u00e9puscule. La probabilit\u00e9 de pluie demeure nulle, permettant de profiter de sorties culturelles ou sportives sans parapluie.<\/p>\n<p>Apr\u00e8s la tomb\u00e9e de la nuit, la temp\u00e9rature descendra progressivement vers 14 \u00b0C, attendu en seconde partie de nuit. L\u2019humidit\u00e9 augmentera l\u00e9g\u00e8rement \u00e0 78 %, sans provoquer de brouillard notable.<\/p>\n<p>Tendance g\u00e9n\u00e9rale pour le vendredi 11 octobre 2025<\/p>\n<p>Les mod\u00e8les confirment la poursuite de cette dorsale anticyclonique. Demain, le ciel restera d\u00e9gag\u00e9, avec une amplitude thermique plus marqu\u00e9e : <b>12 \u00b0C<\/b> au lever du jour et <b>21 \u00b0C<\/b> au plus chaud de l\u2019apr\u00e8s-midi.<\/p>\n<p>Le vent s\u2019orientera tr\u00e8s l\u00e9g\u00e8rement au Nord-Est, autour de 13 km\/h. Toujours 0 % de pluie, pression stable proche de 1 031 hPa, garantissant une m\u00e9t\u00e9o fiable.<\/p>\n<p>Vous pourrez donc organiser march\u00e9s, jogging matinal ou visites sans crainte du temps. Pour un aper\u00e7u du week-end et des vacances, consultez <a href=\"https:\/\/www.meteocity.com\/france\/paris-v2988507\/meteo-demain\" rel=\"nofollow noopener\" target=\"_blank\">nos pr\u00e9visions \u00e9tendues<\/a>.<\/p>\n<p>Ces conditions s\u00e8ches et calmes r\u00e9sultent d\u2019un anticyclone install\u00e9 sur l\u2019Europe occidentale, un ph\u00e9nom\u00e8ne fr\u00e9quent en automne. Aucun signal particulier li\u00e9 au changement climatique n\u2019est observ\u00e9 lors de cet \u00e9pisode pr\u00e9cis.<\/p>\n","protected":false},"excerpt":{"rendered":"\u00c0 Paris, le vendredi 10 octobre 2025 se d\u00e9roule sous un ciel d\u00e9gag\u00e9 et un air sec. Les&hellip;\n","protected":false},"author":2,"featured_media":452042,"comment_status":"","ping_status":"","sticky":false,"template":"","format":"standard","meta":{"footnotes":""},"categories":[1888],"tags":[1111,1928,11,1927,1777,674,1011,27,12,1926,626,1925,25],"class_list":{"0":"post-452041","1":"post","2":"type-post","3":"status-publish","4":"format-standard","5":"has-post-thumbnail","7":"category-paris","8":"tag-actu","9":"tag-actu-paris","10":"tag-actualites","11":"tag-actualites-paris","12":"tag-eu","13":"tag-europe","14":"tag-fr","15":"tag-france","16":"tag-news","17":"tag-news-paris","18":"tag-paris","19":"tag-paris-news","20":"tag-republique-francaise"},"share_on_mastodon":{"url":"https:\/\/pubeurope.com\/@fr\/115348871885568549","error":""},"_links":{"self":[{"href":"https:\/\/www.europesays.com\/fr\/wp-json\/wp\/v2\/posts\/452041","targetHints":{"allow":["GET"]}}],"collection":[{"href":"https:\/\/www.europesays.com\/fr\/wp-json\/wp\/v2\/posts"}],"about":[{"href":"https:\/\/www.europesays.com\/fr\/wp-json\/wp\/v2\/types\/post"}],"author":[{"embeddable":true,"href":"https:\/\/www.europesays.com\/fr\/wp-json\/wp\/v2\/users\/2"}],"replies":[{"embeddable":true,"href":"https:\/\/www.europesays.com\/fr\/wp-json\/wp\/v2\/comments?post=452041"}],"version-history":[{"count":0,"href":"https:\/\/www.europesays.com\/fr\/wp-json\/wp\/v2\/posts\/452041\/revisions"}],"wp:featuredmedia":[{"embeddable":true,"href":"https:\/\/www.europesays.com\/fr\/wp-json\/wp\/v2\/media\/452042"}],"wp:attachment":[{"href":"https:\/\/www.europesays.com\/fr\/wp-json\/wp\/v2\/media?parent=452041"}],"wp:term":[{"taxonomy":"category","embeddable":true,"href":"https:\/\/www.europesays.com\/fr\/wp-json\/wp\/v2\/categories?post=452041"},{"taxonomy":"post_tag","embeddable":true,"href":"https:\/\/www.europesays.com\/fr\/wp-json\/wp\/v2\/tags?post=452041"}],"curies":[{"name":"wp","href":"https:\/\/api.w.org\/{rel}","templated":true}]}}