{"id":452043,"date":"2025-10-10T08:14:11","date_gmt":"2025-10-10T08:14:11","guid":{"rendered":"https:\/\/www.europesays.com\/fr\/452043\/"},"modified":"2025-10-10T08:14:11","modified_gmt":"2025-10-10T08:14:11","slug":"paris-une-femme-alitee-decede-dans-lincendie-de-son-immeuble","status":"publish","type":"post","link":"https:\/\/www.europesays.com\/fr\/452043\/","title":{"rendered":"Paris\u00a0: une femme alit\u00e9e d\u00e9c\u00e8de dans l\u2019incendie de son immeuble"},"content":{"rendered":"<p class=\"paragraph text_align_left lp-f-body-02\">Une simple bougie pour un bilan dramatique. Dans la nuit de jeudi \u00e0 vendredi, vers 0h40, les flammes ont ravag\u00e9 un appartement du troisi\u00e8me \u00e9tage d\u2019un immeuble de dix-huit \u00e9tages situ\u00e9 au 100 rue Curial, dans le XIXe\u00a0arrondissement de Paris. Une femme de 61\u00a0ans est malheureusement d\u00e9c\u00e9d\u00e9e dans ce sinistre.<\/p>\n<p class=\"paragraph text_align_left lp-f-body-02\">\u00ab\u00a0L\u2019occupante, n\u00e9e en juillet\u00a01964, souffrant de scl\u00e9rose en plaques et devant \u00eatre alit\u00e9e en continu, a \u00e9t\u00e9 retrouv\u00e9e d\u00e9c\u00e9d\u00e9e\u00a0\u00bb, confirme au Parisien le parquet de Paris. C\u2019est pr\u00e9cis\u00e9ment dans sa chambre que le feu se serait d\u00e9clar\u00e9.<\/p>\n<p>Deux bless\u00e9s l\u00e9gers<\/p>\n<p class=\"paragraph text_align_left lp-f-body-02\">\u00ab\u00a0Il ressort des premiers \u00e9l\u00e9ments qu\u2019\u00e0 la suite d\u2019une coupure de courant, un proche avait allum\u00e9 une bougie dans l\u2019appartement afin qu\u2019elle ne reste pas plong\u00e9e dans le noir\u00a0\u00bb, poursuit le parquet de Paris.<\/p>\n<p class=\"paragraph text_align_left lp-f-body-02\">Les sapeurs-pompiers de Paris ont \u00e9t\u00e9 alert\u00e9s vers 0h30 et ont imm\u00e9diatement d\u00e9ploy\u00e9 des moyens importants\u00a0: 64 sapeurs-pompiers et 16 engins terrestres ont \u00e9t\u00e9 mobilis\u00e9s pour lutter contre l\u2019<a href=\"https:\/\/www.leparisien.fr\/faits-divers\/un-monstre-ordinaire-le-suspect-arrete-pour-les-incendies-de-los-angeles-se-serait-inspire-dun-clip-de-rap-francais-09-10-2025-KIZQKX65IZFERGKR342QQDN5OI.php\" target=\"_blank\" rel=\"noreferrer nofollow noopener\">incendie<\/a>, indique la BSPP.<\/p>\n<p class=\"paragraph text_align_left lp-f-body-02\">Deux autres personnes ont \u00e9t\u00e9 l\u00e9g\u00e8rement bless\u00e9es lors de cette intervention nocturne. Un habitant ainsi qu\u2019un sapeur-pompier ont \u00e9t\u00e9 \u00e9vacu\u00e9s par transport non m\u00e9dicalis\u00e9, souffrant d\u2019inhalation de fum\u00e9es.<\/p>\n<p class=\"paragraph text_align_left lp-f-body-02\">Le feu a \u00e9t\u00e9 ma\u00eetris\u00e9 peu apr\u00e8s 2\u00a0heures du matin, limitant les d\u00e9g\u00e2ts au seul logement de la victime.<\/p>\n<p>Le fr\u00e8re de la victime relog\u00e9<\/p>\n<p class=\"paragraph text_align_left lp-f-body-02\">Le magistrat de permanence s\u2019est rendu sur les lieux de ce <a href=\"https:\/\/www.leparisien.fr\/faits-divers\/lyon-un-restaurant-touche-par-un-incendie-quelques-jours-apres-une-violente-explosion-09-10-2025-HN3WYMEA35AXFDQCOPB37CRAA4.php\" target=\"_blank\" rel=\"noreferrer nofollow noopener\">nouvel incendie<\/a>, accompagn\u00e9 des experts du laboratoire central de la pr\u00e9fecture de police et du service technique de judiciaire nationale. Les \u00e9quipes de Gaz de France et d\u2019Enedis ont \u00e9galement proc\u00e9d\u00e9 aux v\u00e9rifications d\u2019usage.<\/p>\n<p class=\"paragraph text_align_left lp-f-body-02\">Le fr\u00e8re de la d\u00e9funte, \u00ab\u00a0qui n\u2019\u00e9tait pas pr\u00e9sent dans l\u2019appartement au moment des faits\u00a0\u00bb, pr\u00e9cise une source polici\u00e8re, doit \u00eatre relog\u00e9. Le commissariat du XIXe\u00a0arrondissement a \u00e9t\u00e9 saisi de cette affaire pour d\u00e9terminer les circonstances exactes du drame.<\/p>\n","protected":false},"excerpt":{"rendered":"Une simple bougie pour un bilan dramatique. Dans la nuit de jeudi \u00e0 vendredi, vers 0h40, les flammes&hellip;\n","protected":false},"author":2,"featured_media":452044,"comment_status":"","ping_status":"","sticky":false,"template":"","format":"standard","meta":{"footnotes":""},"categories":[1888],"tags":[11,1777,674,118,1011,27,1944,12,626,25],"class_list":{"0":"post-452043","1":"post","2":"type-post","3":"status-publish","4":"format-standard","5":"has-post-thumbnail","7":"category-paris","8":"tag-actualites","9":"tag-eu","10":"tag-europe","11":"tag-faits-divers","12":"tag-fr","13":"tag-france","14":"tag-ma-ville","15":"tag-news","16":"tag-paris","17":"tag-republique-francaise"},"share_on_mastodon":{"url":"https:\/\/pubeurope.com\/@fr\/115348875896841984","error":""},"_links":{"self":[{"href":"https:\/\/www.europesays.com\/fr\/wp-json\/wp\/v2\/posts\/452043","targetHints":{"allow":["GET"]}}],"collection":[{"href":"https:\/\/www.europesays.com\/fr\/wp-json\/wp\/v2\/posts"}],"about":[{"href":"https:\/\/www.europesays.com\/fr\/wp-json\/wp\/v2\/types\/post"}],"author":[{"embeddable":true,"href":"https:\/\/www.europesays.com\/fr\/wp-json\/wp\/v2\/users\/2"}],"replies":[{"embeddable":true,"href":"https:\/\/www.europesays.com\/fr\/wp-json\/wp\/v2\/comments?post=452043"}],"version-history":[{"count":0,"href":"https:\/\/www.europesays.com\/fr\/wp-json\/wp\/v2\/posts\/452043\/revisions"}],"wp:featuredmedia":[{"embeddable":true,"href":"https:\/\/www.europesays.com\/fr\/wp-json\/wp\/v2\/media\/452044"}],"wp:attachment":[{"href":"https:\/\/www.europesays.com\/fr\/wp-json\/wp\/v2\/media?parent=452043"}],"wp:term":[{"taxonomy":"category","embeddable":true,"href":"https:\/\/www.europesays.com\/fr\/wp-json\/wp\/v2\/categories?post=452043"},{"taxonomy":"post_tag","embeddable":true,"href":"https:\/\/www.europesays.com\/fr\/wp-json\/wp\/v2\/tags?post=452043"}],"curies":[{"name":"wp","href":"https:\/\/api.w.org\/{rel}","templated":true}]}}