{"id":452047,"date":"2025-10-10T08:16:15","date_gmt":"2025-10-10T08:16:15","guid":{"rendered":"https:\/\/www.europesays.com\/fr\/452047\/"},"modified":"2025-10-10T08:16:15","modified_gmt":"2025-10-10T08:16:15","slug":"la-russie-reconnait-sa-responsabilite-dans-le-crash-dazerbaidjan-airlines","status":"publish","type":"post","link":"https:\/\/www.europesays.com\/fr\/452047\/","title":{"rendered":"La Russie reconna\u00eet sa responsabilit\u00e9 dans le crash d\u2019Azerba\u00efdjan Airlines"},"content":{"rendered":"<p>\t\t\t\t\t\t\t\t<img src=\"data:image\/svg+xml,%3Csvg%20xmlns=\" http:=\"\" class=\"attachment-article size-article wp-post-image\" alt=\"\" decoding=\"async\" fetchpriority=\"high\" data-lazy- data-lazy- data-attachment-id=\"7926800\" data-permalink=\"https:\/\/www.aerobuzz.fr\/transport-aerien\/la-russie-reconnait-sa-responsabilite-dans-le-crash-dazerbaidjan-airlines\/attachment\/e190-azerbaidjan\/\" data-orig-file=\"https:\/\/i0.wp.com\/www.aerobuzz.fr\/wp-content\/uploads\/2025\/10\/E190-AZERBAIDJAN.jpg?fit=800%2C364&amp;ssl=1\" data-orig-size=\"800,364\" data-comments-opened=\"1\" data-image-meta=\"{&quot;aperture&quot;:&quot;0&quot;,&quot;credit&quot;:&quot;&quot;,&quot;camera&quot;:&quot;&quot;,&quot;caption&quot;:&quot;&quot;,&quot;created_timestamp&quot;:&quot;0&quot;,&quot;copyright&quot;:&quot;&quot;,&quot;focal_length&quot;:&quot;0&quot;,&quot;iso&quot;:&quot;0&quot;,&quot;shutter_speed&quot;:&quot;0&quot;,&quot;title&quot;:&quot;&quot;,&quot;orientation&quot;:&quot;1&quot;}\" data-image-title=\"\" data-image-description=\"\" data-image-caption=\"&lt;p&gt;La Russie reconna\u00eet que sa d\u00e9fense a\u00e9rienne a abattu le vol 8243 d\u2019Azerbaijan Airlines alors qu\u2019elle ciblait des drones ukrainiens dans l\u2019espace a\u00e9rien russe. \u00a9\u00a0Azerbaidjan Airlines&lt;\/p&gt;&#10;\" data-medium-file=\"https:\/\/i0.wp.com\/www.aerobuzz.fr\/wp-content\/uploads\/2025\/10\/E190-AZERBAIDJAN.jpg?resize=300%2C137&amp;ssl=1\" data-large-file=\"https:\/\/i0.wp.com\/www.aerobuzz.fr\/wp-content\/uploads\/2025\/10\/E190-AZERBAIDJAN.jpg?resize=600%2C273&amp;ssl=1\" data-lazy-src=\"https:\/\/www.europesays.com\/fr\/wp-content\/uploads\/2025\/10\/E190-AZERBAIDJAN.jpg\"\/>\t\t\t\t\t\t\t<\/p>\n<p>La Russie reconna\u00eet que sa d\u00e9fense a\u00e9rienne a abattu le vol 8243 d&rsquo;Azerbaijan Airlines alors qu&rsquo;elle ciblait des drones ukrainiens dans l&rsquo;espace a\u00e9rien russe. \u00a9\u00a0Azerbaidjan Airlines<\/p>\n<p>Apr\u00e8s avoir ni\u00e9 toutes implications dans l\u2019accident de l\u2019Embraer E190 d\u2019Azerba\u00efdjan Airlines (38 morts), le 25 d\u00e9cembre 2024, le pr\u00e9sident russe vient de reconna\u00eetre la responsabilit\u00e9 de la d\u00e9fense a\u00e9rienne russe dans la destruction du vol 8243. Il invoque un \u00ab\u00a0dysfonctionnement technique\u00a0\u00bb.<\/p>\n<p>C\u2019est \u00e0 l\u2019occasion d\u2019une rencontre avec le pr\u00e9sident azerba\u00efdjanais, le 9 octobre 2025, \u00e0 Douchanb\u00e9 (Tadjikistan) que le pr\u00e9sident russe a officiellement admis la responsabilit\u00e9 de la Russie dans la destruction de l\u2019Embraer E190 d\u2019Azerba\u00efdjan Airlines, le 25 d\u00e9cembre 2024. Le bilan est lourd\u00a0: 38 morts dont les pilotes et une h\u00f4tesse parmi les 67 personnes \u00e0 bord.<\/p>\n<p>Le vol 8243 op\u00e9r\u00e9 avec un Embraer E190 devait relier Bakou (Azerba\u00efdjan) \u00e0 Grozny (Tch\u00e9tch\u00e9nie). Il s\u2019est \u00e9cras\u00e9 pr\u00e8s de l\u2019a\u00e9roport d\u2019Aktaou (Kazakhstan) lors d\u2019une tentative d\u2019atterrissage d\u2019urgence. Les deux pilotes, une h\u00f4tesse et 35 passagers pour la plupart assis \u00e0 l\u2019avant de la cabine ont \u00e9t\u00e9 tu\u00e9s. 29 occupants ont surv\u00e9cu.<\/p>\n<p>Rapidement, le gouvernement azerba\u00efdjanais a mis en cause la Russie. Il a appuy\u00e9 ses accusation traces d\u2019impact visibles sur les ailes et le fuselage de l\u2019avion de ligne. Il admettait alors que le tir n\u2019\u00e9tait pas intentionnel, que des missiles sol-air aient pu exploser pr\u00e8s de l\u2019avion. Malgr\u00e9 tout, la Russie a d\u00e9ni\u00e9 toutes responsabilit\u00e9s, jusqu\u2019\u00e0 ce 9 octobre 2025, et la d\u00e9claration officielle du pr\u00e9sident russe reprise par l\u2019Associated Press.<\/p>\n<p>Les d\u00e9fenses a\u00e9riennes russes ont abattu l\u2019Embraer 190 alors qu\u2019elles ciblaient des drones ukrainiens \u00e9voluant dans l\u2019espace a\u00e9rien russe. La Russie promet d\u2019indemniser les victimes. Ce drame renvoie \u00e9videmment \u00e0 la destruction du Boeing 777-200ER du vol <a href=\"https:\/\/www.aerobuzz.fr\/transport-aerien\/mh-17-indignation-et\/\" target=\"_blank\" rel=\"noopener\">Malaysia Airlines MH17<\/a> (298 morts), le 17 juillet 2014, au-dessus de Donetsh, dans l\u2019est de l\u2019Ukraine, une zone alors contr\u00f4l\u00e9e par les s\u00e9paratistes pro-russes soutenus par la Russie. \u00a0<\/p>\n<p>\n\tArticles similaires<\/p>\n","protected":false},"excerpt":{"rendered":"La Russie reconna\u00eet que sa d\u00e9fense a\u00e9rienne a abattu le vol 8243 d&rsquo;Azerbaijan Airlines alors qu&rsquo;elle ciblait des&hellip;\n","protected":false},"author":2,"featured_media":452048,"comment_status":"","ping_status":"","sticky":false,"template":"","format":"standard","meta":{"footnotes":""},"categories":[1591],"tags":[11,57774,1887,6256,57775,12,1885,1886,132],"class_list":{"0":"post-452047","1":"post","2":"type-post","3":"status-publish","4":"format-standard","5":"has-post-thumbnail","7":"category-russie","8":"tag-actualites","9":"tag-azerbaidjan-airlines","10":"tag-federation-de-russie","11":"tag-guerre-ukraine","12":"tag-j28243","13":"tag-news","14":"tag-russia","15":"tag-russian-federation","16":"tag-russie"},"share_on_mastodon":{"url":"https:\/\/pubeurope.com\/@fr\/115348883732227499","error":""},"_links":{"self":[{"href":"https:\/\/www.europesays.com\/fr\/wp-json\/wp\/v2\/posts\/452047","targetHints":{"allow":["GET"]}}],"collection":[{"href":"https:\/\/www.europesays.com\/fr\/wp-json\/wp\/v2\/posts"}],"about":[{"href":"https:\/\/www.europesays.com\/fr\/wp-json\/wp\/v2\/types\/post"}],"author":[{"embeddable":true,"href":"https:\/\/www.europesays.com\/fr\/wp-json\/wp\/v2\/users\/2"}],"replies":[{"embeddable":true,"href":"https:\/\/www.europesays.com\/fr\/wp-json\/wp\/v2\/comments?post=452047"}],"version-history":[{"count":0,"href":"https:\/\/www.europesays.com\/fr\/wp-json\/wp\/v2\/posts\/452047\/revisions"}],"wp:featuredmedia":[{"embeddable":true,"href":"https:\/\/www.europesays.com\/fr\/wp-json\/wp\/v2\/media\/452048"}],"wp:attachment":[{"href":"https:\/\/www.europesays.com\/fr\/wp-json\/wp\/v2\/media?parent=452047"}],"wp:term":[{"taxonomy":"category","embeddable":true,"href":"https:\/\/www.europesays.com\/fr\/wp-json\/wp\/v2\/categories?post=452047"},{"taxonomy":"post_tag","embeddable":true,"href":"https:\/\/www.europesays.com\/fr\/wp-json\/wp\/v2\/tags?post=452047"}],"curies":[{"name":"wp","href":"https:\/\/api.w.org\/{rel}","templated":true}]}}