{"id":452049,"date":"2025-10-10T08:17:10","date_gmt":"2025-10-10T08:17:10","guid":{"rendered":"https:\/\/www.europesays.com\/fr\/452049\/"},"modified":"2025-10-10T08:17:10","modified_gmt":"2025-10-10T08:17:10","slug":"entre-la-hongrie-et-lukraine-les-tensions-enflent-liberation","status":"publish","type":"post","link":"https:\/\/www.europesays.com\/fr\/452049\/","title":{"rendered":"entre la Hongrie et l\u2019Ukraine, les tensions enflent \u2013 Lib\u00e9ration"},"content":{"rendered":"<p class=\"sc-cPiKLX AiZTS text-element\">Entre Budapest et Kyiv, les noms d\u2019oiseaux pleuvent. C\u00f4t\u00e9 ukrainien, on ne retient plus les coups contre ce voisin accus\u00e9 d\u2019\u00eatre pro-russe. C\u00f4t\u00e9 hongrois, le pr\u00e9sident Zelensky, d\u00e9peint en belliciste, est devenu une nouvelle figure repoussoir, utilis\u00e9e par le gouvernement pour attaquer ses opposants, comme Ursula von der Leyen ou George Soros l\u2019avaient \u00e9t\u00e9 avant lui. <a href=\"https:\/\/connexion.liberation.fr\/autorefresh?referer=https%3a%2f%2fwww.liberation.fr%2finternational%2feurope%2fentre-la-hongrie-et-lukraine-des-tensions-ravivees-par-la-liberation-de-prisonniers-de-guerre-20230622_4BLNYYNVRVARTN6KWXNMDBXYPE%2f\" target=\"_blank\" rel=\"noopener\" title=\"https:\/\/connexion.liberation.fr\/autorefresh?referer=https%3a%2f%2fwww.liberation.fr%2finternational%2feurope%2fentre-la-hongrie-et-lukraine-des-tensions-ravivees-par-la-liberation-de-prisonniers-de-guerre-20230622_4BLNYYNVRVARTN6KWXNMDBXYPE%2f\">La dynamique n\u2019est pas nouvelle<\/a>, mais depuis l\u2019\u00e9t\u00e9, chaque mois semble amener les relations diplomatiques \u00e0 un niveau plus d\u00e9testable encore. <\/p>\n<p class=\"sc-cPiKLX AiZTS text-element\">La derni\u00e8re brouille en date a \u00e9t\u00e9 initi\u00e9e le 7 octobre par le ministre hongrois des Affaires \u00e9trang\u00e8res, P\u00e9ter Szijj\u00e1rt\u00f3. \u00abL\u2019Ukraine a tout int\u00e9r\u00eat \u00e0 influencer les \u00e9lections l\u00e9gislatives hongroises de 2026, et il est clair qu\u2019elle tente de le faire par l\u2019interm\u00e9diaire de Tisza [<a href=\"https:\/\/www.liberation.fr\/international\/europe\/elections-europeennes-en-hongrie-lopposition-a-viktor-orban-attend-son-heure-20240510_RKZAJGMKBZHQROPCA65XZZ3FP &lt;div style=\" clear:=\"\" both=\"\" target=\"_blank\" rel=\"noopener\"><\/p>\n","protected":false},"excerpt":{"rendered":"Entre Budapest et Kyiv, les noms d\u2019oiseaux pleuvent. C\u00f4t\u00e9 ukrainien, on ne retient plus les coups contre ce&hellip;\n","protected":false},"author":2,"featured_media":452050,"comment_status":"","ping_status":"","sticky":false,"template":"","format":"standard","meta":{"footnotes":""},"categories":[1590],"tags":[11,312,1777,674,804,12,220,364],"class_list":{"0":"post-452049","1":"post","2":"type-post","3":"status-publish","4":"format-standard","5":"has-post-thumbnail","7":"category-ukraine","8":"tag-actualites","9":"tag-diplomatie","10":"tag-eu","11":"tag-europe","12":"tag-hongrie","13":"tag-news","14":"tag-ukraine","15":"tag-union-europeenne"},"share_on_mastodon":{"url":"https:\/\/pubeurope.com\/@fr\/115348887631725181","error":""},"_links":{"self":[{"href":"https:\/\/www.europesays.com\/fr\/wp-json\/wp\/v2\/posts\/452049","targetHints":{"allow":["GET"]}}],"collection":[{"href":"https:\/\/www.europesays.com\/fr\/wp-json\/wp\/v2\/posts"}],"about":[{"href":"https:\/\/www.europesays.com\/fr\/wp-json\/wp\/v2\/types\/post"}],"author":[{"embeddable":true,"href":"https:\/\/www.europesays.com\/fr\/wp-json\/wp\/v2\/users\/2"}],"replies":[{"embeddable":true,"href":"https:\/\/www.europesays.com\/fr\/wp-json\/wp\/v2\/comments?post=452049"}],"version-history":[{"count":0,"href":"https:\/\/www.europesays.com\/fr\/wp-json\/wp\/v2\/posts\/452049\/revisions"}],"wp:featuredmedia":[{"embeddable":true,"href":"https:\/\/www.europesays.com\/fr\/wp-json\/wp\/v2\/media\/452050"}],"wp:attachment":[{"href":"https:\/\/www.europesays.com\/fr\/wp-json\/wp\/v2\/media?parent=452049"}],"wp:term":[{"taxonomy":"category","embeddable":true,"href":"https:\/\/www.europesays.com\/fr\/wp-json\/wp\/v2\/categories?post=452049"},{"taxonomy":"post_tag","embeddable":true,"href":"https:\/\/www.europesays.com\/fr\/wp-json\/wp\/v2\/tags?post=452049"}],"curies":[{"name":"wp","href":"https:\/\/api.w.org\/{rel}","templated":true}]}}