{"id":452059,"date":"2025-10-10T08:22:15","date_gmt":"2025-10-10T08:22:15","guid":{"rendered":"https:\/\/www.europesays.com\/fr\/452059\/"},"modified":"2025-10-10T08:22:15","modified_gmt":"2025-10-10T08:22:15","slug":"lunion-europeenne-demande-des-comptes-a-apple-google-snapchat-et-youtube","status":"publish","type":"post","link":"https:\/\/www.europesays.com\/fr\/452059\/","title":{"rendered":"l&rsquo;Union europ\u00e9enne demande des comptes \u00e0 Apple, Google, Snapchat et Youtube"},"content":{"rendered":"<p>L\u2019UE a demand\u00e9 \u00e0 Apple, Google, Snapchat et YouTube de prouver leur conformit\u00e9 au DSA, afin de mieux prot\u00e9ger les mineurs sur leurs plateformes num\u00e9riques.<\/p>\n<p>L&rsquo;Union europ\u00e9enne a annonc\u00e9 vendredi avoir envoy\u00e9 des demandes d&rsquo;information \u00e0 plusieurs entreprises de la tech pour v\u00e9rifier si elles respectaient bien leurs obligations en mati\u00e8re de protection des mineurs.<\/p>\n<p>Les demandes ont \u00e9t\u00e9 envoy\u00e9es <a href=\"https:\/\/www.bfmtv.com\/tech\/google\/vous-n-etes-pas-une-tpe-pme-au-senat-l-audition-de-google-france-tourne-au-vinaigre_AV-202503250340.html\" title=\"&quot;Vous n\u2019\u00eates pas une TPE-PME&quot;: au S\u00e9nat, l&#039;audition de Google France tourne au vinaigre\" class=\"internal_link\" rel=\"nofollow noopener\" target=\"_blank\">aux magasins d&rsquo;applications d&rsquo;Apple et de Google (l&rsquo;App Store et Google Play Store)<\/a>, au r\u00e9seau social Snapchat, ainsi qu&rsquo;\u00e0 Youtube, a pr\u00e9cis\u00e9 \u00e0 la presse la commissaire europ\u00e9enne charg\u00e9e du Num\u00e9rique, Henna Virkkunen, avant une r\u00e9union minist\u00e9rielle \u00e0 Copenhague.<\/p>\n<p>Il s&rsquo;agit de v\u00e9rifier leur conformit\u00e9 avec les obligations en mati\u00e8re de protection des enfants d\u00e9coulant du r\u00e8glement sur les contenus num\u00e9riques, le <a href=\"https:\/\/www.bfmtv.com\/tech\/actualites\/reseaux-sociaux\/l-europe-degaine-vendredi-le-dsa-sa-super-arme-pour-reguler-les-reseaux-sociaux_AD-202308230197.html\" title=\"L&#039;Europe d\u00e9gaine vendredi le DSA, sa super-arme pour r\u00e9guler les r\u00e9seaux sociaux\" class=\"internal_link\" rel=\"nofollow noopener\" target=\"_blank\">Digital Service Act (DSA)<\/a>.<\/p>\n<p>Pas encore d&rsquo;enqu\u00eates formelles<\/p>\n<p>\u00ab\u00a0Nous devons nous assurer que les contenus auxquels nos enfants acc\u00e8dent en ligne sont appropri\u00e9s \u00e0 leur \u00e2ge, et c&rsquo;est pourquoi nous avons mis en place le DSA, et il pr\u00e9voit clairement que lorsque les enfants utilisent des services en ligne, de tr\u00e8s hauts niveaux de protection de la vie priv\u00e9e et de s\u00e9curit\u00e9 doivent s&rsquo;appliquer, et ce n&rsquo;est pas toujours le cas\u00a0\u00bb, a-t-elle expliqu\u00e9.<\/p>\n<p>Ces d\u00e9marches, qui ne constituent pas encore des enqu\u00eates formelles, s&rsquo;appuient sur le vaste arsenal juridique dont <a href=\"https:\/\/www.bfmtv.com\/tech\/tiktok\/l-europe-accuse-tiktok-de-violer-des-regles-encadrant-la-publicite-en-ligne_AD-202505150365.html\" title=\"L&#039;Europe accuse Tiktok de violer des r\u00e8gles encadrant la publicit\u00e9 en ligne\" class=\"internal_link\" rel=\"nofollow noopener\" target=\"_blank\">l&rsquo;Europe dispose pour r\u00e9guler la tech \u00e0 travers le DSA<\/a>.<\/p>\n<p>D\u00e9sinformation, haine en ligne, contrefa\u00e7ons ou produits dangereux, ce texte vise \u00e0 prot\u00e9ger les utilisateurs europ\u00e9ens en imposant aux plateformes des obligations. Les manquements \u00e0 ces r\u00e8gles peuvent leur valoir des amendes pesant jusqu&rsquo;\u00e0 6% de leur chiffre d&rsquo;affaires annuel mondial.<\/p>\n<p>Meta, Tiktok, AliExpress aussi dans le viseur de l&rsquo;UE<\/p>\n<p>Bruxelles a d\u00e9j\u00e0 ouvert de nombreuses enqu\u00eates dans le cadre du DSA, ciblant les plateformes de Meta, Facebook et Instagram, mais aussi Tiktok, X, et le site chinois Aliexpress. La commission a annonc\u00e9 ces nouvelles demandes d&rsquo;information \u00e0 l&rsquo;occasion d&rsquo;une r\u00e9union des ministres europ\u00e9ens des t\u00e9l\u00e9coms \u00e0 Copenhague, o\u00f9 la question de l&rsquo;interdiction des r\u00e9seaux sociaux aux enfants sera abord\u00e9e.<\/p>\n<p>Le Danemark, qui exerce la pr\u00e9sidence tournante de l&rsquo;UE, et plusieurs autres Etats membres, veulent en profiter pour apporter leur soutien <a href=\"https:\/\/www.bfmtv.com\/international\/europe\/ursula-von-der-leyen-echappe-a-la-motion-de-censure-de-l-extreme-droite-et-a-celle-de-la-gauche-radicale_AD-202510090598.html\" title=\"Ursula von der Leyen \u00e9chappe \u00e0 la motion de censure de l\u2019extr\u00eame droite et \u00e0 celle de la gauche radicale\" class=\"internal_link\" rel=\"nofollow noopener\" target=\"_blank\">\u00e0 la pr\u00e9sidente de la Commission europ\u00e9enne, Ursula von der Leyen<\/a>.<\/p>\n<p>Cette derni\u00e8re s&rsquo;est prononc\u00e9e en septembre pour de telles interdictions, estimant que les r\u00e9seaux sociaux devraient \u00eatre interdits aux enfants au m\u00eame titre que le tabac ou l&rsquo;alcool, et elle a lanc\u00e9 une r\u00e9flexion pour voir s&rsquo;il fallait fixer un \u00e2ge de majorit\u00e9 num\u00e9rique \u00e0 l&rsquo;\u00e9chelle de toute l&rsquo;UE.<\/p>\n","protected":false},"excerpt":{"rendered":"L\u2019UE a demand\u00e9 \u00e0 Apple, Google, Snapchat et YouTube de prouver leur conformit\u00e9 au DSA, afin de mieux&hellip;\n","protected":false},"author":2,"featured_media":452060,"comment_status":"","ping_status":"","sticky":false,"template":"","format":"standard","meta":{"footnotes":""},"categories":[1586],"tags":[11,1777,674,1779,1011,27,12,25,1778,364],"class_list":{"0":"post-452059","1":"post","2":"type-post","3":"status-publish","4":"format-standard","5":"has-post-thumbnail","7":"category-europe","8":"tag-actualites","9":"tag-eu","10":"tag-europe","11":"tag-european-union","12":"tag-fr","13":"tag-france","14":"tag-news","15":"tag-republique-francaise","16":"tag-ue","17":"tag-union-europeenne"},"share_on_mastodon":{"url":"https:\/\/pubeurope.com\/@fr\/115348907311630547","error":""},"_links":{"self":[{"href":"https:\/\/www.europesays.com\/fr\/wp-json\/wp\/v2\/posts\/452059","targetHints":{"allow":["GET"]}}],"collection":[{"href":"https:\/\/www.europesays.com\/fr\/wp-json\/wp\/v2\/posts"}],"about":[{"href":"https:\/\/www.europesays.com\/fr\/wp-json\/wp\/v2\/types\/post"}],"author":[{"embeddable":true,"href":"https:\/\/www.europesays.com\/fr\/wp-json\/wp\/v2\/users\/2"}],"replies":[{"embeddable":true,"href":"https:\/\/www.europesays.com\/fr\/wp-json\/wp\/v2\/comments?post=452059"}],"version-history":[{"count":0,"href":"https:\/\/www.europesays.com\/fr\/wp-json\/wp\/v2\/posts\/452059\/revisions"}],"wp:featuredmedia":[{"embeddable":true,"href":"https:\/\/www.europesays.com\/fr\/wp-json\/wp\/v2\/media\/452060"}],"wp:attachment":[{"href":"https:\/\/www.europesays.com\/fr\/wp-json\/wp\/v2\/media?parent=452059"}],"wp:term":[{"taxonomy":"category","embeddable":true,"href":"https:\/\/www.europesays.com\/fr\/wp-json\/wp\/v2\/categories?post=452059"},{"taxonomy":"post_tag","embeddable":true,"href":"https:\/\/www.europesays.com\/fr\/wp-json\/wp\/v2\/tags?post=452059"}],"curies":[{"name":"wp","href":"https:\/\/api.w.org\/{rel}","templated":true}]}}