{"id":452061,"date":"2025-10-10T08:23:12","date_gmt":"2025-10-10T08:23:12","guid":{"rendered":"https:\/\/www.europesays.com\/fr\/452061\/"},"modified":"2025-10-10T08:23:12","modified_gmt":"2025-10-10T08:23:12","slug":"en-direct-nouveau-premier-ministre-jean-luc-melenchon-plaide-plutot-pour-une-election-presidentielle-anticipee-liberation","status":"publish","type":"post","link":"https:\/\/www.europesays.com\/fr\/452061\/","title":{"rendered":"EN DIRECT &#8211; Nouveau Premier ministre\u00a0: Jean-Luc M\u00e9lenchon plaide plut\u00f4t pour \u00abune \u00e9lection pr\u00e9sidentielle anticip\u00e9e\u00bb \u2013 Lib\u00e9ration"},"content":{"rendered":"<p class=\"sc-cPiKLX AiZTS text-element\">Interrog\u00e9 ce vendredi matin sur RTL au sujet d\u2019une \u00e9ventuelle nomination \u00e0 Matignon ou \u00e0 Bercy, le patron de la Banque de France a balay\u00e9 ces hypoth\u00e8ses d\u2019un revers de la main. \u00abA chacun sa mission pour servir son pays, la mienne est \u00e0 la Banque de France\u00bb, a affirm\u00e9 Fran\u00e7ois Villeroy de Galhau. \u00abMoi je suis comme tous les Fran\u00e7ais, j\u2019aime notre pays. J\u2019en ai assez de ce g\u00e2chis politique. Il est temps de passer des compromis &#8211; ce n\u2019est pas un mot injurieux &#8211; et de faire des coalitions comme en Espagne, en Gr\u00e8ce, ou en Italie\u00bb, a conclu le gouverneur de la Banque de France. Depuis quelques jours, son nom circule pour Matignon, \u00e0 c\u00f4t\u00e9 de celui de Pierre Moscovici, le patron de la Cour des comptes, dans la cat\u00e9gorie \u00abprofils techniques\u00bb. <\/p>\n","protected":false},"excerpt":{"rendered":"Interrog\u00e9 ce vendredi matin sur RTL au sujet d\u2019une \u00e9ventuelle nomination \u00e0 Matignon ou \u00e0 Bercy, le patron&hellip;\n","protected":false},"author":2,"featured_media":452062,"comment_status":"","ping_status":"","sticky":false,"template":"","format":"standard","meta":{"footnotes":""},"categories":[2],"tags":[11,1073,1011,27,3228,12,429,25,11067],"class_list":{"0":"post-452061","1":"post","2":"type-post","3":"status-publish","4":"format-standard","5":"has-post-thumbnail","7":"category-actualites","8":"tag-actualites","9":"tag-emmanuel-macron","10":"tag-fr","11":"tag-france","12":"tag-lr","13":"tag-news","14":"tag-ps","15":"tag-republique-francaise","16":"tag-sebastien-lecornu"},"share_on_mastodon":{"url":"https:\/\/pubeurope.com\/@fr\/115348911227678866","error":""},"_links":{"self":[{"href":"https:\/\/www.europesays.com\/fr\/wp-json\/wp\/v2\/posts\/452061","targetHints":{"allow":["GET"]}}],"collection":[{"href":"https:\/\/www.europesays.com\/fr\/wp-json\/wp\/v2\/posts"}],"about":[{"href":"https:\/\/www.europesays.com\/fr\/wp-json\/wp\/v2\/types\/post"}],"author":[{"embeddable":true,"href":"https:\/\/www.europesays.com\/fr\/wp-json\/wp\/v2\/users\/2"}],"replies":[{"embeddable":true,"href":"https:\/\/www.europesays.com\/fr\/wp-json\/wp\/v2\/comments?post=452061"}],"version-history":[{"count":0,"href":"https:\/\/www.europesays.com\/fr\/wp-json\/wp\/v2\/posts\/452061\/revisions"}],"wp:featuredmedia":[{"embeddable":true,"href":"https:\/\/www.europesays.com\/fr\/wp-json\/wp\/v2\/media\/452062"}],"wp:attachment":[{"href":"https:\/\/www.europesays.com\/fr\/wp-json\/wp\/v2\/media?parent=452061"}],"wp:term":[{"taxonomy":"category","embeddable":true,"href":"https:\/\/www.europesays.com\/fr\/wp-json\/wp\/v2\/categories?post=452061"},{"taxonomy":"post_tag","embeddable":true,"href":"https:\/\/www.europesays.com\/fr\/wp-json\/wp\/v2\/tags?post=452061"}],"curies":[{"name":"wp","href":"https:\/\/api.w.org\/{rel}","templated":true}]}}