{"id":452073,"date":"2025-10-10T08:31:15","date_gmt":"2025-10-10T08:31:15","guid":{"rendered":"https:\/\/www.europesays.com\/fr\/452073\/"},"modified":"2025-10-10T08:31:15","modified_gmt":"2025-10-10T08:31:15","slug":"binder-espere-un-tournant-apres-son-premier-top-5-de-la-saison","status":"publish","type":"post","link":"https:\/\/www.europesays.com\/fr\/452073\/","title":{"rendered":"Binder esp\u00e8re un \u00ab\u00a0tournant\u00a0\u00bb apr\u00e8s son premier top 5 de la saison"},"content":{"rendered":"<p>Les espoirs de KTM ont surtout repos\u00e9 sur les \u00e9paules de <a href=\"https:\/\/fr.motorsport.com\/driver\/pedro-acosta\/840236\/\" target=\"_blank\" rel=\"noopener\">Pedro Acosta<\/a> lors des derni\u00e8res courses. L&rsquo;Espagnol a \u00e9t\u00e9 le seul repr\u00e9sentant de la marque en Q2 au cours des trois derniers Grands Prix, pendant que les autres pilotes des machines autrichiennes apparaissaient en difficult\u00e9, \u00e0 commencer par <a href=\"https:\/\/fr.motorsport.com\/driver\/brad-binder\/109383\/\" target=\"_blank\" rel=\"noopener\">Brad Binder<\/a>. Ce dernier a n\u00e9anmoins conclu un GP d&rsquo;Indon\u00e9sie mal embarqu\u00e9 \u00e0 une belle quatri\u00e8me place.<\/p>\n<p>Le Sud-Africain n&rsquo;\u00e9tait que 15e sur la grille mais il a gagn\u00e9 six places d\u00e8s le premier tour, aid\u00e9 par plusieurs incidents, et a ensuite multipli\u00e9 les d\u00e9passements dans un groupe rest\u00e9 tr\u00e8s dense. Binder attribue cette remont\u00e9e \u00e0 de meilleurs r\u00e9glages sur sa moto, gr\u00e2ce auxquels il a gagn\u00e9 en confiance sur l&rsquo;avant.<\/p>\n<p>\u00ab\u00a0Je suis tr\u00e8s content du d\u00e9roulement de cette journ\u00e9e\u00a0\u00bb, a d\u00e9clar\u00e9 le pilote KTM dimanche. \u00ab\u00a0On a fait un assez gros changement lors du warm-up et je me suis imm\u00e9diatement senti beaucoup plus confiant avec l&rsquo;avant. Je sentais que je tournais un peu mieux, l&rsquo;avant paraissait un peu plus &lsquo;plant\u00e9&rsquo;, donc \u00e7a m&rsquo;a donn\u00e9 une bonne confiance pour attaquer en course.\u00a0\u00bb<\/p>\n<p>Ces changements ont permis \u00e0 Binder de multiplier les d\u00e9passements\u00a0:\u00a0\u00ab\u00a0Je suis content d&rsquo;avoir pu remonter dans le classement, et surtout d&rsquo;avoir fait beaucoup mieux que ma position de d\u00e9part. C&rsquo;est la premi\u00e8re fois depuis un moment que je vais de l&rsquo;avant, donc je suis vraiment content de \u00e7a.\u00a0Je suis impatient de voir si on peut rester dans la dynamique trouv\u00e9e aujourd&rsquo;hui. En tout cas, je suis content d&rsquo;avoir un peu \u00e9t\u00e9 de retour dans la lutte.\u00a0\u00bb<\/p>\n<p>   <img decoding=\"async\" draggable=\"false\" src=\"https:\/\/www.europesays.com\/fr\/wp-content\/uploads\/2025\/10\/brad-binder-red-bull-ktm-facto.jpg\" alt=\"Brad Binder, Red Bull KTM Factory Racing\" width=\"1200\" height=\"800\" loading=\"lazy\"\/> <\/p>\n<p class=\"title\">Brad Binder a pu r\u00e9aliser des d\u00e9passements en course.<\/p>\n<p class=\"photographer\">Photo de: Gold and Goose Photography \/ LAT Images \/ via Getty Images<\/p>\n<p>\u00ab\u00a0C&rsquo;\u00e9tait sympa de se battre de nouveau face aux autres\u00a0\u00bb, a-t-il soulign\u00e9. \u00ab\u00a0R\u00e9cemment, on \u00e9tait juste coinc\u00e9s dans un groupe et c&rsquo;\u00e9tait tout. On devait attendre, parce qu&rsquo;on n&rsquo;avait pas le rythme pour remonter, l&rsquo;avant s&rsquo;usait et je n&rsquo;avais pas vraiment les sensations pour attaquer. C&rsquo;est sympa de pouvoir \u00eatre dans la lutte.\u00a0\u00bb<\/p>\n<blockquote>\n<p>J&rsquo;esp\u00e8re vraiment que c&rsquo;est un tournant pour moi parce que j&rsquo;ai eu une saison vraiment, vraiment, vraiment dure.<\/p>\n<\/blockquote>\n<p>Fort de ces changements techniques qui ont men\u00e9 \u00e0 un premier top 5 en course principale cette saison, Brad Binder esp\u00e8re entrer dans une dynamique plus positive pour la fin de la saison. Il reste n\u00e9anmoins prudent, Mandalika ayant offert une hi\u00e9rarchie tr\u00e8s atypique, avant la visite de plusieurs circuits eux aussi particuliers mais d&rsquo;un autre genre.<\/p>\n<p>\u00ab\u00a0J&rsquo;esp\u00e8re vraiment que c&rsquo;est un tournant pour moi parce que j&rsquo;ai eu une saison vraiment, vraiment, vraiment dure. C&rsquo;est bien d&rsquo;\u00eatre de nouveau quatri\u00e8me, c&rsquo;\u00e9tait bien de me battre avec les gars, mais c&rsquo;est tr\u00e8s sp\u00e9cial ici. On a un niveau d&rsquo;adh\u00e9rence super faible, des pneus bizarres. On verra quand on sera de retour en Europe.\u00a0\u00bb<\/p>\n<p>\u00ab\u00a0C&rsquo;est s\u00fbr que je suis plus en confiance sur la moto, mais Phillip Island est totalement diff\u00e9rent\u00a0\u00bb, a rappel\u00e9 Binder. \u00ab\u00a0C&rsquo;est un circuit super rapide, super fluide. On aura la carcasse normale \u00e0 l&rsquo;arri\u00e8re, donc il y aura beaucoup plus d&rsquo;adh\u00e9rence. Ce sera int\u00e9ressant, on verra. En tout cas, si j&rsquo;ai \u00e0 nouveau de bonnes sensations et que je sens que je peux un peu attaquer, \u00e7a fera une tr\u00e8s grosse diff\u00e9rence.\u00a0\u00bb<\/p>\n<p>Lire aussi :<\/p>\n<p>            Votre avis nous int\u00e9resse !<\/p>\n<p class=\"mt-auto\">Qu&rsquo;aimeriez-vous voir sur Motorsport.com ?<\/p>\n<p>            <a href=\"#\" class=\"ms-link text-link font-bold\">R\u00e9pondez \u00e0 notre enqu\u00eate de 5 minutes.<\/a><\/p>\n<p class=\"mt-1 font-info text-body\">&#8211; L&rsquo;\u00e9quipe Motorsport.com<\/p>\n","protected":false},"excerpt":{"rendered":"Les espoirs de KTM ont surtout repos\u00e9 sur les \u00e9paules de Pedro Acosta lors des derni\u00e8res courses. L&rsquo;Espagnol&hellip;\n","protected":false},"author":2,"featured_media":452074,"comment_status":"","ping_status":"","sticky":false,"template":"","format":"standard","meta":{"footnotes":""},"categories":[1413],"tags":[57776,3376,1011,27,55763,55764,1457,1456,1458,3068,60],"class_list":{"0":"post-452073","1":"post","2":"type-post","3":"status-publish","4":"format-standard","5":"has-post-thumbnail","7":"category-moto","8":"tag-binder-espu00e8re-un-tournant-apru00e8s-son-premier-top-5-de-la-saison","9":"tag-brad-binder","10":"tag-fr","11":"tag-france","12":"tag-gp-dindonu00e9sie","13":"tag-mandalika-international-street-circuit","14":"tag-moto","15":"tag-motocycle","16":"tag-motogp","17":"tag-red-bull-ktm-factory-racing","18":"tag-sports"},"share_on_mastodon":{"url":"https:\/\/pubeurope.com\/@fr\/115348943059532240","error":""},"_links":{"self":[{"href":"https:\/\/www.europesays.com\/fr\/wp-json\/wp\/v2\/posts\/452073","targetHints":{"allow":["GET"]}}],"collection":[{"href":"https:\/\/www.europesays.com\/fr\/wp-json\/wp\/v2\/posts"}],"about":[{"href":"https:\/\/www.europesays.com\/fr\/wp-json\/wp\/v2\/types\/post"}],"author":[{"embeddable":true,"href":"https:\/\/www.europesays.com\/fr\/wp-json\/wp\/v2\/users\/2"}],"replies":[{"embeddable":true,"href":"https:\/\/www.europesays.com\/fr\/wp-json\/wp\/v2\/comments?post=452073"}],"version-history":[{"count":0,"href":"https:\/\/www.europesays.com\/fr\/wp-json\/wp\/v2\/posts\/452073\/revisions"}],"wp:featuredmedia":[{"embeddable":true,"href":"https:\/\/www.europesays.com\/fr\/wp-json\/wp\/v2\/media\/452074"}],"wp:attachment":[{"href":"https:\/\/www.europesays.com\/fr\/wp-json\/wp\/v2\/media?parent=452073"}],"wp:term":[{"taxonomy":"category","embeddable":true,"href":"https:\/\/www.europesays.com\/fr\/wp-json\/wp\/v2\/categories?post=452073"},{"taxonomy":"post_tag","embeddable":true,"href":"https:\/\/www.europesays.com\/fr\/wp-json\/wp\/v2\/tags?post=452073"}],"curies":[{"name":"wp","href":"https:\/\/api.w.org\/{rel}","templated":true}]}}