{"id":452077,"date":"2025-10-10T08:33:10","date_gmt":"2025-10-10T08:33:10","guid":{"rendered":"https:\/\/www.europesays.com\/fr\/452077\/"},"modified":"2025-10-10T08:33:10","modified_gmt":"2025-10-10T08:33:10","slug":"arthur-blaise-frustre-au-chrono-comble-sur-la-course-en-ligne-actualite","status":"publish","type":"post","link":"https:\/\/www.europesays.com\/fr\/452077\/","title":{"rendered":"Arthur Blaise, frustr\u00e9 au chrono, combl\u00e9 sur la course en ligne &#8211; Actualit\u00e9"},"content":{"rendered":"<p style=\"text-align: justify;\">Sentiment mitig\u00e9 pour\u00a0<strong><a href=\"https:\/\/www.directvelo.com\/coureur\/41983\/arthur-blaise\" target=\"_blank\" rel=\"noopener\">Arthur Blaise<\/a><\/strong> sur le dernier Championnat d&rsquo;Europe. La semaine du coureur de Decathlon AG2R La Mondiale avait bien mal commenc\u00e9, avec une tr\u00e8s grosse d\u00e9ception sur le contre-la-montre, discipline dans laquelle il est Champion de France en titre chez les Espoirs. La faute \u00e0 une mauvaise tenue. \u00ab\u00a0J\u2019\u00e9tais vraiment d\u00e9\u00e7u. J\u2019ai tellement boss\u00e9 ces derniers mois que c\u2019\u00e9tait incompr\u00e9hensible. On ne pouvait pas essayer les combinaisons, et j\u2019en ai pris une trop petite. \u00c7a m\u2019a fait comme un garrot au niveau de l\u2019aine. C&rsquo;\u00e9tait impossible de pousser comme je le devais. Au premier interm\u00e9diaire, j\u2019\u00e9tais 2e, mais d\u00e9j\u00e0 bien loin de mes watts pr\u00e9visionnels. Je sentais que c\u2019\u00e9tait impossible de continuer \u00e0 ce rythme au bout de vingt minutes\u00a0\u00bb.<\/p>\n<p>S&rsquo;il s&rsquo;attendait \u00e0 mieux, Arthur Blaise s&rsquo;en est quand m\u00eame tir\u00e9 dans le Top 10 malgr\u00e9 ses difficult\u00e9s. \u00ab\u00a0Depuis le Championnat de France, j\u2019ai repris pas mal de confiance dans mes capacit\u00e9s en chrono. C\u2019\u00e9tait des heures et des heures sur le chrono \u00e0 la maison. J\u2019ai r\u00e9alis\u00e9 des s\u00e9ances test qui \u00e9taient vraiment encourageantes pour jouer la gagne sur ce chrono. \u00catre aussi loin alors que les sensations \u00e9taient bonnes avant la course, c\u2019est tr\u00e8s frustrant\u00a0\u00bb. Absent au Rwanda, le sp\u00e9cialiste du contre-la-montre n&rsquo;avait pas de probl\u00e8me avec la d\u00e9cision de son s\u00e9lectionneur, puisqu&rsquo;un seul quota \u00e9tait permis par la F\u00e9d\u00e9ration. \u00ab\u00a0J\u2019\u00e9tais compl\u00e8tement en phase avec \u00e7a, c\u2019\u00e9tait logique de laisser Maxime faire le chrono au Rwanda. En plus, la course en ligne \u00e9tait tr\u00e8s dure, et il fallait encha\u00eener les deux\u00a0\u00bb.<\/p>\n<p><strong>\u00ab QUAND JE ME SENS BIEN, JE PEUX M&rsquo;EN SORTIR SUR \u00c0 PEU PR\u00c8S N&rsquo;IMPORTE QUEL TERRAIN \u00bb<\/strong><\/p>\n<p>Avec deux quotas cette fois, il n&rsquo;y avait pas de probl\u00e8me au Championnat d&rsquo;Europe. Mais l&rsquo;encha\u00eenement avec la course en ligne derri\u00e8re \u00e9tait tout aussi difficile vu le profil de l&rsquo;\u00e9preuve. Mais cette fois, Arthur Blaise \u00e9tait bien plus heureux \u00e0 l&rsquo;issue de sa course. \u00ab\u00a0Je me suis senti vraiment bien sur un parcours qui ne me correspond pas trop. Je pense que peu de gens s\u2019attendaient \u00e0 me voir aussi \u00e0 l\u2019aise sur un parcours aussi exigeant\u00a0\u00bb. Le 17e du Tour du Danemark a donn\u00e9 de sa personne mais a subi les \u00e0-coups des favoris dans les mont\u00e9es, comme Jarno Widar. \u00ab\u00a0\u00c0 chaque fois, je m\u2019accrochais sur les efforts punchy. Je n\u2019\u00e9tais pas loin, et je revenais quand c\u2019\u00e9tait un peu plus roulant. Je pense que je dois \u00eatre Champion d\u2019Europe des 75 kilos\u00a0\u00bb, sourit-il.<\/p>\n<p>Les efforts explosifs pourraient \u00eatre un axe de progression pour l&rsquo;Espoir 2. \u00ab\u00a0J&rsquo;ai encore du mal. Je vais vraiment essayer de progresser l\u00e0-dessus l\u2019ann\u00e9e prochaine\u00a0\u00bb. Arthur Blaise s&rsquo;en sort avec une belle place d&rsquo;honneur, dans le Top 15, derri\u00e8re les principaux favoris de l&rsquo;\u00e9preuve, dont Maxime Decomble qui est all\u00e9 chercher l&rsquo;argent. \u00ab\u00a0Je les voyais en haut, mais on \u00e9tait cuits avec les gars autour de moi. J\u2019ai essay\u00e9 de faire de mon mieux pour aller chercher une petite place\u00a0\u00bb. \u00c0 Paris-Tours Espoirs ce week-end, il devrait trouver un meilleur terrain pour lui. \u00ab\u00a0Quand je me sens bien, je peux m\u2019en sortir sur \u00e0 peu pr\u00e8s n\u2019importe quel terrain. Sur un parcours qui me correspond vraiment, j\u2019ai bon espoir que \u00e7a se passe bien. On y va pour jouer la gagne. Je me sens super bien, et Antoine (L\u2019hote) doit \u00e9galement \u00eatre en forme\u00a0\u00bb. Decathlon AG2R La Mondiale ne manquera pas de cartes.<\/p>\n","protected":false},"excerpt":{"rendered":"Sentiment mitig\u00e9 pour\u00a0Arthur Blaise sur le dernier Championnat d&rsquo;Europe. La semaine du coureur de Decathlon AG2R La Mondiale&hellip;\n","protected":false},"author":2,"featured_media":452078,"comment_status":"","ping_status":"","sticky":false,"template":"","format":"standard","meta":{"footnotes":""},"categories":[1411],"tags":[834,828,836,829,837,827,83,826,824,823,1154,207,814,817,815,816,822,821,832,211,839,1011,27,820,818,819,835,831,830,833,838,60,212,208,825],"class_list":{"0":"post-452077","1":"post","2":"type-post","3":"status-publish","4":"format-standard","5":"has-post-thumbnail","7":"category-cyclisme","8":"tag-attaque","9":"tag-belgique","10":"tag-braquet","11":"tag-bretagne","12":"tag-chute","13":"tag-competition","14":"tag-coupe-de-france","15":"tag-coureur","16":"tag-course-cyclisme","17":"tag-course-cycliste","18":"tag-cycling","19":"tag-cyclisme","20":"tag-direct","21":"tag-direct-velo","22":"tag-directvelo","23":"tag-directvelo-com","24":"tag-epreuve","25":"tag-epreuve-cycliste","26":"tag-federation-francaise-de-cyclisme","27":"tag-ffc","28":"tag-flandres","29":"tag-fr","30":"tag-france","31":"tag-live","32":"tag-live-course","33":"tag-live-epreuve","34":"tag-peloton","35":"tag-radio-peloton","36":"tag-radio-tour","37":"tag-ravitaillement","38":"tag-relance","39":"tag-sports","40":"tag-uci","41":"tag-velo","42":"tag-velos"},"share_on_mastodon":{"url":"https:\/\/pubeurope.com\/@fr\/115348950570252312","error":""},"_links":{"self":[{"href":"https:\/\/www.europesays.com\/fr\/wp-json\/wp\/v2\/posts\/452077","targetHints":{"allow":["GET"]}}],"collection":[{"href":"https:\/\/www.europesays.com\/fr\/wp-json\/wp\/v2\/posts"}],"about":[{"href":"https:\/\/www.europesays.com\/fr\/wp-json\/wp\/v2\/types\/post"}],"author":[{"embeddable":true,"href":"https:\/\/www.europesays.com\/fr\/wp-json\/wp\/v2\/users\/2"}],"replies":[{"embeddable":true,"href":"https:\/\/www.europesays.com\/fr\/wp-json\/wp\/v2\/comments?post=452077"}],"version-history":[{"count":0,"href":"https:\/\/www.europesays.com\/fr\/wp-json\/wp\/v2\/posts\/452077\/revisions"}],"wp:featuredmedia":[{"embeddable":true,"href":"https:\/\/www.europesays.com\/fr\/wp-json\/wp\/v2\/media\/452078"}],"wp:attachment":[{"href":"https:\/\/www.europesays.com\/fr\/wp-json\/wp\/v2\/media?parent=452077"}],"wp:term":[{"taxonomy":"category","embeddable":true,"href":"https:\/\/www.europesays.com\/fr\/wp-json\/wp\/v2\/categories?post=452077"},{"taxonomy":"post_tag","embeddable":true,"href":"https:\/\/www.europesays.com\/fr\/wp-json\/wp\/v2\/tags?post=452077"}],"curies":[{"name":"wp","href":"https:\/\/api.w.org\/{rel}","templated":true}]}}