{"id":452079,"date":"2025-10-10T08:34:09","date_gmt":"2025-10-10T08:34:09","guid":{"rendered":"https:\/\/www.europesays.com\/fr\/452079\/"},"modified":"2025-10-10T08:34:09","modified_gmt":"2025-10-10T08:34:09","slug":"stassin-repond-sans-detour","status":"publish","type":"post","link":"https:\/\/www.europesays.com\/fr\/452079\/","title":{"rendered":"Stassin r\u00e9pond sans d\u00e9tour !"},"content":{"rendered":"<p data-start=\"402\" data-end=\"808\"><strong>Dans un entretien accord\u00e9 \u00e0 <a href=\"https:\/\/www.dhnet.be\/sports\/football\/diablesrouges\/2025\/10\/09\/transfert-rate-diables-rouges-mercato-dhiver-et-coupe-du-monde-lucas-stassin-dit-tout-saint-etienne-a-tout-bloque-meme-larabie-saoudite-Z2JRWOJKPJAMPI32ELCKFTJSWM\/\" rel=\"nofollow noopener\" target=\"_blank\">La DH Les Sports+<\/a>, <a href=\"https:\/\/peuple-vert.fr\/joueurs\/lucas-stassin\/\" rel=\"nofollow noopener\" target=\"_blank\">Lucas Stassin<\/a> a \u00e9voqu\u00e9 sans d\u00e9tour les convoitises dont il a fait l\u2019objet ces derni\u00e8res semaines. L\u2019attaquant belge, actuellement en r\u00e9ussite avec l\u2019AS Saint-\u00c9tienne, ne ferme pas la porte \u00e0 un d\u00e9part lors du mercato hivernal. Mais du c\u00f4t\u00e9 des dirigeants st\u00e9phanois, la position est claire : pas question de laisser filer l\u2019un des joyaux de la maison verte.<\/strong><\/p>\n<p data-start=\"866\" data-end=\"1338\">Titulaire indiscutable sous les ordres d\u2019Eirik Horneland, Lucas Stassin vit un d\u00e9but de saison aussi plein que prometteur. Avec 4 buts inscrits depuis le d\u00e9but de la saison de Ligue 2, l\u2019avant-centre belge s\u2019est impos\u00e9 comme une arme offensive majeure de l\u2019ASSE. Son sens du but, sa disponibilit\u00e9 dans le jeu et son volume d\u2019efforts ont conquis les supporters du Chaudron, d\u00e9j\u00e0 sous le charme depuis son inoubliable doubl\u00e9 face \u00e0 l\u2019Olympique Lyonnais la saison pass\u00e9e.<\/p>\n<p data-start=\"1340\" data-end=\"1761\">\u201cRennes est venu, il y a eu plusieurs autres clubs int\u00e9ress\u00e9s\u2026 Mais les n\u00e9gociations n\u2019ont pas abouti, l\u2019ASSE a refus\u00e9 toutes les offres\u201d, a confi\u00e9 Stassin \u00e0 nos confr\u00e8res belges. L\u2019attaquant, \u00e2g\u00e9 de 20 ans, confirme avoir suscit\u00e9 des int\u00e9r\u00eats concrets, notamment du Paris FC, ainsi que de clubs turcs et saoudiens. Mais les dirigeants st\u00e9phanois ont \u00e9t\u00e9 intraitables : aucune discussion ne pouvait aboutir.<\/p>\n<p>L\u2019ASSE a ferm\u00e9 la porte pour Stassin, et assume<\/p>\n<p data-start=\"1812\" data-end=\"2171\">Ivan Gazidis, pr\u00e9sident du club, et Huss Fahmy ont rapidement tranch\u00e9 : Stassin n\u2019est pas \u00e0 vendre. L\u2019ASSE, candidate d\u00e9clar\u00e9e \u00e0 la mont\u00e9e en Ligue 1, ne souhaite pas fragiliser un collectif encore en construction. La strat\u00e9gie est claire : consolider les fondations sportives et \u00e9conomiques du club avant d\u2019envisager des ventes.<\/p>\n<p data-start=\"2173\" data-end=\"2519\">\u201cLes dirigeants voulaient me garder. Ils ont des ambitions de mont\u00e9e tr\u00e8s rapides et demandaient un tr\u00e8s gros montant\u201d, a reconnu Stassin. Le message est limpide : pour Saint-\u00c9tienne, Lucas Stassin fait partie du projet \u00e0 long terme, celui qui doit ramener le club dans l\u2019\u00e9lite et, \u00e0 moyen terme, le repositionner sur la sc\u00e8ne europ\u00e9enne.<\/p>\n<p>Un mental d\u2019acier malgr\u00e9 la frustration<\/p>\n<p data-start=\"2575\" data-end=\"2874\">S\u2019il avoue avoir connu une p\u00e9riode difficile apr\u00e8s la fermeture du mercato, Stassin assure avoir tourn\u00e9 la page. \u201cJ\u2019ai eu la tr\u00eave pour dig\u00e9rer tout \u00e7a. Quand je suis revenu, je suis pass\u00e9 \u00e0 autre chose. Maintenant, je suis \u00e0 fond avec l\u2019ASSE et je pense que cela s\u2019est vu lors de mes matchs.\u201d<\/p>\n<p data-start=\"2876\" data-end=\"3286\">Son \u00e9tat d\u2019esprit force le respect dans un football o\u00f9 certains jeunes talents s\u2019\u00e9garent parfois sous le poids des sollicitations. Horneland, de son c\u00f4t\u00e9, salue un joueur \u201ctravailleur, lucide et en progression constante\u201d. \u00c0 seulement 20 ans, Stassin impressionne par sa maturit\u00e9 et son professionnalisme. Il sait que sa r\u00e9ussite \u00e0 Saint-\u00c9tienne peut \u00eatre un tremplin vers plus haut, mais sans br\u00fbler les \u00e9tapes.<\/p>\n<p>Un avenir ouvert\u2026 mais sous contr\u00f4le<\/p>\n<p data-start=\"3339\" data-end=\"3839\">\u201cJe ne ferme aucune porte pour janvier,\u201d glisse-t-il, lucide. \u201cSi un transfert peut m\u2019aider \u00e0 progresser, je l\u2019\u00e9tudierai. Mais mon objectif reste de r\u00e9ussir une grande saison ici.\u201d<br data-start=\"3523\" data-end=\"3526\"\/>Pour autant, rien n\u2019indique que l\u2019ASSE serait dispos\u00e9e \u00e0 changer de position cet hiver. Les Verts, plus que jamais candidats \u00e0 la mont\u00e9e, savent qu\u2019ils tiennent l\u00e0 un atout offensif rare \u00e0 ce niveau. Stassin, lui, encha\u00eene les performances et incarne cette g\u00e9n\u00e9ration ambitieuse voulue par Gazidis et Horneland.<\/p>\n<p data-start=\"3841\" data-end=\"4297\">Car l\u2019ASSE ne cache plus ses ambitions : retrouver la Ligue 1 d\u00e8s 2026, s\u2019y installer durablement, et, \u00e0 moyen terme, retrouver la sc\u00e8ne europ\u00e9enne. Stassin est au c\u0153ur de cette reconstruction, comme un talent catalyseur, un symbole du renouveau. \u201cM\u00eame si c\u2019est en Ligue 2, marquer des buts et \u00eatre d\u00e9cisif reste important pour la confiance d\u2019un attaquant. Je veux progresser, ici ou ailleurs, mais toujours en gardant l\u2019objectif de grandir.\u201d<\/p>\n<p>Stassin : Un chouchou du Chaudron au destin prometteur<\/p>\n<p data-start=\"4358\" data-end=\"4670\">Arriv\u00e9 de Westerlo \u00e0 l\u2019\u00e9t\u00e9 2024, Stassin a rapidement conquis Geoffroy-Guichard. Son engagement, son sens du but et son respect du maillot ont fait de lui l\u2019un des chouchous du public st\u00e9phanois. Avec d\u00e9j\u00e0 16 buts inscrits en Vert, il est d\u00e9j\u00e0 beaucoup plus qu&rsquo;un espoir pour le club.<\/p>\n<p data-start=\"4672\" data-end=\"4967\">Comme il le dit lui-m\u00eame, la Ligue 2 n\u2019est \u201cpas un frein, mais un tremplin\u201d, les Verts pourraient bien en profiter encore un peu avant de le voir s\u2019envoler vers un plus grand horizon. En attendant, Lucas Stassin poss\u00e8de un contrat qui court jusqu&rsquo;\u00e0 2029. De quoi garder la main sur un dossier br\u00fblant pour le board st\u00e9phanois. Dans cette optique, la mont\u00e9e en Ligue 1 pourrait \u00eatre d\u00e9terminante&#8230;<\/p>\n","protected":false},"excerpt":{"rendered":"Dans un entretien accord\u00e9 \u00e0 La DH Les Sports+, Lucas Stassin a \u00e9voqu\u00e9 sans d\u00e9tour les convoitises dont&hellip;\n","protected":false},"author":2,"featured_media":452080,"comment_status":"","ping_status":"","sticky":false,"template":"","format":"standard","meta":{"footnotes":""},"categories":[1410],"tags":[63,1011,27,60],"class_list":{"0":"post-452079","1":"post","2":"type-post","3":"status-publish","4":"format-standard","5":"has-post-thumbnail","7":"category-football","8":"tag-football","9":"tag-fr","10":"tag-france","11":"tag-sports"},"share_on_mastodon":{"url":"https:\/\/pubeurope.com\/@fr\/115348954612053812","error":""},"_links":{"self":[{"href":"https:\/\/www.europesays.com\/fr\/wp-json\/wp\/v2\/posts\/452079","targetHints":{"allow":["GET"]}}],"collection":[{"href":"https:\/\/www.europesays.com\/fr\/wp-json\/wp\/v2\/posts"}],"about":[{"href":"https:\/\/www.europesays.com\/fr\/wp-json\/wp\/v2\/types\/post"}],"author":[{"embeddable":true,"href":"https:\/\/www.europesays.com\/fr\/wp-json\/wp\/v2\/users\/2"}],"replies":[{"embeddable":true,"href":"https:\/\/www.europesays.com\/fr\/wp-json\/wp\/v2\/comments?post=452079"}],"version-history":[{"count":0,"href":"https:\/\/www.europesays.com\/fr\/wp-json\/wp\/v2\/posts\/452079\/revisions"}],"wp:featuredmedia":[{"embeddable":true,"href":"https:\/\/www.europesays.com\/fr\/wp-json\/wp\/v2\/media\/452080"}],"wp:attachment":[{"href":"https:\/\/www.europesays.com\/fr\/wp-json\/wp\/v2\/media?parent=452079"}],"wp:term":[{"taxonomy":"category","embeddable":true,"href":"https:\/\/www.europesays.com\/fr\/wp-json\/wp\/v2\/categories?post=452079"},{"taxonomy":"post_tag","embeddable":true,"href":"https:\/\/www.europesays.com\/fr\/wp-json\/wp\/v2\/tags?post=452079"}],"curies":[{"name":"wp","href":"https:\/\/api.w.org\/{rel}","templated":true}]}}