{"id":452081,"date":"2025-10-10T08:35:12","date_gmt":"2025-10-10T08:35:12","guid":{"rendered":"https:\/\/www.europesays.com\/fr\/452081\/"},"modified":"2025-10-10T08:35:12","modified_gmt":"2025-10-10T08:35:12","slug":"kris-jenner-70-ans-devient-blonde-et-fait-30-ans-tout-le-monde-veut-le-nom-de-son-chirurgien","status":"publish","type":"post","link":"https:\/\/www.europesays.com\/fr\/452081\/","title":{"rendered":"Kris Jenner, 70 ans, devient blonde et \u00ab\u00a0fait 30 ans\u00a0\u00bb : tout le monde veut le nom de son chirurgien"},"content":{"rendered":"<p>Chez les Kardashian-Jenner, la perfection n&rsquo;est pas un hasard\u2026 c&rsquo;est une v\u00e9ritable tradition ! De <a href=\"https:\/\/www.public.fr\/tag\/kim-kardashian\" target=\"_blank\" rel=\"noopener\">Kim<\/a> \u00e0 <a href=\"https:\/\/www.public.fr\/tag\/khloe-kardashian\" target=\"_blank\" rel=\"noopener\">Khlo\u00e9<\/a> en passant par <a href=\"https:\/\/www.public.fr\/tag\/kylie-jenner\" target=\"_blank\" rel=\"noopener\">Kylie<\/a> ou <a href=\"https:\/\/www.public.fr\/tag\/kendall-jenner\" target=\"_blank\" rel=\"noopener\">Kendall<\/a>, <strong>toutes les filles du clan sont d\u00e9j\u00e0 pass\u00e9es par la case bistouri. <\/strong><\/p>\n<p>L\u00e8vres repulp\u00e9es, nez redessin\u00e9s, silhouettes sculpt\u00e9es&#8230; rien ne semble \u00e9chapper \u00e0 leur qu\u00eate d&rsquo;un id\u00e9al toujours plus lisse.<\/p>\n<p><strong>Et la matriarche n&rsquo;a clairement pas dit son dernier mot ! \u00c0 l&rsquo;aube de ses 70 ans, <a href=\"https:\/\/www.public.fr\/tag\/kris-jenner\" target=\"_blank\" rel=\"noopener\">Kris Jenner<\/a> d\u00e9fie le temps et les rides. <\/strong><\/p>\n<p>Kim Kardashian : sa maman plus jeune que jamais<\/p>\n<p>Apr\u00e8s plusieurs retouches au fil des ans, la momager affiche aujourd&rsquo;hui une mine \u00e9clatante et un look totalement revisit\u00e9. Exit son iconique chevelure brune, elle s&rsquo;est en effet offert <strong>un blond platine ultra-tendance<\/strong>, coup\u00e9 en un carr\u00e9 court.<\/p>\n<p>Un changement capillaire audacieux qui la rajeunit instantan\u00e9ment et fait le buzz sur les r\u00e9seaux. Entre admiration et \u00e9tonnement, les internautes sont unanimes : <strong><a href=\"https:\/\/www.instagram.com\/krisjenner\/\" target=\"_blank\" rel=\"noreferrer noopener\">Kris Jenner<\/a> n&rsquo;a jamais paru aussi jeune\u2026<\/strong><\/p>\n<p>\u00ab\u00a0Oh mon Dieu, on dirait qu&rsquo;elle n&rsquo;a que 30 ans. J&rsquo;ai besoin de sa skin care routine parce qu&rsquo;elle est sublime\u00a0\u00bb, a comment\u00e9 un fan sur les r\u00e9seaux sociaux. <\/p>\n<p>\u00ab\u00a0<strong>Quelle est cette sorcellerie ?!<\/strong> Comment elle fait pour ressembler maintenant \u00e0 la plus jeune des s\u0153urs Jenner-Kardashian ? C&rsquo;est un pacte avec le diable ou quoi ? Parce que franchement, s&rsquo;il y a quelqu&rsquo;un de son \u00e9quipe qui voit \u00e7a, je suis partant pour en discuter !\u00a0\u00bb, a ajout\u00e9 un autre.<\/p>\n<p>Et un troisi\u00e8me de rench\u00e9rir : \u00ab\u00a0Je veux le nom de son chirurgien !\u00a0\u00bb Preuve que l&rsquo;apparence de Kris Jenner fascine les foules. <\/p>\n<p>Kris Jenner souhaite \u00ab\u00a0vieillir avec \u00e9l\u00e9gance\u00a0\u00bb<\/p>\n<p>La maman du clan le plus c\u00e9l\u00e8bre des \u00c9tats-Unis n&rsquo;a jamais cach\u00e9 son envie de rester jeune et belle. En ao\u00fbt dernier, elle s&rsquo;est d&rsquo;ailleurs confi\u00e9e sur son dernier lifting dans les colonnes de Vogue Arabia. <\/p>\n<p>\u00ab\u00a0<strong>J\u2019ai d\u00e9cid\u00e9 de faire ce lifting parce que je veux \u00eatre la meilleure version de moi-m\u00eame<\/strong>, et \u00e7a me rend heureuse\u00a0\u00bb, a-t-elle expliqu\u00e9.<\/p>\n<p>Pour elle, \u00ab\u00a0ce n\u2019est pas parce qu\u2019on vieillit qu\u2019on doit renoncer \u00e0 prendre soin de soi\u00a0\u00bb. \u00ab\u00a0Si vous vous sentez bien dans votre peau et que vous voulez vieillir naturellement, alors ne faites rien. Mais <strong>pour moi, c\u2019est \u00e7a vieillir avec \u00e9l\u00e9gance. C\u2019est ma version.<\/strong>\u00ab\u00a0<\/p>\n<p>      Mentionn\u00e9s dans cet article<\/p>\n<p>      Sur le m\u00eame sujet<\/p>\n<p>  <script async src=\"\/\/www.instagram.com\/embed.js\"><\/script><\/p>\n","protected":false},"excerpt":{"rendered":"Chez les Kardashian-Jenner, la perfection n&rsquo;est pas un hasard\u2026 c&rsquo;est une v\u00e9ritable tradition ! De Kim \u00e0 Khlo\u00e9&hellip;\n","protected":false},"author":2,"featured_media":452082,"comment_status":"","ping_status":"","sticky":false,"template":"","format":"standard","meta":{"footnotes":""},"categories":[1359],"tags":[58,59,1011,27,34342,973],"class_list":{"0":"post-452081","1":"post","2":"type-post","3":"status-publish","4":"format-standard","5":"has-post-thumbnail","7":"category-people","8":"tag-divertissement","9":"tag-entertainment","10":"tag-fr","11":"tag-france","12":"tag-kris-jenner","13":"tag-people"},"share_on_mastodon":{"url":"https:\/\/pubeurope.com\/@fr\/115348958295047626","error":""},"_links":{"self":[{"href":"https:\/\/www.europesays.com\/fr\/wp-json\/wp\/v2\/posts\/452081","targetHints":{"allow":["GET"]}}],"collection":[{"href":"https:\/\/www.europesays.com\/fr\/wp-json\/wp\/v2\/posts"}],"about":[{"href":"https:\/\/www.europesays.com\/fr\/wp-json\/wp\/v2\/types\/post"}],"author":[{"embeddable":true,"href":"https:\/\/www.europesays.com\/fr\/wp-json\/wp\/v2\/users\/2"}],"replies":[{"embeddable":true,"href":"https:\/\/www.europesays.com\/fr\/wp-json\/wp\/v2\/comments?post=452081"}],"version-history":[{"count":0,"href":"https:\/\/www.europesays.com\/fr\/wp-json\/wp\/v2\/posts\/452081\/revisions"}],"wp:featuredmedia":[{"embeddable":true,"href":"https:\/\/www.europesays.com\/fr\/wp-json\/wp\/v2\/media\/452082"}],"wp:attachment":[{"href":"https:\/\/www.europesays.com\/fr\/wp-json\/wp\/v2\/media?parent=452081"}],"wp:term":[{"taxonomy":"category","embeddable":true,"href":"https:\/\/www.europesays.com\/fr\/wp-json\/wp\/v2\/categories?post=452081"},{"taxonomy":"post_tag","embeddable":true,"href":"https:\/\/www.europesays.com\/fr\/wp-json\/wp\/v2\/tags?post=452081"}],"curies":[{"name":"wp","href":"https:\/\/api.w.org\/{rel}","templated":true}]}}