{"id":452085,"date":"2025-10-10T08:37:10","date_gmt":"2025-10-10T08:37:10","guid":{"rendered":"https:\/\/www.europesays.com\/fr\/452085\/"},"modified":"2025-10-10T08:37:10","modified_gmt":"2025-10-10T08:37:10","slug":"le-salon-du-livre-de-ceyreste-fete-ses-10-ans-avec-vincent-fernandel-et-christophe-licata","status":"publish","type":"post","link":"https:\/\/www.europesays.com\/fr\/452085\/","title":{"rendered":"Le Salon du livre de Ceyreste f\u00eate ses 10\u00a0ans avec Vincent Fernandel et Christophe Licata"},"content":{"rendered":"<p>Depuis 10\u00a0ans, l\u2019association Des mots, des livres &#8211; qui organise le Salon du livre &#8211; et sa chaleureuse pr\u00e9sidente Marie-Blanche Cordou, ont permis \u00e0 <a href=\"https:\/\/www.laprovence.com\/bouches-du-rhone\/ceyreste-13023\" target=\"_blank\" rel=\"noopener\">Ceyreste<\/a> d\u2019accueillir de nombreux \u00e9crivains prestigieux.<\/p>\n<p>\u00ab\u00a0J\u2019aimerais rendre hommage \u00e0 notre premier parrain Philippe Carrese, qui a donn\u00e9 l\u2019impulsion au salon, explique Marie-Blanche Cordou, l\u2019organisatrice du salon. Ensuite, nous avons eu la chance d\u2019avoir Sylvie Giono, fille de <a href=\"https:\/\/www.laprovence.com\/article\/sortie-loisirs\/1227455300116915\/la-maison-de-jean-giono-reprend-vie-a-manosque-avant-une-reouverture-au-public-au-printemps-2026\" target=\"_blank\" rel=\"noopener\">Jean Giono<\/a> avec des moments forts de rencontres, mais aussi le fabuleux Ren\u00e9 Fr\u00e9gni qui est d\u00e9sormais un fid\u00e8le du salon. Christian Astolfi, Alain Cadeo, Jean-Paul Delfino, Sylvana Lorens nous ont fait aussi l\u2019honneur de leur pr\u00e9sence pour plusieurs \u00e9ditions.\u00a0\u00bb<\/p>\n<p>Un salon \u00e0 succ\u00e8s<\/p>\n<p>Deux personnalit\u00e9s diff\u00e9rentes mais ayant en commun une sensibilit\u00e9 et un c\u0153ur \u00e9norme de g\u00e9n\u00e9rosit\u00e9 ont aussi contribu\u00e9 au succ\u00e8s du salon, \u00ab\u00a0la merveilleuse Zize pour la 6e \u00e9dition et enfin <a href=\"https:\/\/www.laprovence.com\/article\/region\/1688336470759314\/boris-cyrulnik-invite-dhonneur-du-salon-du-livre-de-ceyreste\" target=\"_blank\" rel=\"noopener\">le grand Boris Cyrulnik<\/a> l\u2019an dernier. Un monde fou a r\u00e9pondu pour venir assister \u00e0 sa conf\u00e9rence\u00a0! Cette ann\u00e9e va \u00eatre encore riche avec notre parrain Vincent Fernandel, et notre invit\u00e9 d\u2019honneur, Christophe Licata, mais je dois souligner que j\u2019aurais une pens\u00e9e particuli\u00e8re et pleine d\u2019amour pour mon p&#8230;<\/p>\n","protected":false},"excerpt":{"rendered":"Depuis 10\u00a0ans, l\u2019association Des mots, des livres &#8211; qui organise le Salon du livre &#8211; et sa chaleureuse&hellip;\n","protected":false},"author":2,"featured_media":452086,"comment_status":"","ping_status":"","sticky":false,"template":"","format":"standard","meta":{"footnotes":""},"categories":[1357],"tags":[57778,17,3396,1379,33214,251,58,59,4768,1011,27,2003,1380,6290,2407],"class_list":{"0":"post-452085","1":"post","2":"type-post","3":"status-publish","4":"format-standard","5":"has-post-thumbnail","7":"category-livres","8":"tag-10-ans","9":"tag-17","10":"tag-avec","11":"tag-books","12":"tag-ceyreste","13":"tag-culture","14":"tag-divertissement","15":"tag-entertainment","16":"tag-fete","17":"tag-fr","18":"tag-france","19":"tag-livre","20":"tag-livres","21":"tag-salon","22":"tag-ses"},"share_on_mastodon":{"url":"https:\/\/pubeurope.com\/@fr\/115348966243808283","error":""},"_links":{"self":[{"href":"https:\/\/www.europesays.com\/fr\/wp-json\/wp\/v2\/posts\/452085","targetHints":{"allow":["GET"]}}],"collection":[{"href":"https:\/\/www.europesays.com\/fr\/wp-json\/wp\/v2\/posts"}],"about":[{"href":"https:\/\/www.europesays.com\/fr\/wp-json\/wp\/v2\/types\/post"}],"author":[{"embeddable":true,"href":"https:\/\/www.europesays.com\/fr\/wp-json\/wp\/v2\/users\/2"}],"replies":[{"embeddable":true,"href":"https:\/\/www.europesays.com\/fr\/wp-json\/wp\/v2\/comments?post=452085"}],"version-history":[{"count":0,"href":"https:\/\/www.europesays.com\/fr\/wp-json\/wp\/v2\/posts\/452085\/revisions"}],"wp:featuredmedia":[{"embeddable":true,"href":"https:\/\/www.europesays.com\/fr\/wp-json\/wp\/v2\/media\/452086"}],"wp:attachment":[{"href":"https:\/\/www.europesays.com\/fr\/wp-json\/wp\/v2\/media?parent=452085"}],"wp:term":[{"taxonomy":"category","embeddable":true,"href":"https:\/\/www.europesays.com\/fr\/wp-json\/wp\/v2\/categories?post=452085"},{"taxonomy":"post_tag","embeddable":true,"href":"https:\/\/www.europesays.com\/fr\/wp-json\/wp\/v2\/tags?post=452085"}],"curies":[{"name":"wp","href":"https:\/\/api.w.org\/{rel}","templated":true}]}}