{"id":452087,"date":"2025-10-10T08:38:08","date_gmt":"2025-10-10T08:38:08","guid":{"rendered":"https:\/\/www.europesays.com\/fr\/452087\/"},"modified":"2025-10-10T08:38:08","modified_gmt":"2025-10-10T08:38:08","slug":"audiences-access-20h-nouveau-record-pour-cyril-hanouna-et-tout-beau-tout-n9uf-sur-w9-quotidien-et-yann-barthes-toujours-devant-sur-tmc-puremedias","status":"publish","type":"post","link":"https:\/\/www.europesays.com\/fr\/452087\/","title":{"rendered":"Audiences access 20h : Nouveau record pour Cyril Hanouna et &quot;Tout beau, tout n9uf&quot; sur W9, &quot;Quotidien&quot; et Yann Barth\u00e8s toujours devant sur TMC &#8211; puremedias"},"content":{"rendered":"<ol>\n<li><a href=\"https:\/\/news.google.com\/rss\/articles\/CBMi-wFBVV95cUxQQ0VkX215Tmh1UkJacHF1bnJHN3BvUkVGajhkRkVoems4bXlyTWpkdEgxSTdUM2JPdVZ5a3BVRWJ0cWJDSU0zdkJMZ241Z25OYkJLek5pRWdQb2FXcWhfS21kZ1B4OXhGY3QzSThxeXhOWklPWVdUcFNrajJaSGpCXzV3ZG12OUx6OXk4MzU0ZzFOa1JseU4xNlNLRHdGVUVKdnM2LXFXZjhKbng5MkNhQkNZLTZMNU14QjRlWm0zNE9XbHpxUWFSTU4yN2FYMFNnNkY0M3hZck5rdVpZNHN4VFU5d282TmN3Skp6MjdwOU5kQkd1enlycDZZOA?oc=5\" target=\"_blank\" rel=\"nofollow noopener\">Audiences access 20h : Nouveau record pour Cyril Hanouna et \u00ab\u00a0Tout beau, tout n9uf\u00a0\u00bb sur W9, \u00ab\u00a0Quotidien\u00a0\u00bb et Yann Barth\u00e8s toujours devant sur TMC<\/a>&nbsp;&nbsp;puremedias<\/li>\n<li><a href=\"https:\/\/news.google.com\/rss\/articles\/CBMilgFBVV95cUxNUzNES0tqQnBCVUo0dnROUWxSd1phbXhVRWFNRjMySDlrd2lmOWVwN2VFM3JnNzJHbW05ZHdPZUM3MlZFdWwwUUJYMU5qTmRsTWlNOHF4Mk9nWlUtczV5VWUtYUxFTWNpTzNqaVZZMlJWN0R4REEzQl9DLWxVclJWRXdObTMzVzJ4eGFuWFllaE5CY1JGUVE?oc=5\" target=\"_blank\" rel=\"nofollow noopener\">Cyril Hanouna fait exploser les compteurs sur W9<\/a>&nbsp;&nbsp;Toutelatele<\/li>\n<li><a href=\"https:\/\/news.google.com\/rss\/articles\/CBMijAJBVV95cUxPS1lLQXhoOVNPVDd2dXh5a01FWlo0UXdPT2Q4My0xTzU3V3Iwa3R5NklxQXFxdmh3VTJlemF0djg0RjJiR0d0TFRtcXIzODZNMDNFN0hVRUZWaG44ZkdpczRwTXRIRW5mcjdnZ3B0S1VUU1hfOHFKcmlKcnVKVTJMbnFYeHhYUV9uWl9SNkMzRURhaW5feHh5ejdJQjNJMWluOERNal9vN3VqVUpzM3FwWXE2RnFxaXIwc2lvNll6UktDWmpFQzVNMkwybkNkdVd1bk5pMk5BYVhqbkthZDBtd2F5YW96Q3pLQi1lRnowWnNlN1ZjYk1Lc1QtYkpPMUxlVkNUMmpBc0ZtNDdM0gGSAkFVX3lxTE83T0lrTDBRWGRndGZ2Z2RtWnFSbkd4V2UxUC0wREFKWENIcUt0YWgxdnp5aEVfdTlJWWZsOFBoVTN1eWR1YmNuUjd0b1VhNFNRcjZ2Zm9jem5NamFVOU1iZmRrSEVpVWV5OHB6Vy1UY2lheVFNZExKcmZKcW5adU5ndkZUSENlZ0Z3S0hoVXdOVkZmWXc0RnQ4LXdQX0NYREhSZDdWcjEzbFBYVXI1MHVqT0JBbVllc245cmgxU0FuN3ZJUjBnQzRNS1BZcTZuN1I5TUdnZDAzMXQtdTJTdFpuNGdTZkVtajIzQkdQSk1uZUxSSjAtZmtqY2RRLTVtSDV4SVpWS2xrb1lSQ1l4MlU2dEE?oc=5\" target=\"_blank\" rel=\"nofollow noopener\">Audiences 20h45: Quel score pour la 3e partie de \u00ab\u00a0Quotidien\u00a0\u00bb sur TMC, avec Vincent Dedienne, et celle de \u00ab\u00a0T&#8230;<\/a>&nbsp;&nbsp;Jean-Marc Morandini<\/li>\n<li><a href=\"https:\/\/news.google.com\/rss\/articles\/CBMixAFBVV95cUxQcGIyc1dPT1RtS0JFSFduUkU1WkJ3SGdJVFRzTUhFZkVqRkk0bHhCdWN1WkpUdnZjakRYVS1wdUNOYWpRZmxkeXF0ajEzZDd5Zk9LM2Y0VFF4dFY2V0hmMXQtOXppbXN3ZlBRWXVubG41b2tpQ1d5cC1seC1WdzFxOEUwQUhEX3NqcVZYQ2QxdHlNdEg2Z29NU0QzZ0dEbW92YlRpcUdoSUE1Um5LaEF2TmFNLWxUdmhQN3l1elVWUWpqS3hU?oc=5\" target=\"_blank\" rel=\"nofollow noopener\">\u00abUn mercato risqu\u00e9 qui s\u2019av\u00e8re payant\u00bb : Cyril Hanouna r\u00e9ussit sa rentr\u00e9e sur la cha\u00eene W9<\/a>&nbsp;&nbsp;Le Figaro<\/li>\n<li><a href=\"https:\/\/news.google.com\/rss\/articles\/CBMikwFBVV95cUxPWkJlNVRmNGduQlY5aTZmWFdhY2NHa2lFbHZveXA0em41M3dBbE9SNTAyQ0RQbTBXY1d2bEdud1NzNG85bWRNSkJvYWsyVkg3VlRmN29jSFVwNUJud1haQmxWanZtcGp5UWVQMTNnVFFyRDR2bTFFMFJXeEJaem4xakllNUx6UnhvaEU3SWhMS2dZdHc?oc=5\" target=\"_blank\" rel=\"nofollow noopener\">RTL plug HD &#8211; Cyril et la famille &#8211; S1 E27 Emission 27<\/a>&nbsp;&nbsp;Pickx.be<\/li>\n<\/ol>\n","protected":false},"excerpt":{"rendered":"Audiences access 20h : Nouveau record pour Cyril Hanouna et \u00ab\u00a0Tout beau, tout n9uf\u00a0\u00bb sur W9, \u00ab\u00a0Quotidien\u00a0\u00bb et&hellip;\n","protected":false},"author":2,"featured_media":395849,"comment_status":"","ping_status":"","sticky":false,"template":"","format":"standard","meta":{"footnotes":""},"categories":[1356],"tags":[58,59,1011,27,252,1364],"class_list":{"0":"post-452087","1":"post","2":"type-post","3":"status-publish","4":"format-standard","5":"has-post-thumbnail","7":"category-television","8":"tag-divertissement","9":"tag-entertainment","10":"tag-fr","11":"tag-france","12":"tag-television","13":"tag-tv"},"share_on_mastodon":{"url":"https:\/\/pubeurope.com\/@fr\/115348970178600649","error":""},"_links":{"self":[{"href":"https:\/\/www.europesays.com\/fr\/wp-json\/wp\/v2\/posts\/452087","targetHints":{"allow":["GET"]}}],"collection":[{"href":"https:\/\/www.europesays.com\/fr\/wp-json\/wp\/v2\/posts"}],"about":[{"href":"https:\/\/www.europesays.com\/fr\/wp-json\/wp\/v2\/types\/post"}],"author":[{"embeddable":true,"href":"https:\/\/www.europesays.com\/fr\/wp-json\/wp\/v2\/users\/2"}],"replies":[{"embeddable":true,"href":"https:\/\/www.europesays.com\/fr\/wp-json\/wp\/v2\/comments?post=452087"}],"version-history":[{"count":0,"href":"https:\/\/www.europesays.com\/fr\/wp-json\/wp\/v2\/posts\/452087\/revisions"}],"wp:featuredmedia":[{"embeddable":true,"href":"https:\/\/www.europesays.com\/fr\/wp-json\/wp\/v2\/media\/395849"}],"wp:attachment":[{"href":"https:\/\/www.europesays.com\/fr\/wp-json\/wp\/v2\/media?parent=452087"}],"wp:term":[{"taxonomy":"category","embeddable":true,"href":"https:\/\/www.europesays.com\/fr\/wp-json\/wp\/v2\/categories?post=452087"},{"taxonomy":"post_tag","embeddable":true,"href":"https:\/\/www.europesays.com\/fr\/wp-json\/wp\/v2\/tags?post=452087"}],"curies":[{"name":"wp","href":"https:\/\/api.w.org\/{rel}","templated":true}]}}