{"id":452090,"date":"2025-10-10T08:41:13","date_gmt":"2025-10-10T08:41:13","guid":{"rendered":"https:\/\/www.europesays.com\/fr\/452090\/"},"modified":"2025-10-10T08:41:13","modified_gmt":"2025-10-10T08:41:13","slug":"figurants-hommes-et-femmes-25-70-ans-constitution-maigre-pour-le-film-dhorreur-kraken-avec-dali-benssalah-et-ophelie-bau","status":"publish","type":"post","link":"https:\/\/www.europesays.com\/fr\/452090\/","title":{"rendered":"Figurants hommes et femmes (25-70 ans) constitution maigre pour le film d&rsquo;horreur \u00ab\u00a0Kraken\u00a0\u00bb avec Dali Benssalah et Oph\u00e9lie Bau"},"content":{"rendered":"<p>R\u00e9alis\u00e9 par Th\u00e9o Jourdain<\/p>\n<p>\ud83c\udf1f AVEC DALI BENSSALAH ET OPH\u00c9LIE BAU<\/p>\n<p><strong>\u00c9galement au casting : Lyes Salem et Sofiane Khammes<\/strong><\/p>\n<p>\ud83c\udfac \u00c0 PROPOS DU PROJET<\/p>\n<p>Plongez dans l\u2019univers sombre et fascinant de \u201cKraken\u201d, un film d\u2019horreur qui s\u2019inscrit dans une ambiance m\u00ealant r\u00e9alisme social et terreur mythologique.<\/p>\n<p>Ce cauchemar visc\u00e9ral et contemporain est ancr\u00e9 dans les bas-fonds d\u2019une cit\u00e9 urbaine fran\u00e7aise o\u00f9 une entit\u00e9 aquatique et tentaculaire se r\u00e9veille dans les r\u00e9seaux souterrains. Entre r\u00e9alisme social et terreur mythologique, \u201cKraken\u201d explore la peur collective et la survie au c\u0153ur d\u2019une communaut\u00e9 laiss\u00e9e pour compte, o\u00f9 le monstre refl\u00e8te la violence du monde moderne.<\/p>\n<p>R\u00e9alis\u00e9 par <strong>Th\u00e9o Jourdain<\/strong>, sur un sc\u00e9nario co\u00e9crit avec Romain Protat et Mohamed Chabane, le casting r\u00e9unit <strong>Dali Benssalah<\/strong> (Les Trois Mousquetaires), <strong>Oph\u00e9lie Bau<\/strong> (Mektoub My Love), <strong>Lyes Salem<\/strong> et <strong>Sofiane Khammes<\/strong>, dans un r\u00e9cit tendu entre cauchemar sensoriel et drame humain.<\/p>\n<p>Le film devrait m\u00ealer effets pratiques et imagerie aquatique dantesque pour une sortie pr\u00e9vue en 2026.<\/p>\n<p>\ud83d\udc65 PROFILS RECHERCH\u00c9S \u2013 FIGURANTS<\/p>\n<p><strong>Profils hommes et femmes :<\/strong><\/p>\n<p>\u2022 \u00c2ge : 25 \u00e0 70 ans<\/p>\n<p>\u2022 <strong>Constitution maigre et\/ou visage marqu\u00e9 (crit\u00e8re important)<\/strong><\/p>\n<p>\u2022 R\u00f4le : Figurants incarnant des toxicomanes<\/p>\n<p>\ud83d\udcc5 PLANNING<\/p>\n<p><strong>Date de tournage :<\/strong> 31 octobre 2025<\/p>\n<p><strong>Lieu :<\/strong> Banlieue parisienne (93)<\/p>\n<p>\ud83d\udcb0 R\u00c9MUN\u00c9RATION<\/p>\n<p>\u2022 107\u20ac brut par jour<\/p>\n<p>\ud83d\udccb MODALIT\u00c9S DE CANDIDATURE<\/p>\n<p><strong>Documents requis :<\/strong><\/p>\n<p>Informations personnelles :<\/p>\n<p>\u2022 Nom et pr\u00e9nom<\/p>\n<p>\u2022 \u00c2ge<\/p>\n<p>\u2022 Num\u00e9ro de t\u00e9l\u00e9phone<\/p>\n<p>\u2022 Ville de r\u00e9sidence<\/p>\n<p>\u2022 Disponibilit\u00e9s entre le 27 et le 31 octobre<\/p>\n<p>Mensurations tr\u00e8s pr\u00e9cises :<\/p>\n<p>\u2022 Taille<\/p>\n<p>\u2022 Tour de t\u00eate<\/p>\n<p>\u2022 Tour de cou<\/p>\n<p>\u2022 Tour de poitrine<\/p>\n<p>\u2022 Tour de taille<\/p>\n<p>\u2022 Pointure<\/p>\n<p>Photos du jour :<\/p>\n<p>\u2022 Portrait de face<\/p>\n<p>\u2022 Portrait de profil<\/p>\n<p>\u2022 Photo de la silhouette enti\u00e8re de face<\/p>\n<p>\u2728 OPPORTUNIT\u00c9 EXCEPTIONNELLE<\/p>\n<p>Participez \u00e0 une aventure cin\u00e9matographique intense et inoubliable aux c\u00f4t\u00e9s de <strong>Dali Benssalah<\/strong> (Les Trois Mousquetaires) et <strong>Oph\u00e9lie Bau<\/strong> (Mektoub My Love).<\/p>\n<p>Un film d\u2019horreur qui promet de marquer les esprits en m\u00ealant r\u00e9alisme social et terreur mythologique dans un d\u00e9cor cauchemardesque o\u00f9 une entit\u00e9 aquatique tentaculaire s\u00e8me la terreur.<\/p>\n","protected":false},"excerpt":{"rendered":"R\u00e9alis\u00e9 par Th\u00e9o Jourdain \ud83c\udf1f AVEC DALI BENSSALAH ET OPH\u00c9LIE BAU \u00c9galement au casting : Lyes Salem et&hellip;\n","protected":false},"author":2,"featured_media":452091,"comment_status":"","ping_status":"","sticky":false,"template":"","format":"standard","meta":{"footnotes":""},"categories":[1354],"tags":[58,59,1346,1011,27,1360],"class_list":{"0":"post-452090","1":"post","2":"type-post","3":"status-publish","4":"format-standard","5":"has-post-thumbnail","7":"category-films","8":"tag-divertissement","9":"tag-entertainment","10":"tag-films","11":"tag-fr","12":"tag-france","13":"tag-movies"},"share_on_mastodon":{"url":"https:\/\/pubeurope.com\/@fr\/115348981947961683","error":""},"_links":{"self":[{"href":"https:\/\/www.europesays.com\/fr\/wp-json\/wp\/v2\/posts\/452090","targetHints":{"allow":["GET"]}}],"collection":[{"href":"https:\/\/www.europesays.com\/fr\/wp-json\/wp\/v2\/posts"}],"about":[{"href":"https:\/\/www.europesays.com\/fr\/wp-json\/wp\/v2\/types\/post"}],"author":[{"embeddable":true,"href":"https:\/\/www.europesays.com\/fr\/wp-json\/wp\/v2\/users\/2"}],"replies":[{"embeddable":true,"href":"https:\/\/www.europesays.com\/fr\/wp-json\/wp\/v2\/comments?post=452090"}],"version-history":[{"count":0,"href":"https:\/\/www.europesays.com\/fr\/wp-json\/wp\/v2\/posts\/452090\/revisions"}],"wp:featuredmedia":[{"embeddable":true,"href":"https:\/\/www.europesays.com\/fr\/wp-json\/wp\/v2\/media\/452091"}],"wp:attachment":[{"href":"https:\/\/www.europesays.com\/fr\/wp-json\/wp\/v2\/media?parent=452090"}],"wp:term":[{"taxonomy":"category","embeddable":true,"href":"https:\/\/www.europesays.com\/fr\/wp-json\/wp\/v2\/categories?post=452090"},{"taxonomy":"post_tag","embeddable":true,"href":"https:\/\/www.europesays.com\/fr\/wp-json\/wp\/v2\/tags?post=452090"}],"curies":[{"name":"wp","href":"https:\/\/api.w.org\/{rel}","templated":true}]}}